{"id":4433,"date":"2017-11-10T10:57:02","date_gmt":"2017-11-10T09:57:02","guid":{"rendered":"https:\/\/vimcar.de\/blog\/?p=4433"},"modified":"2021-08-13T10:22:36","modified_gmt":"2021-08-13T08:22:36","slug":"vom-haus-im-hinterhof-ins-industrie-design-loft-vimcar-zieht-um","status":"publish","type":"post","link":"https:\/\/vimcar.de\/blog\/vom-haus-im-hinterhof-ins-industrie-design-loft-vimcar-zieht-um\/","title":{"rendered":"Vom Haus im Hinterhof ins Industrie-Design Loft: Vimcar zieht um"},"content":{"rendered":"<p><strong>Was als kleines Start-up begann, w\u00e4chst nun schon seit 2014 stetig. Kurz: Vimcar wird erwachsen. Auf mehr Ideen folgten mehr Mitarbeiter und mit mehr Mitarbeitern wird es fr\u00fcher oder sp\u00e4ter Zeit f\u00fcr ein neues B\u00fcro.<\/strong><!--more--><span style=\"font-size: inherit; font-style: inherit; font-weight: inherit; letter-spacing: inherit;\">Im Sommer 2016 begann die Suche nach einer neuen Vimcar-Base und sie sollte doch tats\u00e4chlich ein Jahr lang dauern. Tief im Herzen der famili\u00e4ren und freundlichen Atmosph\u00e4re des Prenzlauer Bergs war uns das bisherige Vimcar-Office ans Herz gewachsen. Jedoch gab es auch einen gravierenden Nachteil: Das Team war seit l\u00e4ngerem durch einen Hinterhof getrennt, Team Tech, Product und Operations im Glashaus im Hinterhof und Team Marketing &amp; Sales in einer ehemaligen Wohnung im Altbaucharme im Vorderhaus mit Blick auf die Kastanienallee. Um alle Teams wieder zu vereinen und neuen Mitarbeitern Platz zu geben, musste diese \u00dcbergangsl\u00f6sung weichen.<\/span><\/p>\n<h2>Es geht nach Kreuzberg<\/h2>\n<p>Gesucht \u2014 gefunden! Ganz so schnell ging es zwar leider nicht, aber nach fast einem Jahr Suche wurden wir f\u00fcndig. Zwei ger\u00e4umige Etagen eines B\u00fcrogeb\u00e4udes mitten im lebhaften Kreuzberg sollten das neue Vimcar-Zuhause werden. Ein Argument von vielen: die 100m\u00b2 Dachterrasse. Nachdem die Entscheidung gefallen war, begann die Planungsphase. Die insgesamt 650 m\u00b2 Fl\u00e4che musste erst einmal in Form gebracht und mit dem Vimcar Spirit versehen werden. Das Projekt Innenarchitektur umfasste neue B\u00f6den, neue Wandfarbe, neue Tische, Regale, mehrere Meetingr\u00e4ume, die K\u00fcche und einen Aufenthaltsraum.<\/p>\n<p>Ganze vier Wochen wurde (neben der eigentlichen Arbeitszeit) die Umgestaltung organisiert und \u00fcberlegt, wie die 80 n\u00f6tigen Boxen, 50 Tische, St\u00fchle und mehr strategisch geschickt von A nach B transportiert werden sollten \u2014 immerhin einmal l\u00e4ngs durch Berlin. Es folgten 4 Tage Schwerstarbeit: 20 Mitarbeiter packten mit an, bauten flei\u00dfig M\u00f6bel auf und packten Kisten aus. P\u00fcnktlich zum November konnte die gesamte Truppe schlie\u00dflich einziehen und die neue Umgebung mit neuer Arbeitsenergie f\u00fcllen. Da zurzeit nur eine Etage in Betrieb genommen wurde, sind alle Teams endlich wieder auf einer Ebene vereint. Die zweite Etage im Erdgeschoss wird derzeit erst einmal untervermietet, um auch in Zukunft unser Wachstum unter Kontrolle zu halten und nicht gleich wieder umziehen zu m\u00fcssen. Der Workflow wird optimiert und von einer neuen Kaffeemaschine angetrieben, laufen wir zur H\u00f6chstleistung auf.<\/p>\n\n\t\t<style type=\"text\/css\">\n\t\t\t#gallery-1 {\n\t\t\t\tmargin: auto;\n\t\t\t}\n\t\t\t#gallery-1 .gallery-item {\n\t\t\t\tfloat: left;\n\t\t\t\tmargin-top: 10px;\n\t\t\t\ttext-align: center;\n\t\t\t\twidth: 33%;\n\t\t\t}\n\t\t\t#gallery-1 img {\n\t\t\t\tborder: 2px solid #cfcfcf;\n\t\t\t}\n\t\t\t#gallery-1 .gallery-caption {\n\t\t\t\tmargin-left: 0;\n\t\t\t}\n\t\t\t\/* see gallery_shortcode() in wp-includes\/media.php *\/\n\t\t<\/style>\n\t\t<div id='gallery-1' class='gallery galleryid-4433 gallery-columns-3 gallery-size-thumbnail'><dl class='gallery-item'>\n\t\t\t<dt class='gallery-icon landscape'>\n\t\t\t\t<a href='https:\/\/vimcar.de\/blog\/img_1024-kleiner\/'><img decoding=\"async\" width=\"150\" height=\"150\" src=\"https:\/\/s3.eu-central-1.amazonaws.com\/blog-media.vimcar.com\/uploads\/2018\/02\/20104759\/IMG_1024-kleiner-150x150.jpg\" class=\"attachment-thumbnail size-thumbnail\" alt=\"Das Vimcar Office vor der Renovierung.\" \/><\/a>\n\t\t\t<\/dt><\/dl><dl class='gallery-item'>\n\t\t\t<dt class='gallery-icon landscape'>\n\t\t\t\t<a href='https:\/\/vimcar.de\/blog\/img_0903-kleiner\/'><img decoding=\"async\" width=\"150\" height=\"150\" src=\"https:\/\/s3.eu-central-1.amazonaws.com\/blog-media.vimcar.com\/uploads\/2018\/02\/20104759\/IMG_0903-kleiner-150x150.jpg\" class=\"attachment-thumbnail size-thumbnail\" alt=\"Meetingraum\" \/><\/a>\n\t\t\t<\/dt><\/dl><dl class='gallery-item'>\n\t\t\t<dt class='gallery-icon landscape'>\n\t\t\t\t<a href='https:\/\/vimcar.de\/blog\/img_1440-kleiner\/'><img decoding=\"async\" width=\"150\" height=\"150\" src=\"https:\/\/s3.eu-central-1.amazonaws.com\/blog-media.vimcar.com\/uploads\/2018\/02\/20104521\/IMG_1440-kleiner-150x150.jpg\" class=\"attachment-thumbnail size-thumbnail\" alt=\"B\u00fcroraum\" \/><\/a>\n\t\t\t<\/dt><\/dl><br style=\"clear: both\" \/><dl class='gallery-item'>\n\t\t\t<dt class='gallery-icon landscape'>\n\t\t\t\t<a href='https:\/\/vimcar.de\/blog\/vimcar_28112017_048-2\/'><img loading=\"lazy\" decoding=\"async\" width=\"150\" height=\"150\" src=\"https:\/\/s3.eu-central-1.amazonaws.com\/blog-media.vimcar.com\/uploads\/2018\/02\/20102641\/VIMCAR_28112017_0481-150x150.jpg\" class=\"attachment-thumbnail size-thumbnail\" alt=\"Eingangsbereich\" \/><\/a>\n\t\t\t<\/dt><\/dl><dl class='gallery-item'>\n\t\t\t<dt class='gallery-icon landscape'>\n\t\t\t\t<a href='https:\/\/vimcar.de\/blog\/img_1056-kleiner\/'><img loading=\"lazy\" decoding=\"async\" width=\"150\" height=\"150\" src=\"https:\/\/s3.eu-central-1.amazonaws.com\/blog-media.vimcar.com\/uploads\/2018\/02\/20104519\/IMG_1056-kleiner-150x150.jpg\" class=\"attachment-thumbnail size-thumbnail\" alt=\"Dachterrasse\" \/><\/a>\n\t\t\t<\/dt><\/dl><dl class='gallery-item'>\n\t\t\t<dt class='gallery-icon landscape'>\n\t\t\t\t<a href='https:\/\/vimcar.de\/blog\/vimcar_28112017_053\/'><img loading=\"lazy\" decoding=\"async\" width=\"150\" height=\"150\" src=\"https:\/\/s3.eu-central-1.amazonaws.com\/blog-media.vimcar.com\/uploads\/2018\/02\/20102636\/VIMCAR_28112017_053-150x150.jpg\" class=\"attachment-thumbnail size-thumbnail\" alt=\"Aquarium\" \/><\/a>\n\t\t\t<\/dt><\/dl><br style=\"clear: both\" \/><dl class='gallery-item'>\n\t\t\t<dt class='gallery-icon portrait'>\n\t\t\t\t<a href='https:\/\/vimcar.de\/blog\/vimcar_28112017_067-kleiner\/'><img loading=\"lazy\" decoding=\"async\" width=\"150\" height=\"150\" src=\"https:\/\/s3.eu-central-1.amazonaws.com\/blog-media.vimcar.com\/uploads\/2018\/02\/20103017\/VIMCAR_28112017_067-kleiner-150x150.jpg\" class=\"attachment-thumbnail size-thumbnail\" alt=\"Lunchpause\" \/><\/a>\n\t\t\t<\/dt><\/dl>\n\t\t\t<br style='clear: both' \/>\n\t\t<\/div>\n\n\n\n<h2 class=\"wp-block-heading\" id=\"h-alles-zum-fahrtenbuch\">Alles zum Fahrtenbuch:<\/h2>\n\n\n\n<ul><li><a href=\"https:\/\/vimcar.de\/boxenstopp\/lexikon\/1-prozent-regelung\/\">1 % Regelung<\/a><\/li><li><a href=\"https:\/\/vimcar.de\/fahrtenbuch\">Fahrtenbuch<\/a><\/li><li><a href=\"https:\/\/vimcar.de\/fahrtenbuch\/apps\">Fahrtenbuch App<\/a><\/li><li><a href=\"https:\/\/vimcar.de\/fahrtenbuch\/firmenwagenrechner\">Firmenwagenrechner<\/a><\/li><li><a href=\"https:\/\/vimcar.de\/fahrtenbuch\/preise\">Fahrtenbuch kaufen<\/a><\/li><li><a href=\"https:\/\/vimcar.de\/fahrtenbuch\/fahrtenbuchsoftware\">Fahrtenbuchsoftware<\/a><\/li><li><a href=\"https:\/\/vimcar.de\/boxenstopp\/ressourcenbereich\/elektronisches-fahrtenbuch-vergleich\/\">Elektronisches Fahrtenbuch Vergleich<\/a><\/li><li><a href=\"https:\/\/vimcar.de\/boxenstopp\/ressourcenbereich\/antrag-korrektur-besteuerung\/\">Antrag auf die Korrektur der Besteuerung des geldwerten Vorteils<\/a><\/li><li><a href=\"https:\/\/vimcar.de\/fahrtenbuch\/vimcar-erfahrungen\">Erfahrungen mit dem Vimcar Fahrtenbuch<\/a><\/li><\/ul>\n\n\n\n<div style=\"height:20px\" aria-hidden=\"true\" class=\"wp-block-spacer\"><\/div>\n\n\n\n<h2 class=\"wp-block-heading\" id=\"h-alles-zum-fuhrparkmanagement\">Alles zum Fuhrparkmanagement:<\/h2>\n\n\n\n<ul><li><a href=\"https:\/\/vimcar.de\/boxenstopp\/fuhrparkmanagement\/\">Fuhrparkmanagement<\/a><\/li><li><a href=\"https:\/\/vimcar.de\/boxenstopp\/blog\/gps-system\/\">GPS System<\/a><\/li><li><a href=\"https:\/\/vimcar.de\/boxenstopp\/ressourcenbereich\/aufgaben-fuhrparkleiter\/\">Fuhrparkmanagement Aufgaben<\/a><\/li><li><a href=\"https:\/\/vimcar.de\/flottenmanagement\">Fuhrparkmanagement Software<\/a><\/li><li><a href=\"https:\/\/vimcar.de\/boxenstopp\/lexikon\/tracking-app\/\">Tracking App<\/a><\/li><li><a href=\"https:\/\/vimcar.de\/flottenmanagement\/fahrzeugortung\">Fahrzeugortung<\/a><\/li><li><a href=\"https:\/\/vimcar.de\/boxenstopp\/lexikon\/geo-tracking\/\">Geo Tracking<\/a><\/li><li><a href=\"https:\/\/vimcar.de\/boxenstopp\/lexikon\/tankkarten\/\">Welche Tankkarte ist die Beste<\/a>? <\/li><li><a href=\"https:\/\/vimcar.de\/boxenstopp\/lexikon\/telematiksystem\/\">Telematiksystem<\/a><\/li><li><a href=\"https:\/\/vimcar.de\/boxenstopp\/lexikon\/gps-ortungssystem\/\">GPS Ortungssystem<\/a><\/li><li><a href=\"https:\/\/vimcar.de\/fahrtenbuch\/vimcar-erfahrungen\">Erfahrungen mit dem Vimcar Fahrtenbuch<\/a><\/li><\/ul>\n","protected":false},"excerpt":{"rendered":"<p>Was als kleines Start-up begann, w\u00e4chst nun schon seit 2014 stetig. Kurz: Vimcar wird erwachsen. Auf mehr Ideen folgten mehr Mitarbeiter und mit mehr Mitarbeitern wird es fr\u00fcher oder sp\u00e4ter Zeit f\u00fcr ein neues B\u00fcro.<\/p>\n","protected":false},"author":1,"featured_media":4438,"comment_status":"open","ping_status":"open","sticky":false,"template":"","format":"standard","meta":{"footnotes":""},"categories":[45],"tags":[],"yoast_head":"<!-- This site is optimized with the Yoast SEO Premium plugin v22.0 (Yoast SEO v22.0) - https:\/\/yoast.com\/wordpress\/plugins\/seo\/ -->\n<title>Vimcar zieht um: Ein Blick ins neue B\u00fcro in Kreuzberg<\/title>\n<meta name=\"description\" content=\"Erfahren Sie jetzt alles zu dem Umzug von Vimcar 2017 in das neue B\u00fcro in Kreuzberg und erhalten einen Einblick in unseren Arbeitsraum.\" \/>\n<meta name=\"robots\" content=\"index, follow, max-snippet:-1, max-image-preview:large, max-video-preview:-1\" \/>\n<link rel=\"canonical\" href=\"https:\/\/vimcar.de\/blog\/vom-haus-im-hinterhof-ins-industrie-design-loft-vimcar-zieht-um\/\" \/>\n<meta property=\"og:locale\" content=\"de_DE\" \/>\n<meta property=\"og:type\" content=\"article\" \/>\n<meta property=\"og:title\" content=\"Vom Haus im Hinterhof ins Industrie-Design Loft: Vimcar zieht um\" \/>\n<meta property=\"og:description\" content=\"Erfahren Sie jetzt alles zu dem Umzug von Vimcar 2017 in das neue B\u00fcro in Kreuzberg und erhalten einen Einblick in unseren Arbeitsraum.\" \/>\n<meta property=\"og:url\" content=\"https:\/\/vimcar.de\/blog\/vom-haus-im-hinterhof-ins-industrie-design-loft-vimcar-zieht-um\/\" \/>\n<meta property=\"og:site_name\" content=\"Vimcar Blog\" \/>\n<meta property=\"article:publisher\" content=\"https:\/\/www.facebook.com\/vimcar\/\" \/>\n<meta property=\"article:published_time\" content=\"2017-11-10T09:57:02+00:00\" \/>\n<meta property=\"article:modified_time\" content=\"2021-08-13T08:22:36+00:00\" \/>\n<meta property=\"og:image\" content=\"https:\/\/s3.eu-central-1.amazonaws.com\/blog-media.vimcar.com\/uploads\/2018\/02\/20102618\/VIMCAR_28112017_060.jpg\" \/>\n\t<meta property=\"og:image:width\" content=\"1250\" \/>\n\t<meta property=\"og:image:height\" content=\"833\" \/>\n\t<meta property=\"og:image:type\" content=\"image\/jpeg\" \/>\n<meta name=\"author\" content=\"admin\" \/>\n<meta name=\"twitter:card\" content=\"summary_large_image\" \/>\n<meta name=\"twitter:creator\" content=\"@goVimcar\" \/>\n<meta name=\"twitter:site\" content=\"@goVimcar\" \/>\n<meta name=\"twitter:label1\" content=\"Verfasst von\" \/>\n\t<meta name=\"twitter:data1\" content=\"admin\" \/>\n\t<meta name=\"twitter:label2\" content=\"Gesch\u00e4tzte Lesezeit\" \/>\n\t<meta name=\"twitter:data2\" content=\"2\u00a0Minuten\" \/>\n<script type=\"application\/ld+json\" class=\"yoast-schema-graph\">{\"@context\":\"https:\/\/schema.org\",\"@graph\":[{\"@type\":\"Article\",\"@id\":\"https:\/\/vimcar.de\/blog\/vom-haus-im-hinterhof-ins-industrie-design-loft-vimcar-zieht-um\/#article\",\"isPartOf\":{\"@id\":\"https:\/\/vimcar.de\/blog\/vom-haus-im-hinterhof-ins-industrie-design-loft-vimcar-zieht-um\/\"},\"author\":{\"name\":\"admin\",\"@id\":\"https:\/\/vimcar.de\/blog\/#\/schema\/person\/2222fc8956155adab2d253ca18ca3fb7\"},\"headline\":\"Vom Haus im Hinterhof ins Industrie-Design Loft: Vimcar zieht um\",\"datePublished\":\"2017-11-10T09:57:02+00:00\",\"dateModified\":\"2021-08-13T08:22:36+00:00\",\"mainEntityOfPage\":{\"@id\":\"https:\/\/vimcar.de\/blog\/vom-haus-im-hinterhof-ins-industrie-design-loft-vimcar-zieht-um\/\"},\"wordCount\":391,\"commentCount\":0,\"publisher\":{\"@id\":\"https:\/\/vimcar.de\/blog\/#organization\"},\"articleSection\":[\"Vimcar News\"],\"inLanguage\":\"de\",\"potentialAction\":[{\"@type\":\"CommentAction\",\"name\":\"Comment\",\"target\":[\"https:\/\/vimcar.de\/blog\/vom-haus-im-hinterhof-ins-industrie-design-loft-vimcar-zieht-um\/#respond\"]}]},{\"@type\":\"WebPage\",\"@id\":\"https:\/\/vimcar.de\/blog\/vom-haus-im-hinterhof-ins-industrie-design-loft-vimcar-zieht-um\/\",\"url\":\"https:\/\/vimcar.de\/blog\/vom-haus-im-hinterhof-ins-industrie-design-loft-vimcar-zieht-um\/\",\"name\":\"Vimcar zieht um: Ein Blick ins neue B\u00fcro in Kreuzberg\",\"isPartOf\":{\"@id\":\"https:\/\/vimcar.de\/blog\/#website\"},\"datePublished\":\"2017-11-10T09:57:02+00:00\",\"dateModified\":\"2021-08-13T08:22:36+00:00\",\"description\":\"Erfahren Sie jetzt alles zu dem Umzug von Vimcar 2017 in das neue B\u00fcro in Kreuzberg und erhalten einen Einblick in unseren Arbeitsraum.\",\"breadcrumb\":{\"@id\":\"https:\/\/vimcar.de\/blog\/vom-haus-im-hinterhof-ins-industrie-design-loft-vimcar-zieht-um\/#breadcrumb\"},\"inLanguage\":\"de\",\"potentialAction\":[{\"@type\":\"ReadAction\",\"target\":[\"https:\/\/vimcar.de\/blog\/vom-haus-im-hinterhof-ins-industrie-design-loft-vimcar-zieht-um\/\"]}]},{\"@type\":\"BreadcrumbList\",\"@id\":\"https:\/\/vimcar.de\/blog\/vom-haus-im-hinterhof-ins-industrie-design-loft-vimcar-zieht-um\/#breadcrumb\",\"itemListElement\":[{\"@type\":\"ListItem\",\"position\":1,\"name\":\"Startseite\",\"item\":\"https:\/\/vimcar.de\/blog\/\"},{\"@type\":\"ListItem\",\"position\":2,\"name\":\"Vom Haus im Hinterhof ins Industrie-Design Loft: Vimcar zieht um\"}]},{\"@type\":\"WebSite\",\"@id\":\"https:\/\/vimcar.de\/blog\/#website\",\"url\":\"https:\/\/vimcar.de\/blog\/\",\"name\":\"Vimcar Blog\",\"description\":\"News &amp; Updates rund um Vimcar\",\"publisher\":{\"@id\":\"https:\/\/vimcar.de\/blog\/#organization\"},\"potentialAction\":[{\"@type\":\"SearchAction\",\"target\":{\"@type\":\"EntryPoint\",\"urlTemplate\":\"https:\/\/vimcar.de\/blog\/?s={search_term_string}\"},\"query-input\":\"required name=search_term_string\"}],\"inLanguage\":\"de\"},{\"@type\":\"Organization\",\"@id\":\"https:\/\/vimcar.de\/blog\/#organization\",\"name\":\"Vimcar\",\"url\":\"https:\/\/vimcar.de\/blog\/\",\"logo\":{\"@type\":\"ImageObject\",\"inLanguage\":\"de\",\"@id\":\"https:\/\/vimcar.de\/blog\/#\/schema\/logo\/image\/\",\"url\":\"https:\/\/blog-media.vimcar.com\/uploads\/2020\/03\/24153105\/Vimcar-Logo.jpg\",\"contentUrl\":\"https:\/\/blog-media.vimcar.com\/uploads\/2020\/03\/24153105\/Vimcar-Logo.jpg\",\"width\":302,\"height\":127,\"caption\":\"Vimcar\"},\"image\":{\"@id\":\"https:\/\/vimcar.de\/blog\/#\/schema\/logo\/image\/\"},\"sameAs\":[\"https:\/\/www.facebook.com\/vimcar\/\",\"https:\/\/twitter.com\/goVimcar\",\"https:\/\/www.instagram.com\/vimcar_official\/?hl=de\",\"https:\/\/www.linkedin.com\/company\/5393114\/admin\/\",\"https:\/\/www.pinterest.de\/vimcar\/\",\"https:\/\/www.youtube.com\/channel\/UCWRajoA7OnWsAw-ezAahZPg\"]},{\"@type\":\"Person\",\"@id\":\"https:\/\/vimcar.de\/blog\/#\/schema\/person\/2222fc8956155adab2d253ca18ca3fb7\",\"name\":\"admin\"}]}<\/script>\n<!-- \/ Yoast SEO Premium plugin. -->","yoast_head_json":{"title":"Vimcar zieht um: Ein Blick ins neue B\u00fcro in Kreuzberg","description":"Erfahren Sie jetzt alles zu dem Umzug von Vimcar 2017 in das neue B\u00fcro in Kreuzberg und erhalten einen Einblick in unseren Arbeitsraum.","robots":{"index":"index","follow":"follow","max-snippet":"max-snippet:-1","max-image-preview":"max-image-preview:large","max-video-preview":"max-video-preview:-1"},"canonical":"https:\/\/vimcar.de\/blog\/vom-haus-im-hinterhof-ins-industrie-design-loft-vimcar-zieht-um\/","og_locale":"de_DE","og_type":"article","og_title":"Vom Haus im Hinterhof ins Industrie-Design Loft: Vimcar zieht um","og_description":"Erfahren Sie jetzt alles zu dem Umzug von Vimcar 2017 in das neue B\u00fcro in Kreuzberg und erhalten einen Einblick in unseren Arbeitsraum.","og_url":"https:\/\/vimcar.de\/blog\/vom-haus-im-hinterhof-ins-industrie-design-loft-vimcar-zieht-um\/","og_site_name":"Vimcar Blog","article_publisher":"https:\/\/www.facebook.com\/vimcar\/","article_published_time":"2017-11-10T09:57:02+00:00","article_modified_time":"2021-08-13T08:22:36+00:00","og_image":[{"width":1250,"height":833,"url":"https:\/\/s3.eu-central-1.amazonaws.com\/blog-media.vimcar.com\/uploads\/2018\/02\/20102618\/VIMCAR_28112017_060.jpg","type":"image\/jpeg"}],"author":"admin","twitter_card":"summary_large_image","twitter_creator":"@goVimcar","twitter_site":"@goVimcar","twitter_misc":{"Verfasst von":"admin","Gesch\u00e4tzte Lesezeit":"2\u00a0Minuten"},"schema":{"@context":"https:\/\/schema.org","@graph":[{"@type":"Article","@id":"https:\/\/vimcar.de\/blog\/vom-haus-im-hinterhof-ins-industrie-design-loft-vimcar-zieht-um\/#article","isPartOf":{"@id":"https:\/\/vimcar.de\/blog\/vom-haus-im-hinterhof-ins-industrie-design-loft-vimcar-zieht-um\/"},"author":{"name":"admin","@id":"https:\/\/vimcar.de\/blog\/#\/schema\/person\/2222fc8956155adab2d253ca18ca3fb7"},"headline":"Vom Haus im Hinterhof ins Industrie-Design Loft: Vimcar zieht um","datePublished":"2017-11-10T09:57:02+00:00","dateModified":"2021-08-13T08:22:36+00:00","mainEntityOfPage":{"@id":"https:\/\/vimcar.de\/blog\/vom-haus-im-hinterhof-ins-industrie-design-loft-vimcar-zieht-um\/"},"wordCount":391,"commentCount":0,"publisher":{"@id":"https:\/\/vimcar.de\/blog\/#organization"},"articleSection":["Vimcar News"],"inLanguage":"de","potentialAction":[{"@type":"CommentAction","name":"Comment","target":["https:\/\/vimcar.de\/blog\/vom-haus-im-hinterhof-ins-industrie-design-loft-vimcar-zieht-um\/#respond"]}]},{"@type":"WebPage","@id":"https:\/\/vimcar.de\/blog\/vom-haus-im-hinterhof-ins-industrie-design-loft-vimcar-zieht-um\/","url":"https:\/\/vimcar.de\/blog\/vom-haus-im-hinterhof-ins-industrie-design-loft-vimcar-zieht-um\/","name":"Vimcar zieht um: Ein Blick ins neue B\u00fcro in Kreuzberg","isPartOf":{"@id":"https:\/\/vimcar.de\/blog\/#website"},"datePublished":"2017-11-10T09:57:02+00:00","dateModified":"2021-08-13T08:22:36+00:00","description":"Erfahren Sie jetzt alles zu dem Umzug von Vimcar 2017 in das neue B\u00fcro in Kreuzberg und erhalten einen Einblick in unseren Arbeitsraum.","breadcrumb":{"@id":"https:\/\/vimcar.de\/blog\/vom-haus-im-hinterhof-ins-industrie-design-loft-vimcar-zieht-um\/#breadcrumb"},"inLanguage":"de","potentialAction":[{"@type":"ReadAction","target":["https:\/\/vimcar.de\/blog\/vom-haus-im-hinterhof-ins-industrie-design-loft-vimcar-zieht-um\/"]}]},{"@type":"BreadcrumbList","@id":"https:\/\/vimcar.de\/blog\/vom-haus-im-hinterhof-ins-industrie-design-loft-vimcar-zieht-um\/#breadcrumb","itemListElement":[{"@type":"ListItem","position":1,"name":"Startseite","item":"https:\/\/vimcar.de\/blog\/"},{"@type":"ListItem","position":2,"name":"Vom Haus im Hinterhof ins Industrie-Design Loft: Vimcar zieht um"}]},{"@type":"WebSite","@id":"https:\/\/vimcar.de\/blog\/#website","url":"https:\/\/vimcar.de\/blog\/","name":"Vimcar Blog","description":"News &amp; Updates rund um Vimcar","publisher":{"@id":"https:\/\/vimcar.de\/blog\/#organization"},"potentialAction":[{"@type":"SearchAction","target":{"@type":"EntryPoint","urlTemplate":"https:\/\/vimcar.de\/blog\/?s={search_term_string}"},"query-input":"required name=search_term_string"}],"inLanguage":"de"},{"@type":"Organization","@id":"https:\/\/vimcar.de\/blog\/#organization","name":"Vimcar","url":"https:\/\/vimcar.de\/blog\/","logo":{"@type":"ImageObject","inLanguage":"de","@id":"https:\/\/vimcar.de\/blog\/#\/schema\/logo\/image\/","url":"https:\/\/blog-media.vimcar.com\/uploads\/2020\/03\/24153105\/Vimcar-Logo.jpg","contentUrl":"https:\/\/blog-media.vimcar.com\/uploads\/2020\/03\/24153105\/Vimcar-Logo.jpg","width":302,"height":127,"caption":"Vimcar"},"image":{"@id":"https:\/\/vimcar.de\/blog\/#\/schema\/logo\/image\/"},"sameAs":["https:\/\/www.facebook.com\/vimcar\/","https:\/\/twitter.com\/goVimcar","https:\/\/www.instagram.com\/vimcar_official\/?hl=de","https:\/\/www.linkedin.com\/company\/5393114\/admin\/","https:\/\/www.pinterest.de\/vimcar\/","https:\/\/www.youtube.com\/channel\/UCWRajoA7OnWsAw-ezAahZPg"]},{"@type":"Person","@id":"https:\/\/vimcar.de\/blog\/#\/schema\/person\/2222fc8956155adab2d253ca18ca3fb7","name":"admin"}]}},"_links":{"self":[{"href":"https:\/\/vimcar.de\/blog\/wp-json\/wp\/v2\/posts\/4433"}],"collection":[{"href":"https:\/\/vimcar.de\/blog\/wp-json\/wp\/v2\/posts"}],"about":[{"href":"https:\/\/vimcar.de\/blog\/wp-json\/wp\/v2\/types\/post"}],"author":[{"embeddable":true,"href":"https:\/\/vimcar.de\/blog\/wp-json\/wp\/v2\/users\/1"}],"replies":[{"embeddable":true,"href":"https:\/\/vimcar.de\/blog\/wp-json\/wp\/v2\/comments?post=4433"}],"version-history":[{"count":0,"href":"https:\/\/vimcar.de\/blog\/wp-json\/wp\/v2\/posts\/4433\/revisions"}],"wp:featuredmedia":[{"embeddable":true,"href":"https:\/\/vimcar.de\/blog\/wp-json\/wp\/v2\/media\/4438"}],"wp:attachment":[{"href":"https:\/\/vimcar.de\/blog\/wp-json\/wp\/v2\/media?parent=4433"}],"wp:term":[{"taxonomy":"category","embeddable":true,"href":"https:\/\/vimcar.de\/blog\/wp-json\/wp\/v2\/categories?post=4433"},{"taxonomy":"post_tag","embeddable":true,"href":"https:\/\/vimcar.de\/blog\/wp-json\/wp\/v2\/tags?post=4433"}],"curies":[{"name":"wp","href":"https:\/\/api.w.org\/{rel}","templated":true}]}}