[{"@context":"https:\/\/schema.org\/","@type":"Article","@id":"https:\/\/vimcar.de\/boxenstopp\/gruender\/gruendung-pflegedienst\/#Article","mainEntityOfPage":"https:\/\/vimcar.de\/boxenstopp\/gruender\/gruendung-pflegedienst\/","headline":"Die Gru\u0308ndung eines Pflegedienstes","name":"Die Gru\u0308ndung eines Pflegedienstes","description":"Sie m\u00f6gen Kunden, die Sie mit einem Lachen empfangen? Und zudem wollten Sie schon immer etwas Soziales im Job machen? Dann d\u00fcrfte die Gr\u00fcndung eines Pflegedienstes die richtige Idee sein. Denn jeder wei\u00df vom Pflegenotstand in den letzten Jahren, der sich aufgrund des Fachkr\u00e4ftemangels langfristig wohl noch verschlimmern d\u00fcrfte. Schon 2030 soll es \u00fcber zwei [&hellip;]","datePublished":"2020-02-28","dateModified":"2021-05-12","author":{"@type":"Person","@id":"https:\/\/vimcar.de\/boxenstopp\/author\/tam\/#Person","name":"Hoang Tam Pham","url":"https:\/\/vimcar.de\/boxenstopp\/author\/tam\/","image":{"@type":"ImageObject","@id":"https:\/\/secure.gravatar.com\/avatar\/952860854fcbe6074255f751b460c68d?s=96&d=mm&r=g","url":"https:\/\/secure.gravatar.com\/avatar\/952860854fcbe6074255f751b460c68d?s=96&d=mm&r=g","height":96,"width":96}},"publisher":{"@type":"Organization","name":"Vimcar GmbH","logo":{"@type":"ImageObject","@id":"http:\/\/vimcar.de\/boxenstopp\/wp-content\/uploads\/2020\/10\/logo-vimcar-boxenstopp.png","url":"http:\/\/vimcar.de\/boxenstopp\/wp-content\/uploads\/2020\/10\/logo-vimcar-boxenstopp.png","width":600,"height":60}},"image":{"@type":"ImageObject","@id":"https:\/\/secure.gravatar.com\/avatar\/?s=300&d=mm&r=g","url":"https:\/\/secure.gravatar.com\/avatar\/?s=300&d=mm&r=g","height":"","width":""},"url":"https:\/\/vimcar.de\/boxenstopp\/gruender\/gruendung-pflegedienst\/"},{"@context":"https:\/\/schema.org","@type":"BreadcrumbList","itemListElement":[{"@type":"ListItem","position":1,"name":"Richtig Gr\u00fcnden: Das 1&#215;1 der Unternehmensgr\u00fcndung","item":"https:\/\/vimcar.de\/boxenstopp\/gruender\/#breadcrumbitem"},{"@type":"ListItem","position":2,"name":"Die Gru\u0308ndung eines Pflegedienstes","item":"https:\/\/vimcar.de\/boxenstopp\/gruender\/gruendung-pflegedienst\/#breadcrumbitem"}]}]