{"id":18336,"date":"2020-12-28T16:34:13","date_gmt":"2020-12-28T15:34:13","guid":{"rendered":"https:\/\/vimcar.de\/boxenstopp\/?p=18336"},"modified":"2024-05-07T12:02:29","modified_gmt":"2024-05-07T10:02:29","slug":"co2-reporting","status":"publish","type":"post","link":"https:\/\/vimcar.de\/boxenstopp\/blog\/co2-reporting\/","title":{"rendered":"CO2 Reporting fu\u0308r Unternehmen: So setzen Sie sich Klimaziele"},"content":{"rendered":"\t\t<div data-elementor-type=\"wp-post\" data-elementor-id=\"18336\" class=\"elementor elementor-18336\" data-elementor-post-type=\"post\">\n\t\t\t\t\t\t<section class=\"elementor-section elementor-top-section elementor-element elementor-element-cc97a3b elementor-section-boxed elementor-section-height-default elementor-section-height-default\" data-id=\"cc97a3b\" data-element_type=\"section\">\n\t\t\t\t\t\t<div class=\"elementor-container elementor-column-gap-default\">\n\t\t\t\t\t<div class=\"elementor-column elementor-col-100 elementor-top-column elementor-element elementor-element-32e130c\" data-id=\"32e130c\" data-element_type=\"column\">\n\t\t\t<div class=\"elementor-widget-wrap elementor-element-populated\">\n\t\t\t\t\t\t<div class=\"elementor-element elementor-element-2b0aa9a elementor-widget elementor-widget-text-editor\" data-id=\"2b0aa9a\" data-element_type=\"widget\" data-widget_type=\"text-editor.default\">\n\t\t\t\t<div class=\"elementor-widget-container\">\n\t\t\t\t\t\t\t<p><em>Unternehmen sollten ihre Klimastrategie klar kommunizieren. Dazu z\u00e4hlt, sich bei CO2-Effizienz und Klimarisiken messbare Ziele zu setzen \u2013 und sie in Strategie und Reportings zu integrieren.<\/em><\/p>\t\t\t\t\t\t<\/div>\n\t\t\t\t<\/div>\n\t\t\t\t<div class=\"elementor-element elementor-element-1d3a462 elementor-widget elementor-widget-heading\" data-id=\"1d3a462\" data-element_type=\"widget\" data-widget_type=\"heading.default\">\n\t\t\t\t<div class=\"elementor-widget-container\">\n\t\t\t<h2 class=\"elementor-heading-title elementor-size-default\">Bedeutung von CO2 Reporting f\u00fcr Betriebe<\/h2>\t\t<\/div>\n\t\t\t\t<\/div>\n\t\t\t\t<div class=\"elementor-element elementor-element-27d0a87 elementor-widget elementor-widget-text-editor\" data-id=\"27d0a87\" data-element_type=\"widget\" data-widget_type=\"text-editor.default\">\n\t\t\t\t<div class=\"elementor-widget-container\">\n\t\t\t\t\t\t\t<p>Selbst das Fernsehen m\u00f6chte sich einen gr\u00fcnen Anstrich geben. Die ARD hatte k\u00fcrzlich betont, wirtschaftlich, sozial und \u00f6kologisch nachhaltiger zu werden. In Bezug auf \u00f6kologisch nachhaltige Filmdrehs verweist der Bericht unter anderem auf den Tatort \u201eMaleficius\u201c, bei dem ressourcenschonende Methoden 43 Prozent CO2-Emissionen gespart haben. Was sich in der Unterhaltungsindustrie etwas wunderlich anh\u00f6rt, ist l\u00e4ngst fester Bestandteil in den meisten Unternehmen.<\/p><p>So nutzt die franz\u00f6sische Transportfirma Fraikin die Ver\u00f6ffentlichung seines Corporate Social Responsibility (CSR) Reports 2019, um auf die Ver\u00e4nderung von Lieferketten aufmerksam zu machen und seine eigenen Nachhaltigkeitsstrategien weiter auszubauen. Laut eigenen Angaben m\u00f6chte Fraikin seine CO2-Emissionen bis 2030 um 31 Prozent reduzieren.<\/p><p>Unternehmen die Brennstoffe und Treibhausgabe in Umlauf geben, sind verpflichtet einen\u00a0<a href=\"https:\/\/vimcar.de\/boxenstopp\/lexikon\/emissionsbericht\/\" target=\"_blank\" rel=\"noopener\">Emissionsbericht<\/a>\u00a0zu erstellen. Auf Basis dieses Berichts werden die Abgaben berechnet, die das Unternehmen f\u00fcr den CO2 Aussto\u00df zahlen m\u00fcssen. Neben dem Emissionsbericht gibt es weitere Berichte und Dokumentationspflichten, die in folgender \u00dcbersicht aufgelistet werden:\u00a0<a href=\"https:\/\/vimcar.de\/boxenstopp\/blog\/co2-uebersicht\/\" target=\"_blank\" rel=\"noopener\">CO2 \u00dcbersicht<\/a>.<\/p>\t\t\t\t\t\t<\/div>\n\t\t\t\t<\/div>\n\t\t\t\t<div class=\"elementor-element elementor-element-445e0cf elementor-widget elementor-widget-heading\" data-id=\"445e0cf\" data-element_type=\"widget\" data-widget_type=\"heading.default\">\n\t\t\t\t<div class=\"elementor-widget-container\">\n\t\t\t<h2 class=\"elementor-heading-title elementor-size-default\">CO2 Reporting immer wichtiger<\/h2>\t\t<\/div>\n\t\t\t\t<\/div>\n\t\t\t\t<div class=\"elementor-element elementor-element-3964c6c elementor-widget elementor-widget-text-editor\" data-id=\"3964c6c\" data-element_type=\"widget\" data-widget_type=\"text-editor.default\">\n\t\t\t\t<div class=\"elementor-widget-container\">\n\t\t\t\t\t\t\t<p>Zur Einhaltung der Ziele des Klimaschutzes hat die Bundesregierung l\u00e4ngst strengere Klimagesetze verabschiedet. Doch was bedeutet das konkret f\u00fcr Unternehmen? F\u00fcr die eigene CO2-Effizienz sollten sich Firmen messbare, konkrete Ziele setzen, damit sie \u00fcber die Erfolge sp\u00e4ter kommunizieren k\u00f6nnen. Die Politik macht es mit der angestrebten Klimaneutralit\u00e4t bis 2050 vor \u2013 und das ist f\u00fcr Unternehmen am Markt bereits seit einigen Jahren zunehmend sp\u00fcrbar geworden.<\/p>\t\t\t\t\t\t<\/div>\n\t\t\t\t<\/div>\n\t\t\t\t<div class=\"elementor-element elementor-element-9d272c8 elementor-widget elementor-widget-heading\" data-id=\"9d272c8\" data-element_type=\"widget\" data-widget_type=\"heading.default\">\n\t\t\t\t<div class=\"elementor-widget-container\">\n\t\t\t<h2 class=\"elementor-heading-title elementor-size-default\">Kunden fordern gr\u00fcnes Unternehmen<\/h2>\t\t<\/div>\n\t\t\t\t<\/div>\n\t\t\t\t<div class=\"elementor-element elementor-element-e44d012 elementor-widget elementor-widget-text-editor\" data-id=\"e44d012\" data-element_type=\"widget\" data-widget_type=\"text-editor.default\">\n\t\t\t\t<div class=\"elementor-widget-container\">\n\t\t\t\t\t\t\t<p>Mittlerweile verlangen Kunden genauso wie Investoren konkrete CO2-Reduktionsziele und Bekenntnisse zum Klimaschutz. Es geht besonders darum, welche Auswirkungen Gesetze und Verpflichtungen auf das Gesch\u00e4ftsmodell sowie den Unternehmenswert haben werden. Die Zeiten, in denen sich Investoren noch mit blo\u00dfen Lippenbekenntnissen abspeisen lie\u00dfen, sind endg\u00fcltig vorbei. Die Bundesregierung fordert bestimmte Unternehmen bereits jetzt auf zu handeln \u2013 und zwar mit ESG-Informationen: Environmental, Social and Governance bezieht sich auf die drei zentralen Faktoren bei der Messung der Nachhaltigkeit und der ethischen Auswirkungen einer Investition in ein Unternehmen.<\/p>\t\t\t\t\t\t<\/div>\n\t\t\t\t<\/div>\n\t\t\t\t<div class=\"elementor-element elementor-element-a0deebb elementor-widget elementor-widget-heading\" data-id=\"a0deebb\" data-element_type=\"widget\" data-widget_type=\"heading.default\">\n\t\t\t\t<div class=\"elementor-widget-container\">\n\t\t\t<h3 class=\"elementor-heading-title elementor-size-default\">\u00dcber 500 Unternehmen m\u00fcssen berichten<\/h3>\t\t<\/div>\n\t\t\t\t<\/div>\n\t\t\t\t<div class=\"elementor-element elementor-element-851c958 elementor-widget elementor-widget-text-editor\" data-id=\"851c958\" data-element_type=\"widget\" data-widget_type=\"text-editor.default\">\n\t\t\t\t<div class=\"elementor-widget-container\">\n\t\t\t\t\t\t\t<p>Von der Richtlinie betroffen sind kapitalmarktorientierte Kapitalgesellschaften sowie Banken und Versicherungen mit mehr als 500 Besch\u00e4ftigten. In Zukunft k\u00f6nnte ein entsprechendes Monitoring in Bezug auf die Zielerreichung auch f\u00fcr KMU zur Pflicht werden \u2013 inklusive m\u00f6glicher Strafzahlungen bei Nichterreichung der Minderungsziele. Ein Handlungsbedarf ist also gerade f\u00fcr Betreiber von Fuhrparks durchaus da.<\/p>\t\t\t\t\t\t<\/div>\n\t\t\t\t<\/div>\n\t\t\t\t<div class=\"elementor-element elementor-element-ca6e5f4 elementor-widget elementor-widget-heading\" data-id=\"ca6e5f4\" data-element_type=\"widget\" data-widget_type=\"heading.default\">\n\t\t\t\t<div class=\"elementor-widget-container\">\n\t\t\t<h2 class=\"elementor-heading-title elementor-size-default\">Handlungsbedarf nach CO2-Reporting w\u00e4chst<\/h2>\t\t<\/div>\n\t\t\t\t<\/div>\n\t\t\t\t<div class=\"elementor-element elementor-element-825a75e elementor-widget elementor-widget-text-editor\" data-id=\"825a75e\" data-element_type=\"widget\" data-widget_type=\"text-editor.default\">\n\t\t\t\t<div class=\"elementor-widget-container\">\n\t\t\t\t\t\t\t<p>Viele Unternehmen haben bislang jedoch zu wenig in Sachen Klimastrategie getan. Anstatt passiv darauf zu warten, bis Gesetzesinitiativen gelten, sollten man CO2-Effizienz und klimaneutrales Wirtschaften aktiv angehen. Dazu m\u00fcssen sich Unternehmen gezielte Fragen stellen:<\/p><ul><li>Wo lassen sich konkrete Reduktionsziele definieren und entsprechende Ma\u00dfnahmen umsetzen?<\/li><li>In welchen Bereichen gibt es die gr\u00f6\u00dften Einsparpotenziale?<\/li><li>Wie l\u00e4sst sich der Unternehmenswert langfristig sichern?<\/li><li>Wie zahlt sich das Umweltengagement auf nicht finanzielle Zielstellungen und den unternehmerischen Zweck aus?<\/li><\/ul>\t\t\t\t\t\t<\/div>\n\t\t\t\t<\/div>\n\t\t\t\t<div class=\"elementor-element elementor-element-330ec2f elementor-widget elementor-widget-heading\" data-id=\"330ec2f\" data-element_type=\"widget\" data-widget_type=\"heading.default\">\n\t\t\t\t<div class=\"elementor-widget-container\">\n\t\t\t<h3 class=\"elementor-heading-title elementor-size-default\">Das geh\u00f6rt ins Reporting<\/h3>\t\t<\/div>\n\t\t\t\t<\/div>\n\t\t\t\t<section class=\"elementor-section elementor-inner-section elementor-element elementor-element-71b6d7f elementor-section-boxed elementor-section-height-default elementor-section-height-default\" data-id=\"71b6d7f\" data-element_type=\"section\">\n\t\t\t\t\t\t<div class=\"elementor-container elementor-column-gap-default\">\n\t\t\t\t\t<div class=\"elementor-column elementor-col-50 elementor-inner-column elementor-element elementor-element-e9227f3\" data-id=\"e9227f3\" data-element_type=\"column\">\n\t\t\t<div class=\"elementor-widget-wrap elementor-element-populated\">\n\t\t\t\t\t\t<div class=\"elementor-element elementor-element-c1b99f6 elementor-widget elementor-widget-text-editor\" data-id=\"c1b99f6\" data-element_type=\"widget\" data-widget_type=\"text-editor.default\">\n\t\t\t\t<div class=\"elementor-widget-container\">\n\t\t\t\t\t\t\t<p>\u00d6kologische Verantwortung geh\u00f6rt zum Kerngesch\u00e4ft wie die unternehmerischen Risiken und Chancen. Das sollte im Reporting deutlich werden. Um das zu dokumentieren, m\u00fcssen CO2-\u00c4quivalente aber auch Steuerungsgr\u00f6\u00dfen implementiert werden. Und das m\u00f6glichst in allen Publikationen \u2013 denn Klima-Kennzahlen flie\u00dfen in s\u00e4mtliche Reporting-Bereiche: Monatliche Berichterstattung, Investitionsrechnungen bis hin zum Jahresabschluss. So k\u00f6nnte man dem Fuhrpark entsprechende CO2-Budgets vorgeben. Ziel einer solchen Ma\u00dfnahme muss es sein, den Ansporn zu entwickeln, den h\u00f6chst m\u00f6glichen Reduktionseffekt zu erzielen.<\/p>\t\t\t\t\t\t<\/div>\n\t\t\t\t<\/div>\n\t\t\t\t<div class=\"elementor-element elementor-element-c8a0ba3 elementor-widget elementor-widget-heading\" data-id=\"c8a0ba3\" data-element_type=\"widget\" data-widget_type=\"heading.default\">\n\t\t\t\t<div class=\"elementor-widget-container\">\n\t\t\t<h2 class=\"elementor-heading-title elementor-size-default\">Investitionen in gr\u00fcne Technologie f\u00f6rdern<\/h2>\t\t<\/div>\n\t\t\t\t<\/div>\n\t\t\t\t<div class=\"elementor-element elementor-element-4fbcb08 elementor-widget elementor-widget-text-editor\" data-id=\"4fbcb08\" data-element_type=\"widget\" data-widget_type=\"text-editor.default\">\n\t\t\t\t<div class=\"elementor-widget-container\">\n\t\t\t\t\t\t\t<p>Der Fuhrpark bietet eine der gr\u00f6\u00dften M\u00f6glichkeiten, direkt auf die CO2-Effizienz einzuwirken. Etwa mit einem auf die Zukunft ausgerichteten E-Fuhrpark, oder der Umr\u00fcstung bestehender Fahrzeuge auf alternative Energiequellen wie Bio-Gas. Das ist dringend notwendig. Denn nur dadurch machen sich die Unternehmen weniger anf\u00e4llig f\u00fcr die Auswirkungen zu erwartender gesetzlicher Rahmenbedingungen der Klimapolitik. Zus\u00e4tzlich sichern sie sich eine nachhaltige Finanzierung und stellen durchs Reporting Anspr\u00fcchen von Kunden, Gesch\u00e4ftspartnern und Investoren nach mehr Transparenz zufrieden. Eine Fuhrparksoftware hilft dabei, die CO2 Emissionen im Fuhrpark zu messen. Dadurch erhalten Betriebe einen \u00dcberblick \u00fcber den tats\u00e4chlichen Verbrauch und k\u00f6nnen Ma\u00dfnahmen zur Umr\u00fcstung festlegen. Gleichzeitig hilft die Software dabei, den Papierverbrauch und durch z. B. Carsharing und Tourenkoordinationen den CO2 Aussto\u00df zu reduzieren.\u00a0<\/p>\t\t\t\t\t\t<\/div>\n\t\t\t\t<\/div>\n\t\t\t\t\t<\/div>\n\t\t<\/div>\n\t\t\t\t<div class=\"elementor-column elementor-col-50 elementor-inner-column elementor-element elementor-element-8cde742\" data-id=\"8cde742\" data-element_type=\"column\">\n\t\t\t<div class=\"elementor-widget-wrap elementor-element-populated\">\n\t\t\t\t\t\t<div class=\"elementor-element elementor-element-5946d87 elementor-widget elementor-widget-image\" data-id=\"5946d87\" data-element_type=\"widget\" data-widget_type=\"image.default\">\n\t\t\t\t<div class=\"elementor-widget-container\">\n\t\t\t\t\t\t\t\t\t\t\t\t\t<img fetchpriority=\"high\" decoding=\"async\" width=\"640\" height=\"960\" src=\"https:\/\/vimcar.de\/boxenstopp\/wp-content\/uploads\/2020\/12\/CO2-Reporting-1.jpg\" class=\"attachment-large size-large wp-image-18558\" alt=\"Elektroauto\" srcset=\"https:\/\/vimcar.de\/boxenstopp\/wp-content\/uploads\/2020\/12\/CO2-Reporting-1.jpg 640w, https:\/\/vimcar.de\/boxenstopp\/wp-content\/uploads\/2020\/12\/CO2-Reporting-1-200x300.jpg 200w, https:\/\/vimcar.de\/boxenstopp\/wp-content\/uploads\/2020\/12\/CO2-Reporting-1-16x24.jpg 16w, https:\/\/vimcar.de\/boxenstopp\/wp-content\/uploads\/2020\/12\/CO2-Reporting-1-24x36.jpg 24w, https:\/\/vimcar.de\/boxenstopp\/wp-content\/uploads\/2020\/12\/CO2-Reporting-1-32x48.jpg 32w\" sizes=\"(max-width: 640px) 100vw, 640px\" \/>\t\t\t\t\t\t\t\t\t\t\t\t\t<\/div>\n\t\t\t\t<\/div>\n\t\t\t\t\t<\/div>\n\t\t<\/div>\n\t\t\t\t\t<\/div>\n\t\t<\/section>\n\t\t\t\t\t<\/div>\n\t\t<\/div>\n\t\t\t\t\t<\/div>\n\t\t<\/section>\n\t\t\t\t<section class=\"elementor-section elementor-top-section elementor-element elementor-element-53ab9de elementor-section-boxed elementor-section-height-default elementor-section-height-default\" data-id=\"53ab9de\" data-element_type=\"section\">\n\t\t\t\t\t\t<div class=\"elementor-container elementor-column-gap-default\">\n\t\t\t\t\t<div class=\"elementor-column elementor-col-100 elementor-top-column elementor-element elementor-element-b5dd25c\" data-id=\"b5dd25c\" data-element_type=\"column\">\n\t\t\t<div class=\"elementor-widget-wrap elementor-element-populated\">\n\t\t\t\t\t\t<div class=\"elementor-element elementor-element-49f49f2 elementor-widget elementor-widget-heading\" data-id=\"49f49f2\" data-element_type=\"widget\" data-widget_type=\"heading.default\">\n\t\t\t\t<div class=\"elementor-widget-container\">\n\t\t\t<h2 class=\"elementor-heading-title elementor-size-default\">Alles zum Thema Nachhaltigkeit<\/h2>\t\t<\/div>\n\t\t\t\t<\/div>\n\t\t\t\t<section class=\"elementor-section elementor-inner-section elementor-element elementor-element-e22a6c5 elementor-section-boxed elementor-section-height-default elementor-section-height-default\" data-id=\"e22a6c5\" data-element_type=\"section\">\n\t\t\t\t\t\t<div class=\"elementor-container elementor-column-gap-default\">\n\t\t\t\t\t<div class=\"elementor-column elementor-col-50 elementor-inner-column elementor-element elementor-element-762fafb\" data-id=\"762fafb\" data-element_type=\"column\">\n\t\t\t<div class=\"elementor-widget-wrap elementor-element-populated\">\n\t\t\t\t\t\t<div class=\"elementor-element elementor-element-9170fb5 elementor-widget elementor-widget-text-editor\" data-id=\"9170fb5\" data-element_type=\"widget\" data-widget_type=\"text-editor.default\">\n\t\t\t\t<div class=\"elementor-widget-container\">\n\t\t\t\t\t\t\t<ul><li><a href=\"https:\/\/vimcar.de\/boxenstopp\/blog\/elektrofahrzeuge-im-fuhrpark\/\">Elektroautos im Fuhrpark<\/a><\/li><li><a href=\"https:\/\/vimcar.de\/boxenstopp\/blog\/gps-system\/\">GPS Systeme<\/a><\/li><li><a href=\"https:\/\/vimcar.de\/boxenstopp\/blog\/alternative-antriebe\/\">Alternative Antriebe<\/a><\/li><li><a href=\"https:\/\/vimcar.de\/boxenstopp\/blog\/tipps-nachhaltige-fuhrpark-strategie\/\">Tipps f\u00fcr nachhaltigere Fuhrpark-Strategie<\/a><\/li><li><a href=\"https:\/\/vimcar.de\/boxenstopp\/lexikon\/telematiksystem\/\">Telematiksystem<\/a><\/li><li><a href=\"https:\/\/vimcar.de\/boxenstopp\/lexikon\/gps-ortungssystem\/\">Ortungssysteme<\/a><\/li><li><a href=\"https:\/\/vimcar.de\/boxenstopp\/blog\/mobilitaet-nach-der-krise-was-wird-corona-aendern\/\" target=\"_blank\" rel=\"noopener\">Mobilit\u00e4t in der Krise: Was wird Corona ver\u00e4ndern?<\/a><\/li><li><a href=\"https:\/\/vimcar.de\/boxenstopp\/nachhaltigkeit-im-fuhrpark\/\">Nachhaltigkeit im Fuhrpark<\/a><\/li><li><a href=\"https:\/\/vimcar.de\/boxenstopp\/blog\/dienstraeder-im-fuhrpark\/\">Dienstr\u00e4der im Fuhrpark<\/a><\/li><li><a href=\"https:\/\/vimcar.de\/boxenstopp\/lexikon\/ladestation\/\">Ladestation<\/a><\/li><li><a href=\"https:\/\/vimcar.de\/boxenstopp\/lexikon\/mobilitaetshilfenverordnung\/\">Mobilit\u00e4tshilfenverordnung<\/a><\/li><li><a href=\"https:\/\/vimcar.de\/boxenstopp\/blog\/co2-richtlinien-schweiz\/\" target=\"_blank\" rel=\"noopener\">CO2 Richtlinie Schweiz<\/a><\/li><li><a href=\"https:\/\/vimcar.de\/boxenstopp\/lexikon\/co2-aequivalent\/\">CO2 \u00c4quivalent<\/a><\/li><li><a href=\"https:\/\/vimcar.de\/boxenstopp\/blog\/klimabilanz-elektroauto\/\" target=\"_blank\" rel=\"noopener\">Klimabilanz Elektroautos: Sind sie eine klimafreundliche Alternative?<\/a><\/li><li><a href=\"https:\/\/vimcar.de\/boxenstopp\/blog\/kraftfahrzeugsteuergesetz-2021\/\">Kraftfahrzeugsteuergesetz \u2013 Das \u00e4ndert sich 2021<\/a><\/li><\/ul>\t\t\t\t\t\t<\/div>\n\t\t\t\t<\/div>\n\t\t\t\t\t<\/div>\n\t\t<\/div>\n\t\t\t\t<div class=\"elementor-column elementor-col-50 elementor-inner-column elementor-element elementor-element-4a80d5b\" data-id=\"4a80d5b\" data-element_type=\"column\">\n\t\t\t<div class=\"elementor-widget-wrap elementor-element-populated\">\n\t\t\t\t\t\t<div class=\"elementor-element elementor-element-066191b elementor-widget elementor-widget-text-editor\" data-id=\"066191b\" data-element_type=\"widget\" data-widget_type=\"text-editor.default\">\n\t\t\t\t<div class=\"elementor-widget-container\">\n\t\t\t\t\t\t\t<ul>\n<li>Checkliste zur&nbsp;<a href=\"https:\/\/vimcar.de\/boxenstopp\/ressourcenbereich\/checkliste-implementierung-ladeinfrastruktur\/\">Implementierung einer Ladeinfrastruktur<\/a><\/li>\n<li><a href=\"https:\/\/vimcar.de\/boxenstopp\/blog\/foerderungen-fuer-elektrofahrzeuge-im-fuhrpark\/\">F\u00f6rderungen f\u00fcr Elektrofahrzeuge im Fuhrpark<\/a><\/li>\n<li><a href=\"https:\/\/vimcar.de\/boxenstopp\/blog\/firmenwagenversteuerung-elektroautos\/\">Firmenwagenversteuerung von Elektroautos<\/a><\/li>\n<li>Welche&nbsp;<a href=\"https:\/\/vimcar.de\/boxenstopp\/blog\/welche-massnahmen-tragen-zur-umweltschonung-bei-im-fuhrpark\/\">Ma\u00dfnahmen tragen zur Umweltschonung bei im Fuhrpark?<\/a><\/li>\n<li><a href=\"https:\/\/vimcar.de\/boxenstopp\/blog\/outcome-klimapaket\/\">Outcome Klimapaket<\/a><\/li>\n<li><a href=\"https:\/\/vimcar.de\/boxenstopp\/lexikon\/co2-obergrenze-was-gibt-es-zu-beachten\/\">CO2 Obergrenze<\/a><\/li>\n<li><a href=\"https:\/\/vimcar.de\/boxenstopp\/lexikon\/mikromobilitaet\/\">Mikromobilit\u00e4t<\/a><\/li>\n<li><a href=\"https:\/\/vimcar.de\/boxenstopp\/blog\/fuhrpark-der-zukunft\/\">Fuhrpark der Zukunft<\/a><\/li>\n<li><a href=\"https:\/\/vimcar.de\/boxenstopp\/blog\/gefaehrdungsbeurteilung-unterweisung-eautos\/\">Gef\u00e4hrdungsbeurteilung und Fahrerunterweisung bei E-Mobilit\u00e4t<\/a><\/li>\n<li><a href=\"https:\/\/vimcar.de\/boxenstopp\/blog\/co2-bilanz-kosten-sparen\/\" target=\"_blank\" rel=\"noopener\">Gute CO2 Bilanz &amp; Kosten sparen<\/a><\/li>\n<li><a href=\"https:\/\/vimcar.de\/boxenstopp\/blog\/co2-richtlinien-oesterreich\/\" target=\"_blank\" rel=\"noopener\">CO2 Richtlinien in \u00d6sterreich<\/a><\/li>\n<li><a href=\"https:\/\/vimcar.de\/boxenstopp\/blog\/co2-steuer-2021\/\" target=\"_blank\" rel=\"noopener\">CO2 Steuer 2021<\/a><\/li>\n<li><a href=\"https:\/\/vimcar.de\/boxenstopp\/blog\/wallbox-und-co\/\" target=\"_blank\">Wallbox &amp; Co: Das sollte bei einem E-Auto-Lader beachtet werden<\/a><br><\/li>\n<\/ul>\t\t\t\t\t\t<\/div>\n\t\t\t\t<\/div>\n\t\t\t\t\t<\/div>\n\t\t<\/div>\n\t\t\t\t\t<\/div>\n\t\t<\/section>\n\t\t\t\t\t<\/div>\n\t\t<\/div>\n\t\t\t\t\t<\/div>\n\t\t<\/section>\n\t\t\t\t<section class=\"elementor-section elementor-top-section elementor-element elementor-element-19c3a6d elementor-section-boxed elementor-section-height-default elementor-section-height-default\" data-id=\"19c3a6d\" data-element_type=\"section\">\n\t\t\t\t\t\t<div class=\"elementor-container elementor-column-gap-default\">\n\t\t\t\t\t<div class=\"elementor-column elementor-col-100 elementor-top-column elementor-element elementor-element-0dcf711\" data-id=\"0dcf711\" data-element_type=\"column\">\n\t\t\t<div class=\"elementor-widget-wrap elementor-element-populated\">\n\t\t\t\t\t\t<div class=\"elementor-element elementor-element-40003c3 elementor-share-buttons--view-icon elementor-share-buttons--skin-minimal elementor-share-buttons--color-custom elementor-share-buttons--shape-square elementor-grid-0 elementor-widget elementor-widget-global elementor-global-9354 elementor-widget-share-buttons\" data-id=\"40003c3\" data-element_type=\"widget\" data-widget_type=\"share-buttons.default\">\n\t\t\t\t<div class=\"elementor-widget-container\">\n\t\t\t\t\t<div class=\"elementor-grid\">\n\t\t\t\t\t\t\t\t<div class=\"elementor-grid-item\">\n\t\t\t\t\t\t<div\n\t\t\t\t\t\t\tclass=\"elementor-share-btn elementor-share-btn_facebook\"\n\t\t\t\t\t\t\trole=\"button\"\n\t\t\t\t\t\t\ttabindex=\"0\"\n\t\t\t\t\t\t\taria-label=\"Teilen auf facebook\"\n\t\t\t\t\t\t>\n\t\t\t\t\t\t\t\t\t\t\t\t\t\t\t<span class=\"elementor-share-btn__icon\">\n\t\t\t\t\t\t\t\t<svg class=\"e-font-icon-svg e-fab-facebook\" viewBox=\"0 0 512 512\" xmlns=\"http:\/\/www.w3.org\/2000\/svg\"><path d=\"M504 256C504 119 393 8 256 8S8 119 8 256c0 123.78 90.69 226.38 209.25 245V327.69h-63V256h63v-54.64c0-62.15 37-96.48 93.67-96.48 27.14 0 55.52 4.84 55.52 4.84v61h-31.28c-30.8 0-40.41 19.12-40.41 38.73V256h68.78l-11 71.69h-57.78V501C413.31 482.38 504 379.78 504 256z\"><\/path><\/svg>\t\t\t\t\t\t\t<\/span>\n\t\t\t\t\t\t\t\t\t\t\t\t\t\t\t\t\t\t\t\t<\/div>\n\t\t\t\t\t<\/div>\n\t\t\t\t\t\t\t\t\t<div class=\"elementor-grid-item\">\n\t\t\t\t\t\t<div\n\t\t\t\t\t\t\tclass=\"elementor-share-btn elementor-share-btn_twitter\"\n\t\t\t\t\t\t\trole=\"button\"\n\t\t\t\t\t\t\ttabindex=\"0\"\n\t\t\t\t\t\t\taria-label=\"Teilen auf twitter\"\n\t\t\t\t\t\t>\n\t\t\t\t\t\t\t\t\t\t\t\t\t\t\t<span class=\"elementor-share-btn__icon\">\n\t\t\t\t\t\t\t\t<svg class=\"e-font-icon-svg e-fab-twitter\" viewBox=\"0 0 512 512\" xmlns=\"http:\/\/www.w3.org\/2000\/svg\"><path d=\"M459.37 151.716c.325 4.548.325 9.097.325 13.645 0 138.72-105.583 298.558-298.558 298.558-59.452 0-114.68-17.219-161.137-47.106 8.447.974 16.568 1.299 25.34 1.299 49.055 0 94.213-16.568 130.274-44.832-46.132-.975-84.792-31.188-98.112-72.772 6.498.974 12.995 1.624 19.818 1.624 9.421 0 18.843-1.3 27.614-3.573-48.081-9.747-84.143-51.98-84.143-102.985v-1.299c13.969 7.797 30.214 12.67 47.431 13.319-28.264-18.843-46.781-51.005-46.781-87.391 0-19.492 5.197-37.36 14.294-52.954 51.655 63.675 129.3 105.258 216.365 109.807-1.624-7.797-2.599-15.918-2.599-24.04 0-57.828 46.782-104.934 104.934-104.934 30.213 0 57.502 12.67 76.67 33.137 23.715-4.548 46.456-13.32 66.599-25.34-7.798 24.366-24.366 44.833-46.132 57.827 21.117-2.273 41.584-8.122 60.426-16.243-14.292 20.791-32.161 39.308-52.628 54.253z\"><\/path><\/svg>\t\t\t\t\t\t\t<\/span>\n\t\t\t\t\t\t\t\t\t\t\t\t\t\t\t\t\t\t\t\t<\/div>\n\t\t\t\t\t<\/div>\n\t\t\t\t\t\t\t\t\t<div class=\"elementor-grid-item\">\n\t\t\t\t\t\t<div\n\t\t\t\t\t\t\tclass=\"elementor-share-btn elementor-share-btn_linkedin\"\n\t\t\t\t\t\t\trole=\"button\"\n\t\t\t\t\t\t\ttabindex=\"0\"\n\t\t\t\t\t\t\taria-label=\"Teilen auf linkedin\"\n\t\t\t\t\t\t>\n\t\t\t\t\t\t\t\t\t\t\t\t\t\t\t<span class=\"elementor-share-btn__icon\">\n\t\t\t\t\t\t\t\t<svg class=\"e-font-icon-svg e-fab-linkedin\" viewBox=\"0 0 448 512\" xmlns=\"http:\/\/www.w3.org\/2000\/svg\"><path d=\"M416 32H31.9C14.3 32 0 46.5 0 64.3v383.4C0 465.5 14.3 480 31.9 480H416c17.6 0 32-14.5 32-32.3V64.3c0-17.8-14.4-32.3-32-32.3zM135.4 416H69V202.2h66.5V416zm-33.2-243c-21.3 0-38.5-17.3-38.5-38.5S80.9 96 102.2 96c21.2 0 38.5 17.3 38.5 38.5 0 21.3-17.2 38.5-38.5 38.5zm282.1 243h-66.4V312c0-24.8-.5-56.7-34.5-56.7-34.6 0-39.9 27-39.9 54.9V416h-66.4V202.2h63.7v29.2h.9c8.9-16.8 30.6-34.5 62.9-34.5 67.2 0 79.7 44.3 79.7 101.9V416z\"><\/path><\/svg>\t\t\t\t\t\t\t<\/span>\n\t\t\t\t\t\t\t\t\t\t\t\t\t\t\t\t\t\t\t\t<\/div>\n\t\t\t\t\t<\/div>\n\t\t\t\t\t\t\t\t\t<div class=\"elementor-grid-item\">\n\t\t\t\t\t\t<div\n\t\t\t\t\t\t\tclass=\"elementor-share-btn elementor-share-btn_pinterest\"\n\t\t\t\t\t\t\trole=\"button\"\n\t\t\t\t\t\t\ttabindex=\"0\"\n\t\t\t\t\t\t\taria-label=\"Teilen auf pinterest\"\n\t\t\t\t\t\t>\n\t\t\t\t\t\t\t\t\t\t\t\t\t\t\t<span class=\"elementor-share-btn__icon\">\n\t\t\t\t\t\t\t\t<svg class=\"e-font-icon-svg e-fab-pinterest\" viewBox=\"0 0 496 512\" xmlns=\"http:\/\/www.w3.org\/2000\/svg\"><path d=\"M496 256c0 137-111 248-248 248-25.6 0-50.2-3.9-73.4-11.1 10.1-16.5 25.2-43.5 30.8-65 3-11.6 15.4-59 15.4-59 8.1 15.4 31.7 28.5 56.8 28.5 74.8 0 128.7-68.8 128.7-154.3 0-81.9-66.9-143.2-152.9-143.2-107 0-163.9 71.8-163.9 150.1 0 36.4 19.4 81.7 50.3 96.1 4.7 2.2 7.2 1.2 8.3-3.3.8-3.4 5-20.3 6.9-28.1.6-2.5.3-4.7-1.7-7.1-10.1-12.5-18.3-35.3-18.3-56.6 0-54.7 41.4-107.6 112-107.6 60.9 0 103.6 41.5 103.6 100.9 0 67.1-33.9 113.6-78 113.6-24.3 0-42.6-20.1-36.7-44.8 7-29.5 20.5-61.3 20.5-82.6 0-19-10.2-34.9-31.4-34.9-24.9 0-44.9 25.7-44.9 60.2 0 22 7.4 36.8 7.4 36.8s-24.5 103.8-29 123.2c-5 21.4-3 51.6-.9 71.2C65.4 450.9 0 361.1 0 256 0 119 111 8 248 8s248 111 248 248z\"><\/path><\/svg>\t\t\t\t\t\t\t<\/span>\n\t\t\t\t\t\t\t\t\t\t\t\t\t\t\t\t\t\t\t\t<\/div>\n\t\t\t\t\t<\/div>\n\t\t\t\t\t\t<\/div>\n\t\t\t\t<\/div>\n\t\t\t\t<\/div>\n\t\t\t\t<div class=\"elementor-element elementor-element-94ad203 elementor-author-box--avatar-yes elementor-author-box--name-yes elementor-author-box--biography-yes elementor-author-box--link-no elementor-widget elementor-widget-author-box\" data-id=\"94ad203\" data-element_type=\"widget\" data-widget_type=\"author-box.default\">\n\t\t\t\t<div class=\"elementor-widget-container\">\n\t\t\t\t\t<div class=\"elementor-author-box\">\n\t\t\t\t\t\t\t<div  class=\"elementor-author-box__avatar\">\n\t\t\t\t\t<img decoding=\"async\" src=\"https:\/\/secure.gravatar.com\/avatar\/952860854fcbe6074255f751b460c68d?s=300&#038;d=mm&#038;r=g\" alt=\"Bild von Hoang Tam Pham\" loading=\"lazy\">\n\t\t\t\t<\/div>\n\t\t\t\n\t\t\t<div class=\"elementor-author-box__text\">\n\t\t\t\t\t\t\t\t\t<div >\n\t\t\t\t\t\t<h4 class=\"elementor-author-box__name\">\n\t\t\t\t\t\t\tHoang Tam Pham\t\t\t\t\t\t<\/h4>\n\t\t\t\t\t<\/div>\n\t\t\t\t\n\t\t\t\t\t\t\t\t\t<div class=\"elementor-author-box__bio\">\n\t\t\t\t\t\t\t\t\t\t\t<\/div>\n\t\t\t\t\n\t\t\t\t\t\t\t<\/div>\n\t\t<\/div>\n\t\t\t\t<\/div>\n\t\t\t\t<\/div>\n\t\t\t\t\t<\/div>\n\t\t<\/div>\n\t\t\t\t\t<\/div>\n\t\t<\/section>\n\t\t\t\t<\/div>\n\t\t","protected":false},"excerpt":{"rendered":"<p>Unternehmen sollten ihre Klimastrategie klar kommunizieren. Dazu z\u00e4hlt, sich bei CO2-Effizienz und Klimarisiken messbare Ziele zu setzen \u2013 und sie in Strategie und Reportings zu integrieren. Bedeutung von CO2 Reporting f\u00fcr Betriebe Selbst das Fernsehen m\u00f6chte sich einen gr\u00fcnen Anstrich geben. Die ARD hatte k\u00fcrzlich betont, wirtschaftlich, sozial und \u00f6kologisch nachhaltiger zu werden. In Bezug [&hellip;]<\/p>\n","protected":false},"author":74,"featured_media":18347,"comment_status":"open","ping_status":"closed","sticky":false,"template":"","format":"standard","meta":{"footnotes":"","mc4wp_mailchimp_campaign":[],"_wp_rev_ctl_limit":""},"categories":[4444,4447],"tags":[5869],"yoast_head":"<!-- This site is optimized with the Yoast SEO Premium plugin v21.5 (Yoast SEO v21.5) - https:\/\/yoast.com\/wordpress\/plugins\/seo\/ -->\n<title>CO2 Reporting - So setzen Unternehmen Klimaziele<\/title>\n<meta name=\"description\" content=\"Ein CO2 Reporting hilft dabei, die Nachhaltigkeit im Betrieb zu f\u00f6rdern. Was ein CO2 Report ist, erfahren Sie hier.\" \/>\n<meta name=\"robots\" content=\"index, follow, max-snippet:-1, max-image-preview:large, max-video-preview:-1\" \/>\n<link rel=\"canonical\" href=\"https:\/\/vimcar.de\/boxenstopp\/blog\/co2-reporting\/\" \/>\n<meta property=\"og:locale\" content=\"de_DE\" \/>\n<meta property=\"og:type\" content=\"article\" \/>\n<meta property=\"og:title\" content=\"CO2 Reporting fu\u0308r Unternehmen: So setzen Sie sich Klimaziele\" \/>\n<meta property=\"og:description\" content=\"Ein CO2 Reporting hilft dabei, die Nachhaltigkeit im Betrieb zu f\u00f6rdern. Was ein CO2 Report ist, erfahren Sie hier.\" \/>\n<meta property=\"og:url\" content=\"https:\/\/vimcar.de\/boxenstopp\/blog\/co2-reporting\/\" \/>\n<meta property=\"og:site_name\" content=\"Vimcar Boxenstopp\" \/>\n<meta property=\"article:publisher\" content=\"https:\/\/www.facebook.com\/vimcar\" \/>\n<meta property=\"article:published_time\" content=\"2020-12-28T15:34:13+00:00\" \/>\n<meta property=\"article:modified_time\" content=\"2024-05-07T10:02:29+00:00\" \/>\n<meta property=\"og:image\" content=\"https:\/\/vimcar.de\/boxenstopp\/wp-content\/uploads\/2020\/12\/CO2-Reporting.jpg\" \/>\n\t<meta property=\"og:image:width\" content=\"640\" \/>\n\t<meta property=\"og:image:height\" content=\"427\" \/>\n\t<meta property=\"og:image:type\" content=\"image\/jpeg\" \/>\n<meta name=\"author\" content=\"Hoang Tam Pham\" \/>\n<meta name=\"twitter:card\" content=\"summary_large_image\" \/>\n<meta name=\"twitter:creator\" content=\"@hoang.tam.pham@vimcar.com\" \/>\n<meta name=\"twitter:site\" content=\"@goVimcar\" \/>\n<meta name=\"twitter:label1\" content=\"Verfasst von\" \/>\n\t<meta name=\"twitter:data1\" content=\"Hoang Tam Pham\" \/>\n\t<meta name=\"twitter:label2\" content=\"Gesch\u00e4tzte Lesezeit\" \/>\n\t<meta name=\"twitter:data2\" content=\"5\u00a0Minuten\" \/>\n<!-- \/ Yoast SEO Premium plugin. -->","yoast_head_json":{"title":"CO2 Reporting - So setzen Unternehmen Klimaziele","description":"Ein CO2 Reporting hilft dabei, die Nachhaltigkeit im Betrieb zu f\u00f6rdern. Was ein CO2 Report ist, erfahren Sie hier.","robots":{"index":"index","follow":"follow","max-snippet":"max-snippet:-1","max-image-preview":"max-image-preview:large","max-video-preview":"max-video-preview:-1"},"canonical":"https:\/\/vimcar.de\/boxenstopp\/blog\/co2-reporting\/","og_locale":"de_DE","og_type":"article","og_title":"CO2 Reporting fu\u0308r Unternehmen: So setzen Sie sich Klimaziele","og_description":"Ein CO2 Reporting hilft dabei, die Nachhaltigkeit im Betrieb zu f\u00f6rdern. Was ein CO2 Report ist, erfahren Sie hier.","og_url":"https:\/\/vimcar.de\/boxenstopp\/blog\/co2-reporting\/","og_site_name":"Vimcar Boxenstopp","article_publisher":"https:\/\/www.facebook.com\/vimcar","article_published_time":"2020-12-28T15:34:13+00:00","article_modified_time":"2024-05-07T10:02:29+00:00","og_image":[{"width":640,"height":427,"url":"https:\/\/vimcar.de\/boxenstopp\/wp-content\/uploads\/2020\/12\/CO2-Reporting.jpg","type":"image\/jpeg"}],"author":"Hoang Tam Pham","twitter_card":"summary_large_image","twitter_creator":"@hoang.tam.pham@vimcar.com","twitter_site":"@goVimcar","twitter_misc":{"Verfasst von":"Hoang Tam Pham","Gesch\u00e4tzte Lesezeit":"5\u00a0Minuten"},"schema":{"@context":"https:\/\/schema.org","@graph":[{"@type":"Article","@id":"https:\/\/vimcar.de\/boxenstopp\/blog\/co2-reporting\/#article","isPartOf":{"@id":"https:\/\/vimcar.de\/boxenstopp\/blog\/co2-reporting\/"},"author":{"name":"Hoang Tam Pham","@id":"https:\/\/vimcar.de\/boxenstopp\/#\/schema\/person\/fd4558e260e57a027c9338c8844b7e97"},"headline":"CO2 Reporting fu\u0308r Unternehmen: So setzen Sie sich Klimaziele","datePublished":"2020-12-28T15:34:13+00:00","dateModified":"2024-05-07T10:02:29+00:00","mainEntityOfPage":{"@id":"https:\/\/vimcar.de\/boxenstopp\/blog\/co2-reporting\/"},"wordCount":865,"commentCount":0,"publisher":{"@id":"https:\/\/vimcar.de\/boxenstopp\/#organization"},"keywords":["CO2"],"articleSection":["Blog","KATEGORIEN"],"inLanguage":"de","potentialAction":[{"@type":"CommentAction","name":"Comment","target":["https:\/\/vimcar.de\/boxenstopp\/blog\/co2-reporting\/#respond"]}]},{"@type":"WebPage","@id":"https:\/\/vimcar.de\/boxenstopp\/blog\/co2-reporting\/","url":"https:\/\/vimcar.de\/boxenstopp\/blog\/co2-reporting\/","name":"CO2 Reporting - So setzen Unternehmen Klimaziele","isPartOf":{"@id":"https:\/\/vimcar.de\/boxenstopp\/#website"},"datePublished":"2020-12-28T15:34:13+00:00","dateModified":"2024-05-07T10:02:29+00:00","description":"Ein CO2 Reporting hilft dabei, die Nachhaltigkeit im Betrieb zu f\u00f6rdern. Was ein CO2 Report ist, erfahren Sie hier.","breadcrumb":{"@id":"https:\/\/vimcar.de\/boxenstopp\/blog\/co2-reporting\/#breadcrumb"},"inLanguage":"de","potentialAction":[{"@type":"ReadAction","target":["https:\/\/vimcar.de\/boxenstopp\/blog\/co2-reporting\/"]}]},{"@type":"BreadcrumbList","@id":"https:\/\/vimcar.de\/boxenstopp\/blog\/co2-reporting\/#breadcrumb","itemListElement":[{"@type":"ListItem","position":1,"name":"Startseite","item":"https:\/\/vimcar.de\/boxenstopp\/"},{"@type":"ListItem","position":2,"name":"CO2 Reporting fu\u0308r Unternehmen: So setzen Sie sich Klimaziele"}]},{"@type":"WebSite","@id":"https:\/\/vimcar.de\/boxenstopp\/#website","url":"https:\/\/vimcar.de\/boxenstopp\/","name":"Vimcar Boxenstopp","description":"- Die Lernplattform f\u00fcr Fuhrparkleiter","publisher":{"@id":"https:\/\/vimcar.de\/boxenstopp\/#organization"},"potentialAction":[{"@type":"SearchAction","target":{"@type":"EntryPoint","urlTemplate":"https:\/\/vimcar.de\/boxenstopp\/?s={search_term_string}"},"query-input":"required name=search_term_string"}],"inLanguage":"de"},{"@type":"Organization","@id":"https:\/\/vimcar.de\/boxenstopp\/#organization","name":"Vimcar Boxenstopp - Fuhrparkwissen","url":"https:\/\/vimcar.de\/boxenstopp\/","logo":{"@type":"ImageObject","inLanguage":"de","@id":"https:\/\/vimcar.de\/boxenstopp\/#\/schema\/logo\/image\/","url":"https:\/\/vimcar.de\/boxenstopp\/wp-content\/uploads\/2020\/10\/logo-vimcar-boxenstopp.png","contentUrl":"https:\/\/vimcar.de\/boxenstopp\/wp-content\/uploads\/2020\/10\/logo-vimcar-boxenstopp.png","width":250,"height":50,"caption":"Vimcar Boxenstopp - Fuhrparkwissen"},"image":{"@id":"https:\/\/vimcar.de\/boxenstopp\/#\/schema\/logo\/image\/"},"sameAs":["https:\/\/www.facebook.com\/vimcar","https:\/\/twitter.com\/goVimcar","https:\/\/www.instagram.com\/vimcar_official\/","https:\/\/de.linkedin.com\/company\/vimcar","https:\/\/www.pinterest.de\/vimcar\/","https:\/\/www.youtube.com\/channel\/UCWRajoA7OnWsAw-ezAahZPg"]},{"@type":"Person","@id":"https:\/\/vimcar.de\/boxenstopp\/#\/schema\/person\/fd4558e260e57a027c9338c8844b7e97","name":"Hoang Tam Pham","sameAs":["https:\/\/www.linkedin.com\/in\/hoang-tam-pham\/","https:\/\/twitter.com\/hoang.tam.pham@vimcar.com"]}]}},"_links":{"self":[{"href":"https:\/\/vimcar.de\/boxenstopp\/wp-json\/wp\/v2\/posts\/18336"}],"collection":[{"href":"https:\/\/vimcar.de\/boxenstopp\/wp-json\/wp\/v2\/posts"}],"about":[{"href":"https:\/\/vimcar.de\/boxenstopp\/wp-json\/wp\/v2\/types\/post"}],"author":[{"embeddable":true,"href":"https:\/\/vimcar.de\/boxenstopp\/wp-json\/wp\/v2\/users\/74"}],"replies":[{"embeddable":true,"href":"https:\/\/vimcar.de\/boxenstopp\/wp-json\/wp\/v2\/comments?post=18336"}],"version-history":[{"count":6,"href":"https:\/\/vimcar.de\/boxenstopp\/wp-json\/wp\/v2\/posts\/18336\/revisions"}],"predecessor-version":[{"id":50833,"href":"https:\/\/vimcar.de\/boxenstopp\/wp-json\/wp\/v2\/posts\/18336\/revisions\/50833"}],"wp:featuredmedia":[{"embeddable":true,"href":"https:\/\/vimcar.de\/boxenstopp\/wp-json\/wp\/v2\/media\/18347"}],"wp:attachment":[{"href":"https:\/\/vimcar.de\/boxenstopp\/wp-json\/wp\/v2\/media?parent=18336"}],"wp:term":[{"taxonomy":"category","embeddable":true,"href":"https:\/\/vimcar.de\/boxenstopp\/wp-json\/wp\/v2\/categories?post=18336"},{"taxonomy":"post_tag","embeddable":true,"href":"https:\/\/vimcar.de\/boxenstopp\/wp-json\/wp\/v2\/tags?post=18336"}],"curies":[{"name":"wp","href":"https:\/\/api.w.org\/{rel}","templated":true}]}}