{"id":21019,"date":"2021-02-18T12:34:50","date_gmt":"2021-02-18T11:34:50","guid":{"rendered":"https:\/\/vimcar.de\/boxenstopp\/?p=21019"},"modified":"2022-03-04T11:14:59","modified_gmt":"2022-03-04T10:14:59","slug":"nachhaltigkeit-hybrid-fahrzeuge","status":"publish","type":"post","link":"https:\/\/vimcar.de\/boxenstopp\/blog\/nachhaltigkeit-hybrid-fahrzeuge\/","title":{"rendered":"Das Hybrid Fahrzeug im Fuhrpark &#8211; Zukunftsmodell oder Mogelpackung?"},"content":{"rendered":"\t\t<div data-elementor-type=\"wp-post\" data-elementor-id=\"21019\" class=\"elementor elementor-21019\" data-elementor-post-type=\"post\">\n\t\t\t\t\t\t<section class=\"elementor-section elementor-top-section elementor-element elementor-element-21424d9 elementor-section-boxed elementor-section-height-default elementor-section-height-default\" data-id=\"21424d9\" data-element_type=\"section\">\n\t\t\t\t\t\t<div class=\"elementor-container elementor-column-gap-default\">\n\t\t\t\t\t<div class=\"elementor-column elementor-col-100 elementor-top-column elementor-element elementor-element-b3248be\" data-id=\"b3248be\" data-element_type=\"column\">\n\t\t\t<div class=\"elementor-widget-wrap elementor-element-populated\">\n\t\t\t\t\t\t<div class=\"elementor-element elementor-element-4b134bb elementor-widget elementor-widget-text-editor\" data-id=\"4b134bb\" data-element_type=\"widget\" data-widget_type=\"text-editor.default\">\n\t\t\t\t<div class=\"elementor-widget-container\">\n\t\t\t\t\t\t\t<p><em><span style=\"font-weight: 400;\">Hybrid-Fahrzeuge boomen und gelten als umweltfreundliche Alternative zum reinen Verbrenner \u2013 vorausgesetzt der Elektromodus wird auch genutzt. Wenn nicht, ist das nicht nur schlecht f\u00fcr das Klima, sondern auch f\u00fcr die Geldb\u00f6rse.<\/span><\/em><\/p><p><span style=\"font-weight: 400;\"><em>\u201eDas Beste aus beiden Welten\u201c \u2013 mit diesem Satz schw\u00e4rmt die Autoindustrie gerne \u00fcber Plug-In-Hybride (PHEV). Klingt ja auch nach einer guten Idee: Hybride fahren elektrisch und auch per Verbrennermotor und verbinden so die emissionsfreie Stromwelt mit der gewohnten Benzinwelt. Dazu kommt, dass die h\u00f6heren Anschaffungskosten seit Juli 2020 mit einer staatlichen F\u00f6rderung bis zu 6.750 Euro subventioniert werden. Doch nur, weil diese Fahrzeuge steuerliche Vorteile mit sich bringen, sollte man nicht \u00fcberst\u00fcrzt den Fuhrpark neu ausrichten Damit sich ein Plug-in Hybride rechnet, m\u00fcssen mehrere Faktoren zusammenspielen. Denn sonst wird aus dem vermeintlich umweltfreundlichen Auto ein Klimas\u00fcnder \u2013 und kommt dem Unternehmen teuer zu stehen.<\/em> <\/span><\/p>\t\t\t\t\t\t<\/div>\n\t\t\t\t<\/div>\n\t\t\t\t\t<\/div>\n\t\t<\/div>\n\t\t\t\t\t<\/div>\n\t\t<\/section>\n\t\t\t\t<section class=\"elementor-section elementor-top-section elementor-element elementor-element-80593af elementor-section-boxed elementor-section-height-default elementor-section-height-default\" data-id=\"80593af\" data-element_type=\"section\">\n\t\t\t\t\t\t<div class=\"elementor-container elementor-column-gap-default\">\n\t\t\t\t\t<div class=\"elementor-column elementor-col-100 elementor-top-column elementor-element elementor-element-db50402\" data-id=\"db50402\" data-element_type=\"column\">\n\t\t\t<div class=\"elementor-widget-wrap elementor-element-populated\">\n\t\t\t\t\t\t<div class=\"elementor-element elementor-element-9fff558 elementor-widget elementor-widget-heading\" data-id=\"9fff558\" data-element_type=\"widget\" data-widget_type=\"heading.default\">\n\t\t\t\t<div class=\"elementor-widget-container\">\n\t\t\t<h2 class=\"elementor-heading-title elementor-size-default\">Hybrid Fahrzeuge boomen<\/h2>\t\t<\/div>\n\t\t\t\t<\/div>\n\t\t\t\t\t<\/div>\n\t\t<\/div>\n\t\t\t\t\t<\/div>\n\t\t<\/section>\n\t\t\t\t<section class=\"elementor-section elementor-top-section elementor-element elementor-element-c14f3d0 elementor-section-boxed elementor-section-height-default elementor-section-height-default\" data-id=\"c14f3d0\" data-element_type=\"section\">\n\t\t\t\t\t\t<div class=\"elementor-container elementor-column-gap-default\">\n\t\t\t\t\t<div class=\"elementor-column elementor-col-100 elementor-top-column elementor-element elementor-element-2c2452e\" data-id=\"2c2452e\" data-element_type=\"column\">\n\t\t\t<div class=\"elementor-widget-wrap elementor-element-populated\">\n\t\t\t\t\t\t<div class=\"elementor-element elementor-element-883b58c elementor-widget elementor-widget-text-editor\" data-id=\"883b58c\" data-element_type=\"widget\" data-widget_type=\"text-editor.default\">\n\t\t\t\t<div class=\"elementor-widget-container\">\n\t\t\t\t\t\t\t<p><span style=\"font-weight: 400;\">Zwischen Januar und September 2020 wurden in Deutschland 105 882 Wagen mit Plug-In-Hybrid-Technik zugelassen, im gesamten Vorjahr waren es nur 45 348. Kein Wunder, neben dem Steuer-Bonus profitiert ein Hybrid-Fahrer von den gleichen Privilegien im Stra\u00dfenverkehr wie reine Elektroautos: Er darf Umweltspuren oder Sonderparkpl\u00e4tze nutzen und w\u00e4hrend des Ladevorgangs kostenlos parken. \u00dcberl\u00e4sst der Arbeitgeber den Dienstwagen seinem Mitarbeiter auch zur privaten Nutzung, muss dieser daf\u00fcr nur 0,5 Prozent des Bruttolistenpreises als geldwerten Vorteil an das Finanzamt abf\u00fchren. F\u00fcr Firmenwagen-Fahrer ergibt sich allein dadurch eine Steuerersparnis im drei- bis vierstelligen Bereich pro Jahr.<\/span><\/p>\t\t\t\t\t\t<\/div>\n\t\t\t\t<\/div>\n\t\t\t\t\t<\/div>\n\t\t<\/div>\n\t\t\t\t\t<\/div>\n\t\t<\/section>\n\t\t\t\t<section class=\"elementor-section elementor-top-section elementor-element elementor-element-2633270 elementor-section-boxed elementor-section-height-default elementor-section-height-default\" data-id=\"2633270\" data-element_type=\"section\">\n\t\t\t\t\t\t<div class=\"elementor-container elementor-column-gap-default\">\n\t\t\t\t\t<div class=\"elementor-column elementor-col-100 elementor-top-column elementor-element elementor-element-9db8826\" data-id=\"9db8826\" data-element_type=\"column\">\n\t\t\t<div class=\"elementor-widget-wrap elementor-element-populated\">\n\t\t\t\t\t\t<div class=\"elementor-element elementor-element-3968dd0 elementor-widget elementor-widget-heading\" data-id=\"3968dd0\" data-element_type=\"widget\" data-widget_type=\"heading.default\">\n\t\t\t\t<div class=\"elementor-widget-container\">\n\t\t\t<h2 class=\"elementor-heading-title elementor-size-default\">Vom Klimaretter zum Umwelts\u00fcnder<\/h2>\t\t<\/div>\n\t\t\t\t<\/div>\n\t\t\t\t<section class=\"elementor-section elementor-inner-section elementor-element elementor-element-03ae22d elementor-section-boxed elementor-section-height-default elementor-section-height-default\" data-id=\"03ae22d\" data-element_type=\"section\">\n\t\t\t\t\t\t<div class=\"elementor-container elementor-column-gap-default\">\n\t\t\t\t\t<div class=\"elementor-column elementor-col-50 elementor-inner-column elementor-element elementor-element-6ad0003\" data-id=\"6ad0003\" data-element_type=\"column\">\n\t\t\t<div class=\"elementor-widget-wrap elementor-element-populated\">\n\t\t\t\t\t\t<div class=\"elementor-element elementor-element-f9b2d8b elementor-widget elementor-widget-text-editor\" data-id=\"f9b2d8b\" data-element_type=\"widget\" data-widget_type=\"text-editor.default\">\n\t\t\t\t<div class=\"elementor-widget-container\">\n\t\t\t\t\t\t\t<p><span style=\"font-weight: 400;\">Das Problem dabei ist: Nur etwa 2,5 Prozent aller im letzten Jahr zugelassenen Hybrid-Wagen schaffen es, eine Strecke von 80 Kilometer elektrisch und ohne Nachladen zu fahren. Alle anderen machen \u2013 vor allem bei k\u00fchler Witterung &#8211; vorher schlapp. Das macht die Handhabung umst\u00e4ndlich, zumal es keinen Anreiz f\u00fcr die Fahrer gibt, auf Strombetrieb\u00a0umzuschalten.\u00a0<\/span><\/p><p><span style=\"font-weight: 400;\">Dabei ist es wichtig, dass die Autos tats\u00e4chlich geladen und im E-Modus gefahren werden. In der Praxis sieht es aber ganz anders aus. Eine <\/span><a href=\"https:\/\/www.isi.fraunhofer.de\/de\/presse\/2020\/presseinfo-16-plug-in-hybridfahrzeuge-verbrauch.html\" target=\"_blank\" rel=\"noopener\"><span style=\"font-weight: 400;\">Studie der Fraunhofer-Gesellschaft<\/span><\/a><span style=\"font-weight: 400;\"> und des \u201eInternational Council on Clean Transportation\u201c fand heraus, dass private Fahrer ihr Hybridfahrzeug nur an drei von vier Tagen laden \u2013 deshalb ist nur 43 Prozent der Fahrleistung elektrisch und der CO2-Aussto\u00df dadurch doppelt so hoch wie auf dem Papier. Werden solche Autos jedoch als Dienstwagen gefahren, dann vervierfacht sich der reale CO2-Aussto\u00df sogar: Sie werden nur zu 18 Prozent im E-Modus\u00a0bewegt.<\/span><\/p>\t\t\t\t\t\t<\/div>\n\t\t\t\t<\/div>\n\t\t\t\t\t<\/div>\n\t\t<\/div>\n\t\t\t\t<div class=\"elementor-column elementor-col-50 elementor-inner-column elementor-element elementor-element-5183de7\" data-id=\"5183de7\" data-element_type=\"column\">\n\t\t\t<div class=\"elementor-widget-wrap elementor-element-populated\">\n\t\t\t\t\t\t<div class=\"elementor-element elementor-element-8142953 elementor-widget elementor-widget-spacer\" data-id=\"8142953\" data-element_type=\"widget\" data-widget_type=\"spacer.default\">\n\t\t\t\t<div class=\"elementor-widget-container\">\n\t\t\t\t\t<div class=\"elementor-spacer\">\n\t\t\t<div class=\"elementor-spacer-inner\"><\/div>\n\t\t<\/div>\n\t\t\t\t<\/div>\n\t\t\t\t<\/div>\n\t\t\t\t<div class=\"elementor-element elementor-element-3874080 elementor-widget elementor-widget-image\" data-id=\"3874080\" data-element_type=\"widget\" data-widget_type=\"image.default\">\n\t\t\t\t<div class=\"elementor-widget-container\">\n\t\t\t\t\t\t\t\t\t\t\t\t\t<img fetchpriority=\"high\" decoding=\"async\" width=\"640\" height=\"360\" src=\"https:\/\/vimcar.de\/boxenstopp\/wp-content\/uploads\/2021\/02\/nachhaltigkeit-plug-in-.jpg\" class=\"attachment-large size-large wp-image-21051\" alt=\"Stromerzeugung\" srcset=\"https:\/\/vimcar.de\/boxenstopp\/wp-content\/uploads\/2021\/02\/nachhaltigkeit-plug-in-.jpg 640w, https:\/\/vimcar.de\/boxenstopp\/wp-content\/uploads\/2021\/02\/nachhaltigkeit-plug-in--300x169.jpg 300w, https:\/\/vimcar.de\/boxenstopp\/wp-content\/uploads\/2021\/02\/nachhaltigkeit-plug-in--24x14.jpg 24w, https:\/\/vimcar.de\/boxenstopp\/wp-content\/uploads\/2021\/02\/nachhaltigkeit-plug-in--36x20.jpg 36w, https:\/\/vimcar.de\/boxenstopp\/wp-content\/uploads\/2021\/02\/nachhaltigkeit-plug-in--48x27.jpg 48w\" sizes=\"(max-width: 640px) 100vw, 640px\" \/>\t\t\t\t\t\t\t\t\t\t\t\t\t<\/div>\n\t\t\t\t<\/div>\n\t\t\t\t\t<\/div>\n\t\t<\/div>\n\t\t\t\t\t<\/div>\n\t\t<\/section>\n\t\t\t\t\t<\/div>\n\t\t<\/div>\n\t\t\t\t\t<\/div>\n\t\t<\/section>\n\t\t\t\t<section class=\"elementor-section elementor-top-section elementor-element elementor-element-2bc535d elementor-section-boxed elementor-section-height-default elementor-section-height-default\" data-id=\"2bc535d\" data-element_type=\"section\">\n\t\t\t\t\t\t<div class=\"elementor-container elementor-column-gap-default\">\n\t\t\t\t\t<div class=\"elementor-column elementor-col-100 elementor-top-column elementor-element elementor-element-dad3f01\" data-id=\"dad3f01\" data-element_type=\"column\">\n\t\t\t<div class=\"elementor-widget-wrap elementor-element-populated\">\n\t\t\t\t\t\t<div class=\"elementor-element elementor-element-c6db72d elementor-widget elementor-widget-text-editor\" data-id=\"c6db72d\" data-element_type=\"widget\" data-widget_type=\"text-editor.default\">\n\t\t\t\t<div class=\"elementor-widget-container\">\n\t\t\t\t\t\t\t<p>Zu einem \u00e4hnlichen Ergebnis kam der europ\u00e4ische Umwelt-Dachverband \u201eTransport &amp; Environment\u201c (T&amp;E),\u00a0<a href=\"https:\/\/www.transportenvironment.org\/press\/potenziell-neuer-emissionsskandal-plug-hybride-nachweislich-umweltsch%C3%A4dlicher-als-behauptet\" target=\"_blank\" rel=\"noopener\">der drei beliebte Plug-in-Hybride im Realbetrieb hat untersuchen lassen<\/a>. Laut T&amp;E lagen die CO2-Emissionen der drei Wagen selbst bei voller Batterie und unter optimalen Testbedingungen um 28 bis 89 Prozent \u00fcber den offiziellen Werten.<\/p>\t\t\t\t\t\t<\/div>\n\t\t\t\t<\/div>\n\t\t\t\t<div class=\"elementor-element elementor-element-25bcf9a elementor-widget elementor-widget-heading\" data-id=\"25bcf9a\" data-element_type=\"widget\" data-widget_type=\"heading.default\">\n\t\t\t\t<div class=\"elementor-widget-container\">\n\t\t\t<h2 class=\"elementor-heading-title elementor-size-default\">Keine typischen Flottenfahrzeuge  <\/h2>\t\t<\/div>\n\t\t\t\t<\/div>\n\t\t\t\t<div class=\"elementor-element elementor-element-1382fd6 elementor-widget elementor-widget-text-editor\" data-id=\"1382fd6\" data-element_type=\"widget\" data-widget_type=\"text-editor.default\">\n\t\t\t\t<div class=\"elementor-widget-container\">\n\t\t\t\t\t\t\t<p><span style=\"font-weight: 400;\">Also alles nur Etikettenschwindel? Auch der Bundesverband Fuhrparkmanagement (BVF) zeigt sich kritisch. BVF-Gesch\u00e4ftsf\u00fchrer Axel Sch\u00e4fer moniert, dass Plug-In-Hybride die Nachfrage nach echten umweltschonenden Alternativen wie vollelektrischen Fahrzeugen ausbremsen. Laut Sch\u00e4fer seien Plug-in Hybride keine typischen Flottenfahrzeuge. Gerade bei h\u00e4ufigen Langstreckeneins\u00e4tzen und einem vermehrten Einsatz des Verbrenners liege der Kraftstoffverbrauch eines Hybridautos h\u00f6her als bei einem konventionell angetriebenen Verbrenner-Fahrzeug. Was nicht nur f\u00fcr eine schlechtere CO2-Bilanz sorgt, sondern dem Unternehmen am Ende auch noch teuer zu stehen kommt. <\/span><\/p>\t\t\t\t\t\t<\/div>\n\t\t\t\t<\/div>\n\t\t\t\t\t<\/div>\n\t\t<\/div>\n\t\t\t\t\t<\/div>\n\t\t<\/section>\n\t\t\t\t<section class=\"elementor-section elementor-top-section elementor-element elementor-element-fa6f719 elementor-section-boxed elementor-section-height-default elementor-section-height-default\" data-id=\"fa6f719\" data-element_type=\"section\">\n\t\t\t\t\t\t<div class=\"elementor-container elementor-column-gap-default\">\n\t\t\t\t\t<div class=\"elementor-column elementor-col-100 elementor-top-column elementor-element elementor-element-c826f44\" data-id=\"c826f44\" data-element_type=\"column\">\n\t\t\t<div class=\"elementor-widget-wrap elementor-element-populated\">\n\t\t\t\t\t\t<div class=\"elementor-element elementor-element-04c0a06 elementor-widget elementor-widget-heading\" data-id=\"04c0a06\" data-element_type=\"widget\" data-widget_type=\"heading.default\">\n\t\t\t\t<div class=\"elementor-widget-container\">\n\t\t\t<h2 class=\"elementor-heading-title elementor-size-default\">Ist die richtige Infrastruktur vorhanden? <\/h2>\t\t<\/div>\n\t\t\t\t<\/div>\n\t\t\t\t<div class=\"elementor-element elementor-element-1def41a elementor-widget elementor-widget-text-editor\" data-id=\"1def41a\" data-element_type=\"widget\" data-widget_type=\"text-editor.default\">\n\t\t\t\t<div class=\"elementor-widget-container\">\n\t\t\t\t\t\t\t<p><span style=\"font-weight: 400;\">Wer Plug-in-Hybride einsetzen m\u00f6chte, sollte den zun\u00e4chst einige Fakten checken. Legt ein Fahrer regelm\u00e4\u00dfig lange Strecken mit dem Dienstwagen zur\u00fcck? Oder hat er zu Hause keine Ladem\u00f6glichkeit? Dann wird er mit dem Stecker-Fahrzeug wahrscheinlich wenig gl\u00fccklich. Auch auf dem Firmengel\u00e4nde sollte es genug Ladestationen f\u00fcr alle geben \u2013 immerhin dauert es bis zu vier Stunden, bis um eine leer gefahrene Batterie wieder voll zu laden.\u00a0\u00a0\u00a0\u00a0<\/span><\/p><p><span style=\"font-weight: 400;\">Das Problem bleibt trotzdem: Wie stellt man sicher, dass die Fahrzeuge auch tats\u00e4chlich geladen und im Elektromodus gefahren werden? Ein regelm\u00e4\u00dfiges Reporting kann helfen, dazu eignen sich sowohl die Car Policy als auch die Nutzervereinbarung. Der Dienstwagennutzer muss sich verpflichten, den Plug-in-Hybrid regelm\u00e4\u00dfig zu laden und dies nachzuweisen.<\/span><\/p><p><span style=\"font-weight: 400;\">Eine weitere M\u00f6glichkeit w\u00e4re eine Limitierung der Benzinkosten. Auch die Richtlinie, dass die PHEV-Fahrer eine Ladem\u00f6glichkeit zu Hause schaffen m\u00fcssen, ist sinnvoll. Der Staat hilft dabei: Aktuell gibt es f\u00fcr private Wallboxen von der KfW-Bank 900 Euro Zuschuss. Der Fuhrparkverband hat sich zudem daf\u00fcr eingesetzt, die Innovationspr\u00e4mie an den Stromanteil zu koppeln und den halbierten Satz des geldwerten Vorteils von einer Mindestnutzung des E-Motors abh\u00e4ngig zu machen.\u00a0<\/span><\/p><p><span style=\"font-weight: 400;\">Fast alle dieser Kontroll-Ma\u00dfnahmen bedeuten Mehrarbeit f\u00fcr den Fuhrparkmanager, f\u00fcr die mitunter neue digitale Abrechnungssysteme gebraucht werden. Auch das sollte man bedenken, bevor man sich f\u00fcr den Erwerb eines Plug-In-Hybriden entscheidet. <\/span><\/p>\t\t\t\t\t\t<\/div>\n\t\t\t\t<\/div>\n\t\t\t\t\t<\/div>\n\t\t<\/div>\n\t\t\t\t\t<\/div>\n\t\t<\/section>\n\t\t\t\t<section class=\"elementor-section elementor-top-section elementor-element elementor-element-f0dc9dd elementor-section-boxed elementor-section-height-default elementor-section-height-default\" data-id=\"f0dc9dd\" data-element_type=\"section\">\n\t\t\t\t\t\t<div class=\"elementor-container elementor-column-gap-default\">\n\t\t\t\t\t<div class=\"elementor-column elementor-col-100 elementor-top-column elementor-element elementor-element-61a5cf1\" data-id=\"61a5cf1\" data-element_type=\"column\">\n\t\t\t<div class=\"elementor-widget-wrap elementor-element-populated\">\n\t\t\t\t\t\t<div class=\"elementor-element elementor-element-3299ed4 elementor-widget elementor-widget-heading\" data-id=\"3299ed4\" data-element_type=\"widget\" data-widget_type=\"heading.default\">\n\t\t\t\t<div class=\"elementor-widget-container\">\n\t\t\t<h2 class=\"elementor-heading-title elementor-size-default\">Weitere Artikel zum Thema<\/h2>\t\t<\/div>\n\t\t\t\t<\/div>\n\t\t\t\t\t<\/div>\n\t\t<\/div>\n\t\t\t\t\t<\/div>\n\t\t<\/section>\n\t\t\t\t<section class=\"elementor-section elementor-top-section elementor-element elementor-element-9adad79 elementor-section-boxed elementor-section-height-default elementor-section-height-default\" data-id=\"9adad79\" data-element_type=\"section\">\n\t\t\t\t\t\t<div class=\"elementor-container elementor-column-gap-default\">\n\t\t\t\t\t<div class=\"elementor-column elementor-col-100 elementor-top-column elementor-element elementor-element-627e6b9\" data-id=\"627e6b9\" data-element_type=\"column\">\n\t\t\t<div class=\"elementor-widget-wrap elementor-element-populated\">\n\t\t\t\t\t\t<div class=\"elementor-element elementor-element-90bd1ea elementor-widget elementor-widget-text-editor\" data-id=\"90bd1ea\" data-element_type=\"widget\" data-widget_type=\"text-editor.default\">\n\t\t\t\t<div class=\"elementor-widget-container\">\n\t\t\t\t\t\t\t<ul><li>Checkliste zur <a href=\"https:\/\/vimcar.de\/boxenstopp\/ressourcenbereich\/checkliste-implementierung-ladeinfrastruktur\/\">Implementierung einer Ladeinfrastruktur<\/a><\/li><li><a href=\"https:\/\/vimcar.de\/boxenstopp\/blog\/foerderungen-fuer-elektrofahrzeuge-im-fuhrpark\/\">F\u00f6rderungen f\u00fcr Elektrofahrzeuge im Fuhrpark<\/a><\/li><li><a href=\"https:\/\/vimcar.de\/boxenstopp\/blog\/firmenwagenversteuerung-elektroautos\/\">Firmenwagenversteuerung von Elektroautos<\/a><\/li><li>Welche <a href=\"https:\/\/vimcar.de\/boxenstopp\/blog\/welche-massnahmen-tragen-zur-umweltschonung-bei-im-fuhrpark\/\">Ma\u00dfnahmen tragen zur Umweltschonung bei im Fuhrpark?<\/a><\/li><li><a href=\"https:\/\/vimcar.de\/boxenstopp\/blog\/outcome-klimapaket\/\">Outcome Klimapaket<\/a><\/li><li><a href=\"https:\/\/vimcar.de\/boxenstopp\/lexikon\/co2-obergrenze-was-gibt-es-zu-beachten\/\">CO2 Obergrenze<\/a><\/li><li><a href=\"https:\/\/vimcar.de\/boxenstopp\/lexikon\/mikromobilitaet\/\">Mikromobilit\u00e4t<\/a><\/li><li><a href=\"https:\/\/vimcar.de\/boxenstopp\/blog\/elektrofahrzeuge-im-fuhrpark\/\">Elektroautos im Fuhrpark<\/a><\/li><li><a href=\"https:\/\/vimcar.de\/boxenstopp\/blog\/alternative-antriebe\/\">Alternative Antriebe<\/a><\/li><li><a href=\"https:\/\/vimcar.de\/boxenstopp\/blog\/tipps-nachhaltige-fuhrpark-strategie\/\">Tipps f\u00fcr nachhaltigere Fuhrpark-Strategie<\/a><\/li><li><a href=\"https:\/\/vimcar.de\/boxenstopp\/lexikon\/telematiksystem\/\">Telematiksystem<\/a><\/li><li><a href=\"https:\/\/vimcar.de\/boxenstopp\/lexikon\/lastmanagement\/\" target=\"_blank\" rel=\"noopener\">Lastmanagement<\/a><\/li><li><a href=\"https:\/\/vimcar.de\/boxenstopp\/blog\/elektroautos-firma\/\">Implementierung von Elektroautos in <\/a><a href=\"https:\/\/vimcar.de\/boxenstopp\/blog\/elektroautos-firma\/\">der Firma\u00a0<\/a><\/li><\/ul>\t\t\t\t\t\t<\/div>\n\t\t\t\t<\/div>\n\t\t\t\t\t<\/div>\n\t\t<\/div>\n\t\t\t\t\t<\/div>\n\t\t<\/section>\n\t\t\t\t<section class=\"elementor-section elementor-top-section elementor-element elementor-element-19cdef6 elementor-section-boxed elementor-section-height-default elementor-section-height-default\" data-id=\"19cdef6\" data-element_type=\"section\">\n\t\t\t\t\t\t<div class=\"elementor-container elementor-column-gap-default\">\n\t\t\t\t\t<div class=\"elementor-column elementor-col-100 elementor-top-column elementor-element elementor-element-2f0872b\" data-id=\"2f0872b\" data-element_type=\"column\">\n\t\t\t<div class=\"elementor-widget-wrap elementor-element-populated\">\n\t\t\t\t\t\t<div class=\"elementor-element elementor-element-07c4986 elementor-author-box--avatar-yes elementor-author-box--name-yes elementor-author-box--biography-yes elementor-author-box--link-no elementor-widget elementor-widget-author-box\" data-id=\"07c4986\" data-element_type=\"widget\" data-widget_type=\"author-box.default\">\n\t\t\t\t<div class=\"elementor-widget-container\">\n\t\t\t\t\t<div class=\"elementor-author-box\">\n\t\t\t\t\t\t\t<div  class=\"elementor-author-box__avatar\">\n\t\t\t\t\t<img decoding=\"async\" src=\"https:\/\/secure.gravatar.com\/avatar\/952860854fcbe6074255f751b460c68d?s=300&#038;d=mm&#038;r=g\" alt=\"Bild von Hoang Tam Pham\" loading=\"lazy\">\n\t\t\t\t<\/div>\n\t\t\t\n\t\t\t<div class=\"elementor-author-box__text\">\n\t\t\t\t\t\t\t\t\t<div >\n\t\t\t\t\t\t<h4 class=\"elementor-author-box__name\">\n\t\t\t\t\t\t\tHoang Tam Pham\t\t\t\t\t\t<\/h4>\n\t\t\t\t\t<\/div>\n\t\t\t\t\n\t\t\t\t\t\t\t\t\t<div class=\"elementor-author-box__bio\">\n\t\t\t\t\t\t\t\t\t\t\t<\/div>\n\t\t\t\t\n\t\t\t\t\t\t\t<\/div>\n\t\t<\/div>\n\t\t\t\t<\/div>\n\t\t\t\t<\/div>\n\t\t\t\t<div class=\"elementor-element elementor-element-f9349ba elementor-share-buttons--view-icon elementor-share-buttons--skin-minimal elementor-share-buttons--color-custom elementor-share-buttons--shape-square elementor-grid-0 elementor-widget elementor-widget-global elementor-global-9354 elementor-widget-share-buttons\" data-id=\"f9349ba\" data-element_type=\"widget\" data-widget_type=\"share-buttons.default\">\n\t\t\t\t<div class=\"elementor-widget-container\">\n\t\t\t\t\t<div class=\"elementor-grid\">\n\t\t\t\t\t\t\t\t<div class=\"elementor-grid-item\">\n\t\t\t\t\t\t<div\n\t\t\t\t\t\t\tclass=\"elementor-share-btn elementor-share-btn_facebook\"\n\t\t\t\t\t\t\trole=\"button\"\n\t\t\t\t\t\t\ttabindex=\"0\"\n\t\t\t\t\t\t\taria-label=\"Teilen auf facebook\"\n\t\t\t\t\t\t>\n\t\t\t\t\t\t\t\t\t\t\t\t\t\t\t<span class=\"elementor-share-btn__icon\">\n\t\t\t\t\t\t\t\t<svg class=\"e-font-icon-svg e-fab-facebook\" viewBox=\"0 0 512 512\" xmlns=\"http:\/\/www.w3.org\/2000\/svg\"><path d=\"M504 256C504 119 393 8 256 8S8 119 8 256c0 123.78 90.69 226.38 209.25 245V327.69h-63V256h63v-54.64c0-62.15 37-96.48 93.67-96.48 27.14 0 55.52 4.84 55.52 4.84v61h-31.28c-30.8 0-40.41 19.12-40.41 38.73V256h68.78l-11 71.69h-57.78V501C413.31 482.38 504 379.78 504 256z\"><\/path><\/svg>\t\t\t\t\t\t\t<\/span>\n\t\t\t\t\t\t\t\t\t\t\t\t\t\t\t\t\t\t\t\t<\/div>\n\t\t\t\t\t<\/div>\n\t\t\t\t\t\t\t\t\t<div class=\"elementor-grid-item\">\n\t\t\t\t\t\t<div\n\t\t\t\t\t\t\tclass=\"elementor-share-btn elementor-share-btn_twitter\"\n\t\t\t\t\t\t\trole=\"button\"\n\t\t\t\t\t\t\ttabindex=\"0\"\n\t\t\t\t\t\t\taria-label=\"Teilen auf twitter\"\n\t\t\t\t\t\t>\n\t\t\t\t\t\t\t\t\t\t\t\t\t\t\t<span class=\"elementor-share-btn__icon\">\n\t\t\t\t\t\t\t\t<svg class=\"e-font-icon-svg e-fab-twitter\" viewBox=\"0 0 512 512\" xmlns=\"http:\/\/www.w3.org\/2000\/svg\"><path d=\"M459.37 151.716c.325 4.548.325 9.097.325 13.645 0 138.72-105.583 298.558-298.558 298.558-59.452 0-114.68-17.219-161.137-47.106 8.447.974 16.568 1.299 25.34 1.299 49.055 0 94.213-16.568 130.274-44.832-46.132-.975-84.792-31.188-98.112-72.772 6.498.974 12.995 1.624 19.818 1.624 9.421 0 18.843-1.3 27.614-3.573-48.081-9.747-84.143-51.98-84.143-102.985v-1.299c13.969 7.797 30.214 12.67 47.431 13.319-28.264-18.843-46.781-51.005-46.781-87.391 0-19.492 5.197-37.36 14.294-52.954 51.655 63.675 129.3 105.258 216.365 109.807-1.624-7.797-2.599-15.918-2.599-24.04 0-57.828 46.782-104.934 104.934-104.934 30.213 0 57.502 12.67 76.67 33.137 23.715-4.548 46.456-13.32 66.599-25.34-7.798 24.366-24.366 44.833-46.132 57.827 21.117-2.273 41.584-8.122 60.426-16.243-14.292 20.791-32.161 39.308-52.628 54.253z\"><\/path><\/svg>\t\t\t\t\t\t\t<\/span>\n\t\t\t\t\t\t\t\t\t\t\t\t\t\t\t\t\t\t\t\t<\/div>\n\t\t\t\t\t<\/div>\n\t\t\t\t\t\t\t\t\t<div class=\"elementor-grid-item\">\n\t\t\t\t\t\t<div\n\t\t\t\t\t\t\tclass=\"elementor-share-btn elementor-share-btn_linkedin\"\n\t\t\t\t\t\t\trole=\"button\"\n\t\t\t\t\t\t\ttabindex=\"0\"\n\t\t\t\t\t\t\taria-label=\"Teilen auf linkedin\"\n\t\t\t\t\t\t>\n\t\t\t\t\t\t\t\t\t\t\t\t\t\t\t<span class=\"elementor-share-btn__icon\">\n\t\t\t\t\t\t\t\t<svg class=\"e-font-icon-svg e-fab-linkedin\" viewBox=\"0 0 448 512\" xmlns=\"http:\/\/www.w3.org\/2000\/svg\"><path d=\"M416 32H31.9C14.3 32 0 46.5 0 64.3v383.4C0 465.5 14.3 480 31.9 480H416c17.6 0 32-14.5 32-32.3V64.3c0-17.8-14.4-32.3-32-32.3zM135.4 416H69V202.2h66.5V416zm-33.2-243c-21.3 0-38.5-17.3-38.5-38.5S80.9 96 102.2 96c21.2 0 38.5 17.3 38.5 38.5 0 21.3-17.2 38.5-38.5 38.5zm282.1 243h-66.4V312c0-24.8-.5-56.7-34.5-56.7-34.6 0-39.9 27-39.9 54.9V416h-66.4V202.2h63.7v29.2h.9c8.9-16.8 30.6-34.5 62.9-34.5 67.2 0 79.7 44.3 79.7 101.9V416z\"><\/path><\/svg>\t\t\t\t\t\t\t<\/span>\n\t\t\t\t\t\t\t\t\t\t\t\t\t\t\t\t\t\t\t\t<\/div>\n\t\t\t\t\t<\/div>\n\t\t\t\t\t\t\t\t\t<div class=\"elementor-grid-item\">\n\t\t\t\t\t\t<div\n\t\t\t\t\t\t\tclass=\"elementor-share-btn elementor-share-btn_pinterest\"\n\t\t\t\t\t\t\trole=\"button\"\n\t\t\t\t\t\t\ttabindex=\"0\"\n\t\t\t\t\t\t\taria-label=\"Teilen auf pinterest\"\n\t\t\t\t\t\t>\n\t\t\t\t\t\t\t\t\t\t\t\t\t\t\t<span class=\"elementor-share-btn__icon\">\n\t\t\t\t\t\t\t\t<svg class=\"e-font-icon-svg e-fab-pinterest\" viewBox=\"0 0 496 512\" xmlns=\"http:\/\/www.w3.org\/2000\/svg\"><path d=\"M496 256c0 137-111 248-248 248-25.6 0-50.2-3.9-73.4-11.1 10.1-16.5 25.2-43.5 30.8-65 3-11.6 15.4-59 15.4-59 8.1 15.4 31.7 28.5 56.8 28.5 74.8 0 128.7-68.8 128.7-154.3 0-81.9-66.9-143.2-152.9-143.2-107 0-163.9 71.8-163.9 150.1 0 36.4 19.4 81.7 50.3 96.1 4.7 2.2 7.2 1.2 8.3-3.3.8-3.4 5-20.3 6.9-28.1.6-2.5.3-4.7-1.7-7.1-10.1-12.5-18.3-35.3-18.3-56.6 0-54.7 41.4-107.6 112-107.6 60.9 0 103.6 41.5 103.6 100.9 0 67.1-33.9 113.6-78 113.6-24.3 0-42.6-20.1-36.7-44.8 7-29.5 20.5-61.3 20.5-82.6 0-19-10.2-34.9-31.4-34.9-24.9 0-44.9 25.7-44.9 60.2 0 22 7.4 36.8 7.4 36.8s-24.5 103.8-29 123.2c-5 21.4-3 51.6-.9 71.2C65.4 450.9 0 361.1 0 256 0 119 111 8 248 8s248 111 248 248z\"><\/path><\/svg>\t\t\t\t\t\t\t<\/span>\n\t\t\t\t\t\t\t\t\t\t\t\t\t\t\t\t\t\t\t\t<\/div>\n\t\t\t\t\t<\/div>\n\t\t\t\t\t\t<\/div>\n\t\t\t\t<\/div>\n\t\t\t\t<\/div>\n\t\t\t\t\t<\/div>\n\t\t<\/div>\n\t\t\t\t\t<\/div>\n\t\t<\/section>\n\t\t\t\t<\/div>\n\t\t","protected":false},"excerpt":{"rendered":"<p>Hybrid-Fahrzeuge boomen und gelten als umweltfreundliche Alternative zum reinen Verbrenner \u2013 vorausgesetzt der Elektromodus wird auch genutzt. Wenn nicht, ist das nicht nur schlecht f\u00fcr das Klima, sondern auch f\u00fcr die Geldb\u00f6rse. \u201eDas Beste aus beiden Welten\u201c \u2013 mit diesem Satz schw\u00e4rmt die Autoindustrie gerne \u00fcber Plug-In-Hybride (PHEV). Klingt ja auch nach einer guten Idee: [&hellip;]<\/p>\n","protected":false},"author":74,"featured_media":21031,"comment_status":"open","ping_status":"closed","sticky":false,"template":"","format":"standard","meta":{"footnotes":"","mc4wp_mailchimp_campaign":[],"_wp_rev_ctl_limit":""},"categories":[4444,4447],"tags":[4452],"yoast_head":"<!-- This site is optimized with the Yoast SEO Premium plugin v21.5 (Yoast SEO v21.5) - https:\/\/yoast.com\/wordpress\/plugins\/seo\/ -->\n<title>Hybrid Fahrzeug im Fuhrpark - Zukunftsf\u00e4hig oder nicht?<\/title>\n<meta name=\"description\" content=\"Im Fuhrpark wird immer \u00f6fter das Hybrid Fahrzeug eingesetzt. Doch was ist zu beachten? Mehr zu dem Thema erfahren Sie hier.\" \/>\n<meta name=\"robots\" content=\"index, follow, max-snippet:-1, max-image-preview:large, max-video-preview:-1\" \/>\n<link rel=\"canonical\" href=\"https:\/\/vimcar.de\/boxenstopp\/blog\/nachhaltigkeit-hybrid-fahrzeuge\/\" \/>\n<meta property=\"og:locale\" content=\"de_DE\" \/>\n<meta property=\"og:type\" content=\"article\" \/>\n<meta property=\"og:title\" content=\"Das Hybrid Fahrzeug im Fuhrpark - Zukunftsmodell oder Mogelpackung?\" \/>\n<meta property=\"og:description\" content=\"Im Fuhrpark wird immer \u00f6fter das Hybrid Fahrzeug eingesetzt. Doch was ist zu beachten? Mehr zu dem Thema erfahren Sie hier.\" \/>\n<meta property=\"og:url\" content=\"https:\/\/vimcar.de\/boxenstopp\/blog\/nachhaltigkeit-hybrid-fahrzeuge\/\" \/>\n<meta property=\"og:site_name\" content=\"Vimcar Boxenstopp\" \/>\n<meta property=\"article:publisher\" content=\"https:\/\/www.facebook.com\/vimcar\" \/>\n<meta property=\"article:published_time\" content=\"2021-02-18T11:34:50+00:00\" \/>\n<meta property=\"article:modified_time\" content=\"2022-03-04T10:14:59+00:00\" \/>\n<meta property=\"og:image\" content=\"https:\/\/vimcar.de\/boxenstopp\/wp-content\/uploads\/2021\/02\/plug-in-hybrid.jpg\" \/>\n\t<meta property=\"og:image:width\" content=\"640\" \/>\n\t<meta property=\"og:image:height\" content=\"428\" \/>\n\t<meta property=\"og:image:type\" content=\"image\/jpeg\" \/>\n<meta name=\"author\" content=\"Hoang Tam Pham\" \/>\n<meta name=\"twitter:card\" content=\"summary_large_image\" \/>\n<meta name=\"twitter:creator\" content=\"@hoang.tam.pham@vimcar.com\" \/>\n<meta name=\"twitter:site\" content=\"@goVimcar\" \/>\n<meta name=\"twitter:label1\" content=\"Verfasst von\" \/>\n\t<meta name=\"twitter:data1\" content=\"Hoang Tam Pham\" \/>\n\t<meta name=\"twitter:label2\" content=\"Gesch\u00e4tzte Lesezeit\" \/>\n\t<meta name=\"twitter:data2\" content=\"5\u00a0Minuten\" \/>\n<!-- \/ Yoast SEO Premium plugin. -->","yoast_head_json":{"title":"Hybrid Fahrzeug im Fuhrpark - Zukunftsf\u00e4hig oder nicht?","description":"Im Fuhrpark wird immer \u00f6fter das Hybrid Fahrzeug eingesetzt. Doch was ist zu beachten? Mehr zu dem Thema erfahren Sie hier.","robots":{"index":"index","follow":"follow","max-snippet":"max-snippet:-1","max-image-preview":"max-image-preview:large","max-video-preview":"max-video-preview:-1"},"canonical":"https:\/\/vimcar.de\/boxenstopp\/blog\/nachhaltigkeit-hybrid-fahrzeuge\/","og_locale":"de_DE","og_type":"article","og_title":"Das Hybrid Fahrzeug im Fuhrpark - Zukunftsmodell oder Mogelpackung?","og_description":"Im Fuhrpark wird immer \u00f6fter das Hybrid Fahrzeug eingesetzt. Doch was ist zu beachten? Mehr zu dem Thema erfahren Sie hier.","og_url":"https:\/\/vimcar.de\/boxenstopp\/blog\/nachhaltigkeit-hybrid-fahrzeuge\/","og_site_name":"Vimcar Boxenstopp","article_publisher":"https:\/\/www.facebook.com\/vimcar","article_published_time":"2021-02-18T11:34:50+00:00","article_modified_time":"2022-03-04T10:14:59+00:00","og_image":[{"width":640,"height":428,"url":"https:\/\/vimcar.de\/boxenstopp\/wp-content\/uploads\/2021\/02\/plug-in-hybrid.jpg","type":"image\/jpeg"}],"author":"Hoang Tam Pham","twitter_card":"summary_large_image","twitter_creator":"@hoang.tam.pham@vimcar.com","twitter_site":"@goVimcar","twitter_misc":{"Verfasst von":"Hoang Tam Pham","Gesch\u00e4tzte Lesezeit":"5\u00a0Minuten"},"schema":{"@context":"https:\/\/schema.org","@graph":[{"@type":"Article","@id":"https:\/\/vimcar.de\/boxenstopp\/blog\/nachhaltigkeit-hybrid-fahrzeuge\/#article","isPartOf":{"@id":"https:\/\/vimcar.de\/boxenstopp\/blog\/nachhaltigkeit-hybrid-fahrzeuge\/"},"author":{"name":"Hoang Tam Pham","@id":"https:\/\/vimcar.de\/boxenstopp\/#\/schema\/person\/fd4558e260e57a027c9338c8844b7e97"},"headline":"Das Hybrid Fahrzeug im Fuhrpark &#8211; Zukunftsmodell oder Mogelpackung?","datePublished":"2021-02-18T11:34:50+00:00","dateModified":"2022-03-04T10:14:59+00:00","mainEntityOfPage":{"@id":"https:\/\/vimcar.de\/boxenstopp\/blog\/nachhaltigkeit-hybrid-fahrzeuge\/"},"wordCount":837,"commentCount":0,"publisher":{"@id":"https:\/\/vimcar.de\/boxenstopp\/#organization"},"keywords":["E-Mobilit\u00e4t"],"articleSection":["Blog","KATEGORIEN"],"inLanguage":"de","potentialAction":[{"@type":"CommentAction","name":"Comment","target":["https:\/\/vimcar.de\/boxenstopp\/blog\/nachhaltigkeit-hybrid-fahrzeuge\/#respond"]}]},{"@type":"WebPage","@id":"https:\/\/vimcar.de\/boxenstopp\/blog\/nachhaltigkeit-hybrid-fahrzeuge\/","url":"https:\/\/vimcar.de\/boxenstopp\/blog\/nachhaltigkeit-hybrid-fahrzeuge\/","name":"Hybrid Fahrzeug im Fuhrpark - Zukunftsf\u00e4hig oder nicht?","isPartOf":{"@id":"https:\/\/vimcar.de\/boxenstopp\/#website"},"datePublished":"2021-02-18T11:34:50+00:00","dateModified":"2022-03-04T10:14:59+00:00","description":"Im Fuhrpark wird immer \u00f6fter das Hybrid Fahrzeug eingesetzt. Doch was ist zu beachten? Mehr zu dem Thema erfahren Sie hier.","breadcrumb":{"@id":"https:\/\/vimcar.de\/boxenstopp\/blog\/nachhaltigkeit-hybrid-fahrzeuge\/#breadcrumb"},"inLanguage":"de","potentialAction":[{"@type":"ReadAction","target":["https:\/\/vimcar.de\/boxenstopp\/blog\/nachhaltigkeit-hybrid-fahrzeuge\/"]}]},{"@type":"BreadcrumbList","@id":"https:\/\/vimcar.de\/boxenstopp\/blog\/nachhaltigkeit-hybrid-fahrzeuge\/#breadcrumb","itemListElement":[{"@type":"ListItem","position":1,"name":"Startseite","item":"https:\/\/vimcar.de\/boxenstopp\/"},{"@type":"ListItem","position":2,"name":"Das Hybrid Fahrzeug im Fuhrpark &#8211; Zukunftsmodell oder Mogelpackung?"}]},{"@type":"WebSite","@id":"https:\/\/vimcar.de\/boxenstopp\/#website","url":"https:\/\/vimcar.de\/boxenstopp\/","name":"Vimcar Boxenstopp","description":"- Die Lernplattform f\u00fcr Fuhrparkleiter","publisher":{"@id":"https:\/\/vimcar.de\/boxenstopp\/#organization"},"potentialAction":[{"@type":"SearchAction","target":{"@type":"EntryPoint","urlTemplate":"https:\/\/vimcar.de\/boxenstopp\/?s={search_term_string}"},"query-input":"required name=search_term_string"}],"inLanguage":"de"},{"@type":"Organization","@id":"https:\/\/vimcar.de\/boxenstopp\/#organization","name":"Vimcar Boxenstopp - Fuhrparkwissen","url":"https:\/\/vimcar.de\/boxenstopp\/","logo":{"@type":"ImageObject","inLanguage":"de","@id":"https:\/\/vimcar.de\/boxenstopp\/#\/schema\/logo\/image\/","url":"https:\/\/vimcar.de\/boxenstopp\/wp-content\/uploads\/2020\/10\/logo-vimcar-boxenstopp.png","contentUrl":"https:\/\/vimcar.de\/boxenstopp\/wp-content\/uploads\/2020\/10\/logo-vimcar-boxenstopp.png","width":250,"height":50,"caption":"Vimcar Boxenstopp - Fuhrparkwissen"},"image":{"@id":"https:\/\/vimcar.de\/boxenstopp\/#\/schema\/logo\/image\/"},"sameAs":["https:\/\/www.facebook.com\/vimcar","https:\/\/twitter.com\/goVimcar","https:\/\/www.instagram.com\/vimcar_official\/","https:\/\/de.linkedin.com\/company\/vimcar","https:\/\/www.pinterest.de\/vimcar\/","https:\/\/www.youtube.com\/channel\/UCWRajoA7OnWsAw-ezAahZPg"]},{"@type":"Person","@id":"https:\/\/vimcar.de\/boxenstopp\/#\/schema\/person\/fd4558e260e57a027c9338c8844b7e97","name":"Hoang Tam Pham","sameAs":["https:\/\/www.linkedin.com\/in\/hoang-tam-pham\/","https:\/\/twitter.com\/hoang.tam.pham@vimcar.com"]}]}},"_links":{"self":[{"href":"https:\/\/vimcar.de\/boxenstopp\/wp-json\/wp\/v2\/posts\/21019"}],"collection":[{"href":"https:\/\/vimcar.de\/boxenstopp\/wp-json\/wp\/v2\/posts"}],"about":[{"href":"https:\/\/vimcar.de\/boxenstopp\/wp-json\/wp\/v2\/types\/post"}],"author":[{"embeddable":true,"href":"https:\/\/vimcar.de\/boxenstopp\/wp-json\/wp\/v2\/users\/74"}],"replies":[{"embeddable":true,"href":"https:\/\/vimcar.de\/boxenstopp\/wp-json\/wp\/v2\/comments?post=21019"}],"version-history":[{"count":0,"href":"https:\/\/vimcar.de\/boxenstopp\/wp-json\/wp\/v2\/posts\/21019\/revisions"}],"wp:featuredmedia":[{"embeddable":true,"href":"https:\/\/vimcar.de\/boxenstopp\/wp-json\/wp\/v2\/media\/21031"}],"wp:attachment":[{"href":"https:\/\/vimcar.de\/boxenstopp\/wp-json\/wp\/v2\/media?parent=21019"}],"wp:term":[{"taxonomy":"category","embeddable":true,"href":"https:\/\/vimcar.de\/boxenstopp\/wp-json\/wp\/v2\/categories?post=21019"},{"taxonomy":"post_tag","embeddable":true,"href":"https:\/\/vimcar.de\/boxenstopp\/wp-json\/wp\/v2\/tags?post=21019"}],"curies":[{"name":"wp","href":"https:\/\/api.w.org\/{rel}","templated":true}]}}