{"id":24343,"date":"2021-06-14T13:39:26","date_gmt":"2021-06-14T11:39:26","guid":{"rendered":"https:\/\/vimcar.de\/boxenstopp\/?p=24343"},"modified":"2024-07-15T12:35:35","modified_gmt":"2024-07-15T10:35:35","slug":"elektroauto-laden","status":"publish","type":"post","link":"https:\/\/vimcar.de\/boxenstopp\/blog\/elektroauto-laden\/","title":{"rendered":"Elektroauto laden \u2013 Anbieter und Systeme"},"content":{"rendered":"\t\t<div data-elementor-type=\"wp-post\" data-elementor-id=\"24343\" class=\"elementor elementor-24343\" data-elementor-post-type=\"post\">\n\t\t\t\t\t\t<section class=\"elementor-section elementor-top-section elementor-element elementor-element-ee9dbb7 elementor-section-boxed elementor-section-height-default elementor-section-height-default\" data-id=\"ee9dbb7\" data-element_type=\"section\">\n\t\t\t\t\t\t<div class=\"elementor-container elementor-column-gap-default\">\n\t\t\t\t\t<div class=\"elementor-column elementor-col-100 elementor-top-column elementor-element elementor-element-cbf574d\" data-id=\"cbf574d\" data-element_type=\"column\">\n\t\t\t<div class=\"elementor-widget-wrap elementor-element-populated\">\n\t\t\t\t\t\t<div class=\"elementor-element elementor-element-6f48bc9 elementor-widget elementor-widget-text-editor\" data-id=\"6f48bc9\" data-element_type=\"widget\" data-widget_type=\"text-editor.default\">\n\t\t\t\t<div class=\"elementor-widget-container\">\n\t\t\t\t\t\t\t<p><span style=\"font-weight: 400;\">E-Autos gibt es viele. Neben unterschiedlichen Fahrzeugtypen finden Interessierte auch eine Vielzahl an Ladetechniken und Abrechnungssystemen vor. Welches ist das E Auto mit gr\u00f6\u00dfter Reichweite, wie unterscheidet sich die Ladeleistung von Elektroautos im Vergleich und welche Steckertypen und Ladesysteme gibt es? Und kann man ein Elektroauto an eine Steckdose mit Starkstrom anschlie\u00dfen? Eine \u00dcbersicht.<\/span><\/p>\t\t\t\t\t\t<\/div>\n\t\t\t\t<\/div>\n\t\t\t\t\t<\/div>\n\t\t<\/div>\n\t\t\t\t\t<\/div>\n\t\t<\/section>\n\t\t\t\t<section class=\"elementor-section elementor-top-section elementor-element elementor-element-8991a05 elementor-section-boxed elementor-section-height-default elementor-section-height-default\" data-id=\"8991a05\" data-element_type=\"section\">\n\t\t\t\t\t\t<div class=\"elementor-container elementor-column-gap-default\">\n\t\t\t\t\t<div class=\"elementor-column elementor-col-100 elementor-top-column elementor-element elementor-element-cad8205\" data-id=\"cad8205\" data-element_type=\"column\">\n\t\t\t<div class=\"elementor-widget-wrap elementor-element-populated\">\n\t\t\t\t\t\t<div class=\"elementor-element elementor-element-cca4b51 elementor-widget elementor-widget-heading\" data-id=\"cca4b51\" data-element_type=\"widget\" data-widget_type=\"heading.default\">\n\t\t\t\t<div class=\"elementor-widget-container\">\n\t\t\t<h2 class=\"elementor-heading-title elementor-size-default\">Elektroauto Reichweite im Vergleich: Lades\u00e4ulen und Systeme<\/h2>\t\t<\/div>\n\t\t\t\t<\/div>\n\t\t\t\t<div class=\"elementor-element elementor-element-b37c4e9 elementor-widget elementor-widget-text-editor\" data-id=\"b37c4e9\" data-element_type=\"widget\" data-widget_type=\"text-editor.default\">\n\t\t\t\t<div class=\"elementor-widget-container\">\n\t\t\t\t\t\t\t<p><span style=\"font-weight: 400;\">E-Autos sind im Kommen. Doch muss unterwegs die Lades\u00e4ule angesteuert werden, sehen FahrerInnen sich zahlreichen verschiedenen Systemen gegen\u00fcber. Sie unterscheiden sich hinsichtlich der Kosten und Abrechnungssysteme, aber auch in Sachen Leistung. Dazu kommen verschiedene Ladekabel und Steckersysteme.<\/span><\/p>\t\t\t\t\t\t<\/div>\n\t\t\t\t<\/div>\n\t\t\t\t<section class=\"elementor-section elementor-inner-section elementor-element elementor-element-8c1c491 elementor-section-boxed elementor-section-height-default elementor-section-height-default\" data-id=\"8c1c491\" data-element_type=\"section\">\n\t\t\t\t\t\t<div class=\"elementor-container elementor-column-gap-default\">\n\t\t\t\t\t<div class=\"elementor-column elementor-col-50 elementor-inner-column elementor-element elementor-element-8f54c39\" data-id=\"8f54c39\" data-element_type=\"column\">\n\t\t\t<div class=\"elementor-widget-wrap elementor-element-populated\">\n\t\t\t\t\t\t<div class=\"elementor-element elementor-element-5a7e92f elementor-widget elementor-widget-image\" data-id=\"5a7e92f\" data-element_type=\"widget\" data-widget_type=\"image.default\">\n\t\t\t\t<div class=\"elementor-widget-container\">\n\t\t\t\t\t\t\t\t\t\t\t\t\t<img fetchpriority=\"high\" decoding=\"async\" width=\"640\" height=\"426\" src=\"https:\/\/vimcar.de\/boxenstopp\/wp-content\/uploads\/2021\/06\/Wie-schlaegt-sich-die-Ladeleistung-von-Elektroautos-im-Vergleich_2.jpg\" class=\"attachment-large size-large wp-image-24346\" alt=\"Symbol eines Elektroautos auf einem Parkplatz.\" srcset=\"https:\/\/vimcar.de\/boxenstopp\/wp-content\/uploads\/2021\/06\/Wie-schlaegt-sich-die-Ladeleistung-von-Elektroautos-im-Vergleich_2.jpg 640w, https:\/\/vimcar.de\/boxenstopp\/wp-content\/uploads\/2021\/06\/Wie-schlaegt-sich-die-Ladeleistung-von-Elektroautos-im-Vergleich_2-300x200.jpg 300w, https:\/\/vimcar.de\/boxenstopp\/wp-content\/uploads\/2021\/06\/Wie-schlaegt-sich-die-Ladeleistung-von-Elektroautos-im-Vergleich_2-24x16.jpg 24w, https:\/\/vimcar.de\/boxenstopp\/wp-content\/uploads\/2021\/06\/Wie-schlaegt-sich-die-Ladeleistung-von-Elektroautos-im-Vergleich_2-36x24.jpg 36w, https:\/\/vimcar.de\/boxenstopp\/wp-content\/uploads\/2021\/06\/Wie-schlaegt-sich-die-Ladeleistung-von-Elektroautos-im-Vergleich_2-48x32.jpg 48w\" sizes=\"(max-width: 640px) 100vw, 640px\" \/>\t\t\t\t\t\t\t\t\t\t\t\t\t<\/div>\n\t\t\t\t<\/div>\n\t\t\t\t\t<\/div>\n\t\t<\/div>\n\t\t\t\t<div class=\"elementor-column elementor-col-50 elementor-inner-column elementor-element elementor-element-773f90e\" data-id=\"773f90e\" data-element_type=\"column\">\n\t\t\t<div class=\"elementor-widget-wrap elementor-element-populated\">\n\t\t\t\t\t\t<div class=\"elementor-element elementor-element-c386e13 elementor-widget elementor-widget-text-editor\" data-id=\"c386e13\" data-element_type=\"widget\" data-widget_type=\"text-editor.default\">\n\t\t\t\t<div class=\"elementor-widget-container\">\n\t\t\t\t\t\t\t<p><span style=\"font-weight: 400;\">Die wichtigsten Anbietern von Lades\u00e4ulen in Deutschland sind ADAC e-Charge, ChargeNow, EnBW, E.ON Drive und New Motion. Sie sind teilweise nur f\u00fcr bestimmte Nutzergruppen ausgelegt. So ist der ADAC e-Charge Tarif ausschlie\u00dflich f\u00fcr Mitglieder des Automobilclubs zugelassen. Die Abrechnung erfolgt nach Kilowattstunden.<\/span><\/p><p><span style=\"font-weight: 400;\">ChargeNow richtet sich an Nutzer eines e-BMW, weitere Fahrzeugtypen und Anbieter sind \u00fcber verschiedenen Kooperationen zugelassen. Die Batterieladung wird pro Minute abgerechnet. Ladestationen von EnBW sind f\u00fcr alle E-Auto-FahrerInnen zugelassen. Es erfolgt eine kilowattgenaue Abrechnung, je nach Typ der Lades\u00e4ule mit oder ohne Grundgeb\u00fchr: Standards\u00e4ulen sind davon befreit, Viellader zahlen sie und profitieren daf\u00fcr von niedrigeren Kilowattpreisen.<\/span><\/p>\t\t\t\t\t\t<\/div>\n\t\t\t\t<\/div>\n\t\t\t\t\t<\/div>\n\t\t<\/div>\n\t\t\t\t\t<\/div>\n\t\t<\/section>\n\t\t\t\t<div class=\"elementor-element elementor-element-5da5b97 elementor-widget elementor-widget-text-editor\" data-id=\"5da5b97\" data-element_type=\"widget\" data-widget_type=\"text-editor.default\">\n\t\t\t\t<div class=\"elementor-widget-container\">\n\t\t\t\t\t\t\t<p><span style=\"font-weight: 400;\">E.ON Drive ist bundesweit weit verbreitet. Nach Zahlung einer Grundgeb\u00fchr erfolgt in der Regel eine Abrechnung nach Kilowattstunden. Der Zugang ist \u00fcber eine App m\u00f6glich.<\/span><\/p><p><span style=\"font-weight: 400;\">Wie schnell ein Fahrzeug wieder voll fahrbereit ist, h\u00e4ngt auch von der Ladeleistung ab. Wie unterscheidet sich die Ladeleistung von Elektroautos im Vergleich? Hier gibt es bei den Fahrzeugtypen teilweise signifikante Unterschiede. So weist etwa der BMW i3 eine \u00fcbliche Ladeleistung von 3,7 kW auf, ein A3 e-tron 55 bringt es auf 11 kW, ein Hyundai Ioniq Elektro auf 7,2 kW.<\/span><\/p><p><span style=\"font-weight: 400;\">Und wie schlagen sich die Elektroautos im Reichweiten-Vergleich? Auch darauf hat die Ladeleistung von Elektroautos im Vergleich hohen Einfluss: Der kleinste BMW i3 ist knapp 200 Kilometer vollelektrisch unterwegs, der Audi A3 e-tron 55 schafft rund 400, der Hyundai Ioniq knapp 300 Kilometer.<\/span><\/p>\t\t\t\t\t\t<\/div>\n\t\t\t\t<\/div>\n\t\t\t\t<div class=\"elementor-element elementor-element-9614bef elementor-widget elementor-widget-spacer\" data-id=\"9614bef\" data-element_type=\"widget\" data-widget_type=\"spacer.default\">\n\t\t\t\t<div class=\"elementor-widget-container\">\n\t\t\t\t\t<div class=\"elementor-spacer\">\n\t\t\t<div class=\"elementor-spacer-inner\"><\/div>\n\t\t<\/div>\n\t\t\t\t<\/div>\n\t\t\t\t<\/div>\n\t\t\t\t<div class=\"elementor-element elementor-element-6f41566 elementor-widget elementor-widget-button\" data-id=\"6f41566\" data-element_type=\"widget\" data-widget_type=\"button.default\">\n\t\t\t\t<div class=\"elementor-widget-container\">\n\t\t\t\t\t<div class=\"elementor-button-wrapper\">\n\t\t\t<a class=\"elementor-button elementor-size-lg\" role=\"button\">\n\t\t\t\t\t\t<span class=\"elementor-button-content-wrapper\">\n\t\t\t\t\t\t\t\t\t<span class=\"elementor-button-text\">CHECKLISTE<\/span>\n\t\t\t\t\t<\/span>\n\t\t\t\t\t<\/a>\n\t\t<\/div>\n\t\t\t\t<\/div>\n\t\t\t\t<\/div>\n\t\t\t\t\t<\/div>\n\t\t<\/div>\n\t\t\t\t\t<\/div>\n\t\t<\/section>\n\t\t\t\t<section class=\"elementor-section elementor-top-section elementor-element elementor-element-6763178c elementor-section-boxed elementor-section-height-default elementor-section-height-default\" data-id=\"6763178c\" data-element_type=\"section\">\n\t\t\t\t\t\t<div class=\"elementor-container elementor-column-gap-default\">\n\t\t\t\t\t<div class=\"elementor-column elementor-col-100 elementor-top-column elementor-element elementor-element-478fdd85\" data-id=\"478fdd85\" data-element_type=\"column\" data-settings=\"{&quot;background_background&quot;:&quot;classic&quot;}\">\n\t\t\t<div class=\"elementor-widget-wrap elementor-element-populated\">\n\t\t\t\t\t\t<div class=\"elementor-element elementor-element-729f5907 elementor-widget elementor-widget-spacer\" data-id=\"729f5907\" data-element_type=\"widget\" data-widget_type=\"spacer.default\">\n\t\t\t\t<div class=\"elementor-widget-container\">\n\t\t\t\t\t<div class=\"elementor-spacer\">\n\t\t\t<div class=\"elementor-spacer-inner\"><\/div>\n\t\t<\/div>\n\t\t\t\t<\/div>\n\t\t\t\t<\/div>\n\t\t\t\t<section class=\"elementor-section elementor-inner-section elementor-element elementor-element-37b06839 elementor-section-boxed elementor-section-height-default elementor-section-height-default\" data-id=\"37b06839\" data-element_type=\"section\">\n\t\t\t\t\t\t<div class=\"elementor-container elementor-column-gap-default\">\n\t\t\t\t\t<div class=\"elementor-column elementor-col-50 elementor-inner-column elementor-element elementor-element-73723189\" data-id=\"73723189\" data-element_type=\"column\">\n\t\t\t<div class=\"elementor-widget-wrap elementor-element-populated\">\n\t\t\t\t\t\t<div class=\"elementor-element elementor-element-42a367b elementor-widget elementor-widget-heading\" data-id=\"42a367b\" data-element_type=\"widget\" data-widget_type=\"heading.default\">\n\t\t\t\t<div class=\"elementor-widget-container\">\n\t\t\t<h2 class=\"elementor-heading-title elementor-size-default\">Jetzt Checkliste herunterladen!<\/h2>\t\t<\/div>\n\t\t\t\t<\/div>\n\t\t\t\t<div class=\"elementor-element elementor-element-52222ced elementor-widget elementor-widget-heading\" data-id=\"52222ced\" data-element_type=\"widget\" data-widget_type=\"heading.default\">\n\t\t\t\t<div class=\"elementor-widget-container\">\n\t\t\t<h3 class=\"elementor-heading-title elementor-size-default\">Und Ladeinfrastruktur im Fuhrpark erstellen.<\/h3>\t\t<\/div>\n\t\t\t\t<\/div>\n\t\t\t\t<div class=\"elementor-element elementor-element-1b0a39b4 elementor-widget elementor-widget-spacer\" data-id=\"1b0a39b4\" data-element_type=\"widget\" data-widget_type=\"spacer.default\">\n\t\t\t\t<div class=\"elementor-widget-container\">\n\t\t\t\t\t<div class=\"elementor-spacer\">\n\t\t\t<div class=\"elementor-spacer-inner\"><\/div>\n\t\t<\/div>\n\t\t\t\t<\/div>\n\t\t\t\t<\/div>\n\t\t\t\t<div class=\"elementor-element elementor-element-11425bce elementor-widget elementor-widget-button\" data-id=\"11425bce\" data-element_type=\"widget\" data-widget_type=\"button.default\">\n\t\t\t\t<div class=\"elementor-widget-container\">\n\t\t\t\t\t<div class=\"elementor-button-wrapper\">\n\t\t\t<a class=\"elementor-button elementor-button-link elementor-size-xl\" href=\"https:\/\/s3.eu-central-1.amazonaws.com\/assets.vimcar.de\/Checkliste%20zur%20Implementierung%20einer%20Ladeinfrastruktur.pdf\" target=\"_blank\">\n\t\t\t\t\t\t<span class=\"elementor-button-content-wrapper\">\n\t\t\t\t\t\t\t\t\t<span class=\"elementor-button-text\">Hier herunterladen<\/span>\n\t\t\t\t\t<\/span>\n\t\t\t\t\t<\/a>\n\t\t<\/div>\n\t\t\t\t<\/div>\n\t\t\t\t<\/div>\n\t\t\t\t\t<\/div>\n\t\t<\/div>\n\t\t\t\t<div class=\"elementor-column elementor-col-50 elementor-inner-column elementor-element elementor-element-24446b2c\" data-id=\"24446b2c\" data-element_type=\"column\">\n\t\t\t<div class=\"elementor-widget-wrap elementor-element-populated\">\n\t\t\t\t\t\t<div class=\"elementor-element elementor-element-2dff48ff elementor-widget elementor-widget-image\" data-id=\"2dff48ff\" data-element_type=\"widget\" data-widget_type=\"image.default\">\n\t\t\t\t<div class=\"elementor-widget-container\">\n\t\t\t\t\t\t\t\t\t\t\t\t\t<img decoding=\"async\" width=\"800\" height=\"600\" src=\"https:\/\/vimcar.de\/boxenstopp\/wp-content\/uploads\/2019\/12\/Ladeinfrastruktur-Checkliste.webp\" class=\"attachment-large size-large wp-image-33018\" alt=\"Ladeinfrastruktur Checkliste in einer Hand gehalten\" srcset=\"https:\/\/vimcar.de\/boxenstopp\/wp-content\/uploads\/2019\/12\/Ladeinfrastruktur-Checkliste.webp 800w, https:\/\/vimcar.de\/boxenstopp\/wp-content\/uploads\/2019\/12\/Ladeinfrastruktur-Checkliste-300x225.webp 300w, https:\/\/vimcar.de\/boxenstopp\/wp-content\/uploads\/2019\/12\/Ladeinfrastruktur-Checkliste-768x576.webp 768w\" sizes=\"(max-width: 800px) 100vw, 800px\" \/>\t\t\t\t\t\t\t\t\t\t\t\t\t<\/div>\n\t\t\t\t<\/div>\n\t\t\t\t\t<\/div>\n\t\t<\/div>\n\t\t\t\t\t<\/div>\n\t\t<\/section>\n\t\t\t\t\t<\/div>\n\t\t<\/div>\n\t\t\t\t\t<\/div>\n\t\t<\/section>\n\t\t\t\t<section class=\"elementor-section elementor-top-section elementor-element elementor-element-eeaf68e elementor-section-boxed elementor-section-height-default elementor-section-height-default\" data-id=\"eeaf68e\" data-element_type=\"section\">\n\t\t\t\t\t\t<div class=\"elementor-container elementor-column-gap-default\">\n\t\t\t\t\t<div class=\"elementor-column elementor-col-100 elementor-top-column elementor-element elementor-element-a610236\" data-id=\"a610236\" data-element_type=\"column\">\n\t\t\t<div class=\"elementor-widget-wrap elementor-element-populated\">\n\t\t\t\t\t\t<div class=\"elementor-element elementor-element-3b06db8 elementor-widget elementor-widget-spacer\" data-id=\"3b06db8\" data-element_type=\"widget\" data-widget_type=\"spacer.default\">\n\t\t\t\t<div class=\"elementor-widget-container\">\n\t\t\t\t\t<div class=\"elementor-spacer\">\n\t\t\t<div class=\"elementor-spacer-inner\"><\/div>\n\t\t<\/div>\n\t\t\t\t<\/div>\n\t\t\t\t<\/div>\n\t\t\t\t<div class=\"elementor-element elementor-element-27fe68f elementor-widget elementor-widget-heading\" data-id=\"27fe68f\" data-element_type=\"widget\" data-widget_type=\"heading.default\">\n\t\t\t\t<div class=\"elementor-widget-container\">\n\t\t\t<h2 class=\"elementor-heading-title elementor-size-default\">Elektroautos laden \u2013 Steckdose gen\u00fcgt? Steckertypen im Vergleich<\/h2>\t\t<\/div>\n\t\t\t\t<\/div>\n\t\t\t\t<section class=\"elementor-section elementor-inner-section elementor-element elementor-element-aefa7c5 elementor-section-boxed elementor-section-height-default elementor-section-height-default\" data-id=\"aefa7c5\" data-element_type=\"section\">\n\t\t\t\t\t\t<div class=\"elementor-container elementor-column-gap-default\">\n\t\t\t\t\t<div class=\"elementor-column elementor-col-50 elementor-inner-column elementor-element elementor-element-5e81e95\" data-id=\"5e81e95\" data-element_type=\"column\">\n\t\t\t<div class=\"elementor-widget-wrap elementor-element-populated\">\n\t\t\t\t\t\t<div class=\"elementor-element elementor-element-94f7562 elementor-widget elementor-widget-text-editor\" data-id=\"94f7562\" data-element_type=\"widget\" data-widget_type=\"text-editor.default\">\n\t\t\t\t<div class=\"elementor-widget-container\">\n\t\t\t\t\t\t\t<p><span style=\"font-weight: 400;\">Das Elektroauto laden doch welchen Anbieter w\u00e4hlen? Wer das Elektroauto laden \/ an die Steckdose anschlie\u00dfen m\u00f6chte, ben\u00f6tigt ein passendes Kabel. Es gibt in Deutschland grunds\u00e4tzlich zwei Typen: Mode-2 und Mode-3. Das Mode-2-Kabel dient \u00fcblicherweise dazu, das E-Auto \u00fcber die Haushaltssteckdose mit Energie zu versorgen, etwa in der hauseigenen Garage. In der Regel liefern die Hersteller es mit. Eine ICCB (in-cable control box) \u00fcbernimmt die Kommunikation zwischen Fahrzeug und Stromanschluss.<\/span><\/p>\t\t\t\t\t\t<\/div>\n\t\t\t\t<\/div>\n\t\t\t\t\t<\/div>\n\t\t<\/div>\n\t\t\t\t<div class=\"elementor-column elementor-col-50 elementor-inner-column elementor-element elementor-element-e38fd02\" data-id=\"e38fd02\" data-element_type=\"column\">\n\t\t\t<div class=\"elementor-widget-wrap elementor-element-populated\">\n\t\t\t\t\t\t<div class=\"elementor-element elementor-element-12b67c6 elementor-widget elementor-widget-image\" data-id=\"12b67c6\" data-element_type=\"widget\" data-widget_type=\"image.default\">\n\t\t\t\t<div class=\"elementor-widget-container\">\n\t\t\t\t\t\t\t\t\t\t\t\t\t<img decoding=\"async\" width=\"640\" height=\"356\" src=\"https:\/\/vimcar.de\/boxenstopp\/wp-content\/uploads\/2021\/06\/Wie-schlaegt-sich-die-Ladeleistung-von-Elektroautos-im-Vergleich_3.jpg\" class=\"attachment-large size-large wp-image-24347\" alt=\"Einblick in eine Tiefgarage.\" srcset=\"https:\/\/vimcar.de\/boxenstopp\/wp-content\/uploads\/2021\/06\/Wie-schlaegt-sich-die-Ladeleistung-von-Elektroautos-im-Vergleich_3.jpg 640w, https:\/\/vimcar.de\/boxenstopp\/wp-content\/uploads\/2021\/06\/Wie-schlaegt-sich-die-Ladeleistung-von-Elektroautos-im-Vergleich_3-300x167.jpg 300w, https:\/\/vimcar.de\/boxenstopp\/wp-content\/uploads\/2021\/06\/Wie-schlaegt-sich-die-Ladeleistung-von-Elektroautos-im-Vergleich_3-24x13.jpg 24w, https:\/\/vimcar.de\/boxenstopp\/wp-content\/uploads\/2021\/06\/Wie-schlaegt-sich-die-Ladeleistung-von-Elektroautos-im-Vergleich_3-36x20.jpg 36w, https:\/\/vimcar.de\/boxenstopp\/wp-content\/uploads\/2021\/06\/Wie-schlaegt-sich-die-Ladeleistung-von-Elektroautos-im-Vergleich_3-48x27.jpg 48w\" sizes=\"(max-width: 640px) 100vw, 640px\" \/>\t\t\t\t\t\t\t\t\t\t\t\t\t<\/div>\n\t\t\t\t<\/div>\n\t\t\t\t\t<\/div>\n\t\t<\/div>\n\t\t\t\t\t<\/div>\n\t\t<\/section>\n\t\t\t\t<div class=\"elementor-element elementor-element-7cfc735 elementor-widget elementor-widget-spacer\" data-id=\"7cfc735\" data-element_type=\"widget\" data-widget_type=\"spacer.default\">\n\t\t\t\t<div class=\"elementor-widget-container\">\n\t\t\t\t\t<div class=\"elementor-spacer\">\n\t\t\t<div class=\"elementor-spacer-inner\"><\/div>\n\t\t<\/div>\n\t\t\t\t<\/div>\n\t\t\t\t<\/div>\n\t\t\t\t<div class=\"elementor-element elementor-element-4ca2a1e elementor-widget elementor-widget-text-editor\" data-id=\"4ca2a1e\" data-element_type=\"widget\" data-widget_type=\"text-editor.default\">\n\t\t\t\t<div class=\"elementor-widget-container\">\n\t\t\t\t\t\t\t<p><span style=\"font-weight: 400;\">Das Mode-3-Ladekabel koppelt das Fahrzeug mit einer \u00f6ffentlichen oder privaten Ladestation. Hier sind zwei Steckertypen m\u00f6glich: der einphasige Typ-1-Stecker und der dreiphasige Typ-2-Stecker. Letzterer ist in Europa verbreitet und erlaubt an \u00f6ffentlichen Stationen Ladeleistungen bis zu 43 Kilowatt (kW), an privaten maximal 22 Kilowatt. Noch mehr Power liefern Combo-Stecker f\u00fcr den Typ 2. Sie unterst\u00fctzen bis zu 170 kW. Tesla hat mit dem Supercharger ein eigenes System entwickelt. Es basiert auf den Typ-2-Stecker und erlaubt eine extra schnelle Stromversorgung: Innerhalb von rund 30 Minuten wird die Batterie zu 80 Prozent aufgeladen \u2013 und das kostenlos.<\/span><\/p>\n<p><span style=\"font-weight: 400;\">Der Typ-1-Stecker wird insbesondere im asiatischen Raum verwendet. Fest angebrachte Stecker dieses Typs sind in Deutschland eher un\u00fcblich. Sollte doch einmal eine solche Lades\u00e4ule angesteuert werden, etwa im Ausland, koppelt man das Fahrzeug mit einem Mode 3-Ladekabel von Typ 2 auf Typ 1.<\/span><\/p>\n<p><span style=\"font-weight: 400;\">Kann man ein Elektroauto an eine Steckdose mit Starkstrom anschlie\u00dfen? Im Prinzip ja: Eine CEE-16-Dose, auch Starkstrom- oder Baustromanschluss genannt, kann eine g\u00fcnstige Alternative zur Wallbox oder Ladestation sein. Empfohlen wird es jedoch aufgrund \u00dcberlastungsgefahr nicht, das Elektroauto an einer Steckdose mit Starkstrom aufzuladen.<br><br>Neben dem Stecker ist auch die Art der <a href=\"https:\/\/vimcar.de\/boxenstopp\/blog\/eauto-batterie\/\">E-Auto Batterie<\/a> wichtig. Hier ist es ratsam, sich vor dem Kauf zu informieren. Teilweise ist es m\u00f6glich, Batterien zu mieten statt diese zu kaufen.&nbsp;<\/span><\/p>\t\t\t\t\t\t<\/div>\n\t\t\t\t<\/div>\n\t\t\t\t\t<\/div>\n\t\t<\/div>\n\t\t\t\t\t<\/div>\n\t\t<\/section>\n\t\t\t\t<section class=\"elementor-section elementor-top-section elementor-element elementor-element-5169c4f elementor-section-boxed elementor-section-height-default elementor-section-height-default\" data-id=\"5169c4f\" data-element_type=\"section\">\n\t\t\t\t\t\t<div class=\"elementor-container elementor-column-gap-default\">\n\t\t\t\t\t<div class=\"elementor-column elementor-col-100 elementor-top-column elementor-element elementor-element-6d10f59\" data-id=\"6d10f59\" data-element_type=\"column\">\n\t\t\t<div class=\"elementor-widget-wrap elementor-element-populated\">\n\t\t\t\t\t\t<div class=\"elementor-element elementor-element-b7899dc elementor-widget elementor-widget-heading\" data-id=\"b7899dc\" data-element_type=\"widget\" data-widget_type=\"heading.default\">\n\t\t\t\t<div class=\"elementor-widget-container\">\n\t\t\t<h2 class=\"elementor-heading-title elementor-size-default\">Weitere Artikel zum Thema:<\/h2>\t\t<\/div>\n\t\t\t\t<\/div>\n\t\t\t\t<div class=\"elementor-element elementor-element-7d95f48 elementor-widget elementor-widget-text-editor\" data-id=\"7d95f48\" data-element_type=\"widget\" data-widget_type=\"text-editor.default\">\n\t\t\t\t<div class=\"elementor-widget-container\">\n\t\t\t\t\t\t\t<ul><li>Checkliste zur <a href=\"https:\/\/vimcar.de\/boxenstopp\/ressourcenbereich\/checkliste-implementierung-ladeinfrastruktur\/\">Implementierung einer Ladeinfrastruktur<\/a><\/li><li><a href=\"https:\/\/vimcar.de\/boxenstopp\/blog\/foerderungen-fuer-elektrofahrzeuge-im-fuhrpark\/\">F\u00f6rderungen f\u00fcr Elektrofahrzeuge im Fuhrpark<\/a><\/li><li><a href=\"https:\/\/vimcar.de\/boxenstopp\/blog\/firmenwagenversteuerung-elektroautos\/\">Firmenwagenversteuerung von Elektroautos<\/a><\/li><li>Welche <a href=\"https:\/\/vimcar.de\/boxenstopp\/blog\/welche-massnahmen-tragen-zur-umweltschonung-bei-im-fuhrpark\/\">Ma\u00dfnahmen tragen zur Umweltschonung bei im Fuhrpark?<\/a><\/li><li><a href=\"https:\/\/vimcar.de\/boxenstopp\/blog\/outcome-klimapaket\/\">Outcome Klimapaket<\/a><\/li><li><a href=\"https:\/\/vimcar.de\/boxenstopp\/blog\/elektroautos-firma\/\">Implementierung von Elektroautos im Fuhrpark<\/a><\/li><li><a href=\"https:\/\/vimcar.de\/boxenstopp\/blog\/ladezeit-e-autos\/\">Ladezeit in E-Autos<\/a><\/li><\/ul>\t\t\t\t\t\t<\/div>\n\t\t\t\t<\/div>\n\t\t\t\t\t<\/div>\n\t\t<\/div>\n\t\t\t\t\t<\/div>\n\t\t<\/section>\n\t\t\t\t<section class=\"elementor-section elementor-top-section elementor-element elementor-element-2dedbef elementor-section-boxed elementor-section-height-default elementor-section-height-default\" data-id=\"2dedbef\" data-element_type=\"section\">\n\t\t\t\t\t\t<div class=\"elementor-container elementor-column-gap-default\">\n\t\t\t\t\t<div class=\"elementor-column elementor-col-100 elementor-top-column elementor-element elementor-element-860664e\" data-id=\"860664e\" data-element_type=\"column\">\n\t\t\t<div class=\"elementor-widget-wrap elementor-element-populated\">\n\t\t\t\t\t\t<div class=\"elementor-element elementor-element-1c03536 elementor-author-box--avatar-yes elementor-author-box--name-yes elementor-author-box--biography-yes elementor-author-box--link-no elementor-widget elementor-widget-author-box\" data-id=\"1c03536\" data-element_type=\"widget\" data-widget_type=\"author-box.default\">\n\t\t\t\t<div class=\"elementor-widget-container\">\n\t\t\t\t\t<div class=\"elementor-author-box\">\n\t\t\t\t\t\t\t<div  class=\"elementor-author-box__avatar\">\n\t\t\t\t\t<img decoding=\"async\" src=\"https:\/\/secure.gravatar.com\/avatar\/952860854fcbe6074255f751b460c68d?s=300&#038;d=mm&#038;r=g\" alt=\"Bild von Hoang Tam Pham\" loading=\"lazy\">\n\t\t\t\t<\/div>\n\t\t\t\n\t\t\t<div class=\"elementor-author-box__text\">\n\t\t\t\t\t\t\t\t\t<div >\n\t\t\t\t\t\t<h4 class=\"elementor-author-box__name\">\n\t\t\t\t\t\t\tHoang Tam Pham\t\t\t\t\t\t<\/h4>\n\t\t\t\t\t<\/div>\n\t\t\t\t\n\t\t\t\t\t\t\t\t\t<div class=\"elementor-author-box__bio\">\n\t\t\t\t\t\t\t\t\t\t\t<\/div>\n\t\t\t\t\n\t\t\t\t\t\t\t<\/div>\n\t\t<\/div>\n\t\t\t\t<\/div>\n\t\t\t\t<\/div>\n\t\t\t\t\t<\/div>\n\t\t<\/div>\n\t\t\t\t\t<\/div>\n\t\t<\/section>\n\t\t\t\t<section class=\"elementor-section elementor-top-section elementor-element elementor-element-dc73528 elementor-section-boxed elementor-section-height-default elementor-section-height-default\" data-id=\"dc73528\" data-element_type=\"section\">\n\t\t\t\t\t\t<div class=\"elementor-container elementor-column-gap-default\">\n\t\t\t\t\t<div class=\"elementor-column elementor-col-100 elementor-top-column elementor-element elementor-element-c897841\" data-id=\"c897841\" data-element_type=\"column\">\n\t\t\t<div class=\"elementor-widget-wrap elementor-element-populated\">\n\t\t\t\t\t\t<div class=\"elementor-element elementor-element-6dc256f elementor-share-buttons--view-icon elementor-share-buttons--skin-minimal elementor-share-buttons--color-custom elementor-share-buttons--shape-square elementor-grid-0 elementor-widget elementor-widget-global elementor-global-9354 elementor-widget-share-buttons\" data-id=\"6dc256f\" data-element_type=\"widget\" data-widget_type=\"share-buttons.default\">\n\t\t\t\t<div class=\"elementor-widget-container\">\n\t\t\t\t\t<div class=\"elementor-grid\">\n\t\t\t\t\t\t\t\t<div class=\"elementor-grid-item\">\n\t\t\t\t\t\t<div\n\t\t\t\t\t\t\tclass=\"elementor-share-btn elementor-share-btn_facebook\"\n\t\t\t\t\t\t\trole=\"button\"\n\t\t\t\t\t\t\ttabindex=\"0\"\n\t\t\t\t\t\t\taria-label=\"Teilen auf facebook\"\n\t\t\t\t\t\t>\n\t\t\t\t\t\t\t\t\t\t\t\t\t\t\t<span class=\"elementor-share-btn__icon\">\n\t\t\t\t\t\t\t\t<svg class=\"e-font-icon-svg e-fab-facebook\" viewBox=\"0 0 512 512\" xmlns=\"http:\/\/www.w3.org\/2000\/svg\"><path d=\"M504 256C504 119 393 8 256 8S8 119 8 256c0 123.78 90.69 226.38 209.25 245V327.69h-63V256h63v-54.64c0-62.15 37-96.48 93.67-96.48 27.14 0 55.52 4.84 55.52 4.84v61h-31.28c-30.8 0-40.41 19.12-40.41 38.73V256h68.78l-11 71.69h-57.78V501C413.31 482.38 504 379.78 504 256z\"><\/path><\/svg>\t\t\t\t\t\t\t<\/span>\n\t\t\t\t\t\t\t\t\t\t\t\t\t\t\t\t\t\t\t\t<\/div>\n\t\t\t\t\t<\/div>\n\t\t\t\t\t\t\t\t\t<div class=\"elementor-grid-item\">\n\t\t\t\t\t\t<div\n\t\t\t\t\t\t\tclass=\"elementor-share-btn elementor-share-btn_twitter\"\n\t\t\t\t\t\t\trole=\"button\"\n\t\t\t\t\t\t\ttabindex=\"0\"\n\t\t\t\t\t\t\taria-label=\"Teilen auf twitter\"\n\t\t\t\t\t\t>\n\t\t\t\t\t\t\t\t\t\t\t\t\t\t\t<span class=\"elementor-share-btn__icon\">\n\t\t\t\t\t\t\t\t<svg class=\"e-font-icon-svg e-fab-twitter\" viewBox=\"0 0 512 512\" xmlns=\"http:\/\/www.w3.org\/2000\/svg\"><path d=\"M459.37 151.716c.325 4.548.325 9.097.325 13.645 0 138.72-105.583 298.558-298.558 298.558-59.452 0-114.68-17.219-161.137-47.106 8.447.974 16.568 1.299 25.34 1.299 49.055 0 94.213-16.568 130.274-44.832-46.132-.975-84.792-31.188-98.112-72.772 6.498.974 12.995 1.624 19.818 1.624 9.421 0 18.843-1.3 27.614-3.573-48.081-9.747-84.143-51.98-84.143-102.985v-1.299c13.969 7.797 30.214 12.67 47.431 13.319-28.264-18.843-46.781-51.005-46.781-87.391 0-19.492 5.197-37.36 14.294-52.954 51.655 63.675 129.3 105.258 216.365 109.807-1.624-7.797-2.599-15.918-2.599-24.04 0-57.828 46.782-104.934 104.934-104.934 30.213 0 57.502 12.67 76.67 33.137 23.715-4.548 46.456-13.32 66.599-25.34-7.798 24.366-24.366 44.833-46.132 57.827 21.117-2.273 41.584-8.122 60.426-16.243-14.292 20.791-32.161 39.308-52.628 54.253z\"><\/path><\/svg>\t\t\t\t\t\t\t<\/span>\n\t\t\t\t\t\t\t\t\t\t\t\t\t\t\t\t\t\t\t\t<\/div>\n\t\t\t\t\t<\/div>\n\t\t\t\t\t\t\t\t\t<div class=\"elementor-grid-item\">\n\t\t\t\t\t\t<div\n\t\t\t\t\t\t\tclass=\"elementor-share-btn elementor-share-btn_linkedin\"\n\t\t\t\t\t\t\trole=\"button\"\n\t\t\t\t\t\t\ttabindex=\"0\"\n\t\t\t\t\t\t\taria-label=\"Teilen auf linkedin\"\n\t\t\t\t\t\t>\n\t\t\t\t\t\t\t\t\t\t\t\t\t\t\t<span class=\"elementor-share-btn__icon\">\n\t\t\t\t\t\t\t\t<svg class=\"e-font-icon-svg e-fab-linkedin\" viewBox=\"0 0 448 512\" xmlns=\"http:\/\/www.w3.org\/2000\/svg\"><path d=\"M416 32H31.9C14.3 32 0 46.5 0 64.3v383.4C0 465.5 14.3 480 31.9 480H416c17.6 0 32-14.5 32-32.3V64.3c0-17.8-14.4-32.3-32-32.3zM135.4 416H69V202.2h66.5V416zm-33.2-243c-21.3 0-38.5-17.3-38.5-38.5S80.9 96 102.2 96c21.2 0 38.5 17.3 38.5 38.5 0 21.3-17.2 38.5-38.5 38.5zm282.1 243h-66.4V312c0-24.8-.5-56.7-34.5-56.7-34.6 0-39.9 27-39.9 54.9V416h-66.4V202.2h63.7v29.2h.9c8.9-16.8 30.6-34.5 62.9-34.5 67.2 0 79.7 44.3 79.7 101.9V416z\"><\/path><\/svg>\t\t\t\t\t\t\t<\/span>\n\t\t\t\t\t\t\t\t\t\t\t\t\t\t\t\t\t\t\t\t<\/div>\n\t\t\t\t\t<\/div>\n\t\t\t\t\t\t\t\t\t<div class=\"elementor-grid-item\">\n\t\t\t\t\t\t<div\n\t\t\t\t\t\t\tclass=\"elementor-share-btn elementor-share-btn_pinterest\"\n\t\t\t\t\t\t\trole=\"button\"\n\t\t\t\t\t\t\ttabindex=\"0\"\n\t\t\t\t\t\t\taria-label=\"Teilen auf pinterest\"\n\t\t\t\t\t\t>\n\t\t\t\t\t\t\t\t\t\t\t\t\t\t\t<span class=\"elementor-share-btn__icon\">\n\t\t\t\t\t\t\t\t<svg class=\"e-font-icon-svg e-fab-pinterest\" viewBox=\"0 0 496 512\" xmlns=\"http:\/\/www.w3.org\/2000\/svg\"><path d=\"M496 256c0 137-111 248-248 248-25.6 0-50.2-3.9-73.4-11.1 10.1-16.5 25.2-43.5 30.8-65 3-11.6 15.4-59 15.4-59 8.1 15.4 31.7 28.5 56.8 28.5 74.8 0 128.7-68.8 128.7-154.3 0-81.9-66.9-143.2-152.9-143.2-107 0-163.9 71.8-163.9 150.1 0 36.4 19.4 81.7 50.3 96.1 4.7 2.2 7.2 1.2 8.3-3.3.8-3.4 5-20.3 6.9-28.1.6-2.5.3-4.7-1.7-7.1-10.1-12.5-18.3-35.3-18.3-56.6 0-54.7 41.4-107.6 112-107.6 60.9 0 103.6 41.5 103.6 100.9 0 67.1-33.9 113.6-78 113.6-24.3 0-42.6-20.1-36.7-44.8 7-29.5 20.5-61.3 20.5-82.6 0-19-10.2-34.9-31.4-34.9-24.9 0-44.9 25.7-44.9 60.2 0 22 7.4 36.8 7.4 36.8s-24.5 103.8-29 123.2c-5 21.4-3 51.6-.9 71.2C65.4 450.9 0 361.1 0 256 0 119 111 8 248 8s248 111 248 248z\"><\/path><\/svg>\t\t\t\t\t\t\t<\/span>\n\t\t\t\t\t\t\t\t\t\t\t\t\t\t\t\t\t\t\t\t<\/div>\n\t\t\t\t\t<\/div>\n\t\t\t\t\t\t<\/div>\n\t\t\t\t<\/div>\n\t\t\t\t<\/div>\n\t\t\t\t\t<\/div>\n\t\t<\/div>\n\t\t\t\t\t<\/div>\n\t\t<\/section>\n\t\t\t\t<\/div>\n\t\t","protected":false},"excerpt":{"rendered":"<p>E-Autos gibt es viele. Neben unterschiedlichen Fahrzeugtypen finden Interessierte auch eine Vielzahl an Ladetechniken und Abrechnungssystemen vor. Welches ist das E Auto mit gr\u00f6\u00dfter Reichweite, wie unterscheidet sich die Ladeleistung von Elektroautos im Vergleich und welche Steckertypen und Ladesysteme gibt es? Und kann man ein Elektroauto an eine Steckdose mit Starkstrom anschlie\u00dfen? Eine \u00dcbersicht. Elektroauto [&hellip;]<\/p>\n","protected":false},"author":74,"featured_media":40495,"comment_status":"open","ping_status":"closed","sticky":false,"template":"","format":"standard","meta":{"footnotes":"","mc4wp_mailchimp_campaign":[],"_wp_rev_ctl_limit":""},"categories":[4444,4447],"tags":[4452],"yoast_head":"<!-- This site is optimized with the Yoast SEO Premium plugin v21.5 (Yoast SEO v21.5) - https:\/\/yoast.com\/wordpress\/plugins\/seo\/ -->\n<title>Elektroauto laden - Anbieter und Systeme<\/title>\n<meta name=\"description\" content=\"Alle Infos zum Aufladen von Elektroautos sind in diesem Artikel f\u00fcr Sie zusammengefasst. Erfahren Sie jetzt mehr zum Thema!\" \/>\n<meta name=\"robots\" content=\"index, follow, max-snippet:-1, max-image-preview:large, max-video-preview:-1\" \/>\n<link rel=\"canonical\" href=\"https:\/\/vimcar.de\/boxenstopp\/blog\/elektroauto-laden\/\" \/>\n<meta property=\"og:locale\" content=\"de_DE\" \/>\n<meta property=\"og:type\" content=\"article\" \/>\n<meta property=\"og:title\" content=\"Elektroauto laden \u2013 Anbieter und Systeme\" \/>\n<meta property=\"og:description\" content=\"Alle Infos zum Aufladen von Elektroautos sind in diesem Artikel f\u00fcr Sie zusammengefasst. Erfahren Sie jetzt mehr zum Thema!\" \/>\n<meta property=\"og:url\" content=\"https:\/\/vimcar.de\/boxenstopp\/blog\/elektroauto-laden\/\" \/>\n<meta property=\"og:site_name\" content=\"Vimcar Boxenstopp\" \/>\n<meta property=\"article:publisher\" content=\"https:\/\/www.facebook.com\/vimcar\" \/>\n<meta property=\"article:published_time\" content=\"2021-06-14T11:39:26+00:00\" \/>\n<meta property=\"article:modified_time\" content=\"2024-07-15T10:35:35+00:00\" \/>\n<meta property=\"og:image\" content=\"https:\/\/vimcar.de\/boxenstopp\/wp-content\/uploads\/2021\/06\/Elektroauto-laden.jpg\" \/>\n\t<meta property=\"og:image:width\" content=\"640\" \/>\n\t<meta property=\"og:image:height\" content=\"360\" \/>\n\t<meta property=\"og:image:type\" content=\"image\/jpeg\" \/>\n<meta name=\"author\" content=\"Hoang Tam Pham\" \/>\n<meta name=\"twitter:card\" content=\"summary_large_image\" \/>\n<meta name=\"twitter:creator\" content=\"@hoang.tam.pham@vimcar.com\" \/>\n<meta name=\"twitter:site\" content=\"@goVimcar\" \/>\n<meta name=\"twitter:label1\" content=\"Verfasst von\" \/>\n\t<meta name=\"twitter:data1\" content=\"Hoang Tam Pham\" \/>\n\t<meta name=\"twitter:label2\" content=\"Gesch\u00e4tzte Lesezeit\" \/>\n\t<meta name=\"twitter:data2\" content=\"5\u00a0Minuten\" \/>\n<!-- \/ Yoast SEO Premium plugin. -->","yoast_head_json":{"title":"Elektroauto laden - Anbieter und Systeme","description":"Alle Infos zum Aufladen von Elektroautos sind in diesem Artikel f\u00fcr Sie zusammengefasst. Erfahren Sie jetzt mehr zum Thema!","robots":{"index":"index","follow":"follow","max-snippet":"max-snippet:-1","max-image-preview":"max-image-preview:large","max-video-preview":"max-video-preview:-1"},"canonical":"https:\/\/vimcar.de\/boxenstopp\/blog\/elektroauto-laden\/","og_locale":"de_DE","og_type":"article","og_title":"Elektroauto laden \u2013 Anbieter und Systeme","og_description":"Alle Infos zum Aufladen von Elektroautos sind in diesem Artikel f\u00fcr Sie zusammengefasst. Erfahren Sie jetzt mehr zum Thema!","og_url":"https:\/\/vimcar.de\/boxenstopp\/blog\/elektroauto-laden\/","og_site_name":"Vimcar Boxenstopp","article_publisher":"https:\/\/www.facebook.com\/vimcar","article_published_time":"2021-06-14T11:39:26+00:00","article_modified_time":"2024-07-15T10:35:35+00:00","og_image":[{"width":640,"height":360,"url":"https:\/\/vimcar.de\/boxenstopp\/wp-content\/uploads\/2021\/06\/Elektroauto-laden.jpg","type":"image\/jpeg"}],"author":"Hoang Tam Pham","twitter_card":"summary_large_image","twitter_creator":"@hoang.tam.pham@vimcar.com","twitter_site":"@goVimcar","twitter_misc":{"Verfasst von":"Hoang Tam Pham","Gesch\u00e4tzte Lesezeit":"5\u00a0Minuten"},"schema":{"@context":"https:\/\/schema.org","@graph":[{"@type":"Article","@id":"https:\/\/vimcar.de\/boxenstopp\/blog\/elektroauto-laden\/#article","isPartOf":{"@id":"https:\/\/vimcar.de\/boxenstopp\/blog\/elektroauto-laden\/"},"author":{"name":"Hoang Tam Pham","@id":"https:\/\/vimcar.de\/boxenstopp\/#\/schema\/person\/fd4558e260e57a027c9338c8844b7e97"},"headline":"Elektroauto laden \u2013 Anbieter und Systeme","datePublished":"2021-06-14T11:39:26+00:00","dateModified":"2024-07-15T10:35:35+00:00","mainEntityOfPage":{"@id":"https:\/\/vimcar.de\/boxenstopp\/blog\/elektroauto-laden\/"},"wordCount":694,"commentCount":0,"publisher":{"@id":"https:\/\/vimcar.de\/boxenstopp\/#organization"},"keywords":["E-Mobilit\u00e4t"],"articleSection":["Blog","KATEGORIEN"],"inLanguage":"de","potentialAction":[{"@type":"CommentAction","name":"Comment","target":["https:\/\/vimcar.de\/boxenstopp\/blog\/elektroauto-laden\/#respond"]}]},{"@type":"WebPage","@id":"https:\/\/vimcar.de\/boxenstopp\/blog\/elektroauto-laden\/","url":"https:\/\/vimcar.de\/boxenstopp\/blog\/elektroauto-laden\/","name":"Elektroauto laden - Anbieter und Systeme","isPartOf":{"@id":"https:\/\/vimcar.de\/boxenstopp\/#website"},"datePublished":"2021-06-14T11:39:26+00:00","dateModified":"2024-07-15T10:35:35+00:00","description":"Alle Infos zum Aufladen von Elektroautos sind in diesem Artikel f\u00fcr Sie zusammengefasst. Erfahren Sie jetzt mehr zum Thema!","breadcrumb":{"@id":"https:\/\/vimcar.de\/boxenstopp\/blog\/elektroauto-laden\/#breadcrumb"},"inLanguage":"de","potentialAction":[{"@type":"ReadAction","target":["https:\/\/vimcar.de\/boxenstopp\/blog\/elektroauto-laden\/"]}]},{"@type":"BreadcrumbList","@id":"https:\/\/vimcar.de\/boxenstopp\/blog\/elektroauto-laden\/#breadcrumb","itemListElement":[{"@type":"ListItem","position":1,"name":"Startseite","item":"https:\/\/vimcar.de\/boxenstopp\/"},{"@type":"ListItem","position":2,"name":"Elektroauto laden \u2013 Anbieter und Systeme"}]},{"@type":"WebSite","@id":"https:\/\/vimcar.de\/boxenstopp\/#website","url":"https:\/\/vimcar.de\/boxenstopp\/","name":"Vimcar Boxenstopp","description":"- Die Lernplattform f\u00fcr Fuhrparkleiter","publisher":{"@id":"https:\/\/vimcar.de\/boxenstopp\/#organization"},"potentialAction":[{"@type":"SearchAction","target":{"@type":"EntryPoint","urlTemplate":"https:\/\/vimcar.de\/boxenstopp\/?s={search_term_string}"},"query-input":"required name=search_term_string"}],"inLanguage":"de"},{"@type":"Organization","@id":"https:\/\/vimcar.de\/boxenstopp\/#organization","name":"Vimcar Boxenstopp - Fuhrparkwissen","url":"https:\/\/vimcar.de\/boxenstopp\/","logo":{"@type":"ImageObject","inLanguage":"de","@id":"https:\/\/vimcar.de\/boxenstopp\/#\/schema\/logo\/image\/","url":"https:\/\/vimcar.de\/boxenstopp\/wp-content\/uploads\/2020\/10\/logo-vimcar-boxenstopp.png","contentUrl":"https:\/\/vimcar.de\/boxenstopp\/wp-content\/uploads\/2020\/10\/logo-vimcar-boxenstopp.png","width":250,"height":50,"caption":"Vimcar Boxenstopp - Fuhrparkwissen"},"image":{"@id":"https:\/\/vimcar.de\/boxenstopp\/#\/schema\/logo\/image\/"},"sameAs":["https:\/\/www.facebook.com\/vimcar","https:\/\/twitter.com\/goVimcar","https:\/\/www.instagram.com\/vimcar_official\/","https:\/\/de.linkedin.com\/company\/vimcar","https:\/\/www.pinterest.de\/vimcar\/","https:\/\/www.youtube.com\/channel\/UCWRajoA7OnWsAw-ezAahZPg"]},{"@type":"Person","@id":"https:\/\/vimcar.de\/boxenstopp\/#\/schema\/person\/fd4558e260e57a027c9338c8844b7e97","name":"Hoang Tam Pham","sameAs":["https:\/\/www.linkedin.com\/in\/hoang-tam-pham\/","https:\/\/twitter.com\/hoang.tam.pham@vimcar.com"]}]}},"_links":{"self":[{"href":"https:\/\/vimcar.de\/boxenstopp\/wp-json\/wp\/v2\/posts\/24343"}],"collection":[{"href":"https:\/\/vimcar.de\/boxenstopp\/wp-json\/wp\/v2\/posts"}],"about":[{"href":"https:\/\/vimcar.de\/boxenstopp\/wp-json\/wp\/v2\/types\/post"}],"author":[{"embeddable":true,"href":"https:\/\/vimcar.de\/boxenstopp\/wp-json\/wp\/v2\/users\/74"}],"replies":[{"embeddable":true,"href":"https:\/\/vimcar.de\/boxenstopp\/wp-json\/wp\/v2\/comments?post=24343"}],"version-history":[{"count":3,"href":"https:\/\/vimcar.de\/boxenstopp\/wp-json\/wp\/v2\/posts\/24343\/revisions"}],"predecessor-version":[{"id":49524,"href":"https:\/\/vimcar.de\/boxenstopp\/wp-json\/wp\/v2\/posts\/24343\/revisions\/49524"}],"wp:featuredmedia":[{"embeddable":true,"href":"https:\/\/vimcar.de\/boxenstopp\/wp-json\/wp\/v2\/media\/40495"}],"wp:attachment":[{"href":"https:\/\/vimcar.de\/boxenstopp\/wp-json\/wp\/v2\/media?parent=24343"}],"wp:term":[{"taxonomy":"category","embeddable":true,"href":"https:\/\/vimcar.de\/boxenstopp\/wp-json\/wp\/v2\/categories?post=24343"},{"taxonomy":"post_tag","embeddable":true,"href":"https:\/\/vimcar.de\/boxenstopp\/wp-json\/wp\/v2\/tags?post=24343"}],"curies":[{"name":"wp","href":"https:\/\/api.w.org\/{rel}","templated":true}]}}