{"id":24508,"date":"2021-06-17T09:35:04","date_gmt":"2021-06-17T07:35:04","guid":{"rendered":"https:\/\/vimcar.de\/boxenstopp\/?p=24508"},"modified":"2023-06-29T13:36:37","modified_gmt":"2023-06-29T11:36:37","slug":"bussgeldreform","status":"publish","type":"post","link":"https:\/\/vimcar.de\/boxenstopp\/blog\/bussgeldreform\/","title":{"rendered":"Bu\u00dfgeldreform &#8211; Welche Neuerungen gibt es?"},"content":{"rendered":"\t\t<div data-elementor-type=\"wp-post\" data-elementor-id=\"24508\" class=\"elementor elementor-24508\" data-elementor-post-type=\"post\">\n\t\t\t\t\t\t<section class=\"elementor-section elementor-top-section elementor-element elementor-element-7f369ae elementor-section-boxed elementor-section-height-default elementor-section-height-default\" data-id=\"7f369ae\" data-element_type=\"section\">\n\t\t\t\t\t\t<div class=\"elementor-container elementor-column-gap-default\">\n\t\t\t\t\t<div class=\"elementor-column elementor-col-100 elementor-top-column elementor-element elementor-element-0b101f1\" data-id=\"0b101f1\" data-element_type=\"column\">\n\t\t\t<div class=\"elementor-widget-wrap elementor-element-populated\">\n\t\t\t\t\t\t<div class=\"elementor-element elementor-element-000ed6e elementor-widget elementor-widget-text-editor\" data-id=\"000ed6e\" data-element_type=\"widget\" data-widget_type=\"text-editor.default\">\n\t\t\t\t<div class=\"elementor-widget-container\">\n\t\t\t\t\t\t\t<p><span style=\"font-weight: 400;\">\u00dcber ein Jahr haben Bund und L\u00e4nder gebraucht, um \u00fcber einen neuen Bu\u00dfgeldkatalog zu beratschlagen \u2013 wegen eines Formfehlers waren Teile des zun\u00e4chst vorgeschlagenen erst einmal als rechtswidrig eingestuft worden. Jetzt hat man wohl einen Kompromiss gefunden, der bis Sp\u00e4tsommer den Bundesrat passieren und ab Herbst in Kraft treten soll. Wir haben uns die wichtigsten \u00c4nderungen in der Bu\u00dfgeldreform einmal genauer angeguckt.<\/span><\/p>\t\t\t\t\t\t<\/div>\n\t\t\t\t<\/div>\n\t\t\t\t<div class=\"elementor-element elementor-element-df6a967 elementor-widget elementor-widget-heading\" data-id=\"df6a967\" data-element_type=\"widget\" data-widget_type=\"heading.default\">\n\t\t\t\t<div class=\"elementor-widget-container\">\n\t\t\t<h2 class=\"elementor-heading-title elementor-size-default\">Das kommt auf Autofahrer 2021 zu<\/h2>\t\t<\/div>\n\t\t\t\t<\/div>\n\t\t\t\t\t<\/div>\n\t\t<\/div>\n\t\t\t\t\t<\/div>\n\t\t<\/section>\n\t\t\t\t<section class=\"elementor-section elementor-top-section elementor-element elementor-element-5b77c8a elementor-section-boxed elementor-section-height-default elementor-section-height-default\" data-id=\"5b77c8a\" data-element_type=\"section\">\n\t\t\t\t\t\t<div class=\"elementor-container elementor-column-gap-default\">\n\t\t\t\t\t<div class=\"elementor-column elementor-col-100 elementor-top-column elementor-element elementor-element-920d5f9\" data-id=\"920d5f9\" data-element_type=\"column\">\n\t\t\t<div class=\"elementor-widget-wrap elementor-element-populated\">\n\t\t\t\t\t\t<div class=\"elementor-element elementor-element-c9bd5a0 elementor-widget elementor-widget-text-editor\" data-id=\"c9bd5a0\" data-element_type=\"widget\" data-widget_type=\"text-editor.default\">\n\t\t\t\t<div class=\"elementor-widget-container\">\n\t\t\t\t\t\t\t<p><span style=\"font-weight: 400;\">Soviel vorweg: Es wird teurer. Das urspr\u00fcnglich vorgesehene Fahrverbot bei Geschwindigkeits\u00fcberschreitungen (innerorts ab 21, au\u00dferorts ab 26 km\/h \u00fcber vorgeschriebenem Tempo) wurde aber zur\u00fcckgenommen. Eine wichtige \u00c4nderung gilt aber schon jetzt: GafferInnen k\u00f6nnen zu einer Freiheitsstrafe von bis zu zwei Jahren verurteilt werden, wenn sie am verstorbene Unfallopfer fotografieren \u2013 bislang waren nur lebende Personen dank Paragraph 201 a StGB gesch\u00fctzt. Es bleibt dabei, dass die Fahrerlaubnis bei einem Punktestand von 8 eingezogen wird. 2014 war das erst mit 18 Punkten in Flensburg der Fall.<\/span><\/p>\t\t\t\t\t\t<\/div>\n\t\t\t\t<\/div>\n\t\t\t\t\t<\/div>\n\t\t<\/div>\n\t\t\t\t\t<\/div>\n\t\t<\/section>\n\t\t\t\t<section class=\"elementor-section elementor-top-section elementor-element elementor-element-098a18a elementor-section-boxed elementor-section-height-default elementor-section-height-default\" data-id=\"098a18a\" data-element_type=\"section\">\n\t\t\t\t\t\t<div class=\"elementor-container elementor-column-gap-default\">\n\t\t\t\t\t<div class=\"elementor-column elementor-col-100 elementor-top-column elementor-element elementor-element-2efa97d\" data-id=\"2efa97d\" data-element_type=\"column\">\n\t\t\t<div class=\"elementor-widget-wrap elementor-element-populated\">\n\t\t\t\t\t\t<section class=\"elementor-section elementor-inner-section elementor-element elementor-element-de02fa0 elementor-section-boxed elementor-section-height-default elementor-section-height-default\" data-id=\"de02fa0\" data-element_type=\"section\">\n\t\t\t\t\t\t<div class=\"elementor-container elementor-column-gap-default\">\n\t\t\t\t\t<div class=\"elementor-column elementor-col-50 elementor-inner-column elementor-element elementor-element-7f13f5b\" data-id=\"7f13f5b\" data-element_type=\"column\">\n\t\t\t<div class=\"elementor-widget-wrap elementor-element-populated\">\n\t\t\t\t\t\t<div class=\"elementor-element elementor-element-a222390 elementor-widget elementor-widget-heading\" data-id=\"a222390\" data-element_type=\"widget\" data-widget_type=\"heading.default\">\n\t\t\t\t<div class=\"elementor-widget-container\">\n\t\t\t<h2 class=\"elementor-heading-title elementor-size-default\">Tempoverst\u00f6\u00dfe laut Bu\u00dfgeldreform<\/h2>\t\t<\/div>\n\t\t\t\t<\/div>\n\t\t\t\t<div class=\"elementor-element elementor-element-7d5b9be elementor-widget elementor-widget-text-editor\" data-id=\"7d5b9be\" data-element_type=\"widget\" data-widget_type=\"text-editor.default\">\n\t\t\t\t<div class=\"elementor-widget-container\">\n\t\t\t\t\t\t\t<p><span style=\"font-weight: 400;\">Je schneller, desto teurer \u2013 wer innerorts die Geschwindigkeit \u00fcberschreitet, wird deutlich st\u00e4rker zur Kasse gebeten: Bei 10 km\/h \u00dcberschreitung werden f\u00fcr PKW 30 statt 15 Euro f\u00e4llig, ab 26 km\/h 180 statt bisher 100, und wer 41 mehr auf dem Tacho hat, zahlt 400 statt 200 Euro. Punkte f\u00fcr Flensburg und Fahrverbote bleiben hingegen wie vorher. Bei LKW ab 3,5 t sieht es so aus: z. B. bis 10 kmh 40 (statt 20) Euro, bei 26 km\/h 235 (statt 140) Euro, bei 41 km\/h 560 (statt 280) Euro. Wer gef\u00e4hrliche G\u00fcter geladen hat, zahlt ebenfalls zum Teil doppelt so viel wie bisher. Auch f\u00fcr LKW \u00e4ndern sich die Bestimmungen zu Punktevergabe und Fahrverbot nicht. <\/span><\/p>\t\t\t\t\t\t<\/div>\n\t\t\t\t<\/div>\n\t\t\t\t\t<\/div>\n\t\t<\/div>\n\t\t\t\t<div class=\"elementor-column elementor-col-50 elementor-inner-column elementor-element elementor-element-8841985\" data-id=\"8841985\" data-element_type=\"column\">\n\t\t\t<div class=\"elementor-widget-wrap elementor-element-populated\">\n\t\t\t\t\t\t<div class=\"elementor-element elementor-element-d870f56 elementor-widget elementor-widget-image\" data-id=\"d870f56\" data-element_type=\"widget\" data-widget_type=\"image.default\">\n\t\t\t\t<div class=\"elementor-widget-container\">\n\t\t\t\t\t\t\t\t\t\t\t\t\t<img fetchpriority=\"high\" decoding=\"async\" width=\"640\" height=\"427\" src=\"https:\/\/vimcar.de\/boxenstopp\/wp-content\/uploads\/2021\/06\/denny-muller-PulU3AxfJtQ-unsplash.jpg\" class=\"attachment-large size-large wp-image-24510\" alt=\"Tempoversto\u00df\" srcset=\"https:\/\/vimcar.de\/boxenstopp\/wp-content\/uploads\/2021\/06\/denny-muller-PulU3AxfJtQ-unsplash.jpg 640w, https:\/\/vimcar.de\/boxenstopp\/wp-content\/uploads\/2021\/06\/denny-muller-PulU3AxfJtQ-unsplash-300x200.jpg 300w, https:\/\/vimcar.de\/boxenstopp\/wp-content\/uploads\/2021\/06\/denny-muller-PulU3AxfJtQ-unsplash-24x16.jpg 24w, https:\/\/vimcar.de\/boxenstopp\/wp-content\/uploads\/2021\/06\/denny-muller-PulU3AxfJtQ-unsplash-36x24.jpg 36w, https:\/\/vimcar.de\/boxenstopp\/wp-content\/uploads\/2021\/06\/denny-muller-PulU3AxfJtQ-unsplash-48x32.jpg 48w\" sizes=\"(max-width: 640px) 100vw, 640px\" \/>\t\t\t\t\t\t\t\t\t\t\t\t\t<\/div>\n\t\t\t\t<\/div>\n\t\t\t\t\t<\/div>\n\t\t<\/div>\n\t\t\t\t\t<\/div>\n\t\t<\/section>\n\t\t\t\t\t<\/div>\n\t\t<\/div>\n\t\t\t\t\t<\/div>\n\t\t<\/section>\n\t\t\t\t<section class=\"elementor-section elementor-top-section elementor-element elementor-element-d34fbf4 elementor-section-boxed elementor-section-height-default elementor-section-height-default\" data-id=\"d34fbf4\" data-element_type=\"section\">\n\t\t\t\t\t\t<div class=\"elementor-container elementor-column-gap-default\">\n\t\t\t\t\t<div class=\"elementor-column elementor-col-100 elementor-top-column elementor-element elementor-element-e16af0d\" data-id=\"e16af0d\" data-element_type=\"column\">\n\t\t\t<div class=\"elementor-widget-wrap elementor-element-populated\">\n\t\t\t\t\t\t<div class=\"elementor-element elementor-element-c738afd elementor-widget elementor-widget-heading\" data-id=\"c738afd\" data-element_type=\"widget\" data-widget_type=\"heading.default\">\n\t\t\t\t<div class=\"elementor-widget-container\">\n\t\t\t<h3 class=\"elementor-heading-title elementor-size-default\">Bu\u00dfgeld f\u00fcr Tempo\u00fcberschreitung beim Rechtsabbiegen <\/h3>\t\t<\/div>\n\t\t\t\t<\/div>\n\t\t\t\t<div class=\"elementor-element elementor-element-0c3fcab elementor-widget elementor-widget-text-editor\" data-id=\"0c3fcab\" data-element_type=\"widget\" data-widget_type=\"text-editor.default\">\n\t\t\t\t<div class=\"elementor-widget-container\">\n\t\t\t\t\t\t\t<p><span style=\"font-weight: 400;\">LKW m\u00fcssen innerorts beim Rechtsabbiegen Schrittgeschwindigkeit fahren. Tun sie das nicht, kostet das laut dem neuen Bu\u00dfgeldkatalog 70 Euro. Bei Sorgfaltspflichtverletzung beim Ein- und Aussteigen oder Abbiegen werden die bisherigen Geldbu\u00dfen verdoppelt, bei Gef\u00e4hrdung durch Abbiegen folgt ein Fahrverbot von einem Monat.<\/span><\/p>\t\t\t\t\t\t<\/div>\n\t\t\t\t<\/div>\n\t\t\t\t<div class=\"elementor-element elementor-element-feb35d9 elementor-widget elementor-widget-heading\" data-id=\"feb35d9\" data-element_type=\"widget\" data-widget_type=\"heading.default\">\n\t\t\t\t<div class=\"elementor-widget-container\">\n\t\t\t<h2 class=\"elementor-heading-title elementor-size-default\">H\u00f6here Kosten beim Halten und Parken<\/h2>\t\t<\/div>\n\t\t\t\t<\/div>\n\t\t\t\t<section class=\"elementor-section elementor-inner-section elementor-element elementor-element-4f809bb elementor-section-boxed elementor-section-height-default elementor-section-height-default\" data-id=\"4f809bb\" data-element_type=\"section\">\n\t\t\t\t\t\t<div class=\"elementor-container elementor-column-gap-default\">\n\t\t\t\t\t<div class=\"elementor-column elementor-col-50 elementor-inner-column elementor-element elementor-element-4752f8a\" data-id=\"4752f8a\" data-element_type=\"column\">\n\t\t\t<div class=\"elementor-widget-wrap elementor-element-populated\">\n\t\t\t\t\t\t<div class=\"elementor-element elementor-element-52c639e elementor-widget elementor-widget-text-editor\" data-id=\"52c639e\" data-element_type=\"widget\" data-widget_type=\"text-editor.default\">\n\t\t\t\t<div class=\"elementor-widget-container\">\n\t\t\t\t\t\t\t<p><span style=\"font-weight: 400;\">Wer sein Fahrzeug verl\u00e4sst oder l\u00e4nger als drei Minuten h\u00e4lt, der parkt. Und das kostet auf Geh- und Radwegen zuk\u00fcnftig 110 Euro, unberechtigtes Parken auf einem Schwerbehindertenparkplatz wird von 35 auf 55 angehoben. Bei Parkverst\u00f6\u00dfen in amtlich gekennzeichneten Feuerwehrzufahrten wird die Geldbu\u00dfe auf bis zu 100 Euro erh\u00f6ht, gleiches gilt bei Behinderung von Rettungsfahrzeugen durch falsches Parken. Ein allgemeiner Halt oder Parkversto\u00df, der den Verkehr nicht gef\u00e4hrdet, hat statt eines Verwarnungsgeldes von bis zu 15 nun bis zu 55 Euro zur Folge.<\/span><\/p><p><span style=\"font-weight: 400;\">Wer eine Stra\u00dfenbahn blockiert oder behindert, hat 80 Euro zu zahlen, das Parken auf Schienen kostet 70 Euro und die Geldstrafe f\u00fcr Halt- und Parkverst\u00f6\u00dfe auf Bussonderstreifen und im Haltestellenbereich steigt von maximal 35 Euro auf bis zu 100 Euro an.<\/span><\/p><p><span style=\"font-weight: 400;\">Halten in zweiter Reihe oder auf Schutzstreifen schl\u00e4gt demn\u00e4chst mit 110 Euro zu Buche. Und erstmalig im Bu\u00dfgeldkatalog: Das unberechtigte Parken auf einem Parkplatz f\u00fcr elektrisch betriebene oder Carsharing-Fahrzeuge wird mit 55 Euro geahndet, ebenso wie das Blockieren einer E-Auto-Ladestation.<\/span><\/p>\t\t\t\t\t\t<\/div>\n\t\t\t\t<\/div>\n\t\t\t\t\t<\/div>\n\t\t<\/div>\n\t\t\t\t<div class=\"elementor-column elementor-col-50 elementor-inner-column elementor-element elementor-element-6bae84c\" data-id=\"6bae84c\" data-element_type=\"column\">\n\t\t\t<div class=\"elementor-widget-wrap elementor-element-populated\">\n\t\t\t\t\t\t<div class=\"elementor-element elementor-element-eb90e3e elementor-widget elementor-widget-image\" data-id=\"eb90e3e\" data-element_type=\"widget\" data-widget_type=\"image.default\">\n\t\t\t\t<div class=\"elementor-widget-container\">\n\t\t\t\t\t\t\t\t\t\t\t\t\t<img decoding=\"async\" width=\"640\" height=\"960\" src=\"https:\/\/vimcar.de\/boxenstopp\/wp-content\/uploads\/2021\/06\/silviu-beniamin-tofan-mHYSf0V1t0g-unsplash.jpg\" class=\"attachment-medium_large size-medium_large wp-image-24512\" alt=\"Halteverbot\" srcset=\"https:\/\/vimcar.de\/boxenstopp\/wp-content\/uploads\/2021\/06\/silviu-beniamin-tofan-mHYSf0V1t0g-unsplash.jpg 640w, https:\/\/vimcar.de\/boxenstopp\/wp-content\/uploads\/2021\/06\/silviu-beniamin-tofan-mHYSf0V1t0g-unsplash-200x300.jpg 200w, https:\/\/vimcar.de\/boxenstopp\/wp-content\/uploads\/2021\/06\/silviu-beniamin-tofan-mHYSf0V1t0g-unsplash-16x24.jpg 16w, https:\/\/vimcar.de\/boxenstopp\/wp-content\/uploads\/2021\/06\/silviu-beniamin-tofan-mHYSf0V1t0g-unsplash-24x36.jpg 24w, https:\/\/vimcar.de\/boxenstopp\/wp-content\/uploads\/2021\/06\/silviu-beniamin-tofan-mHYSf0V1t0g-unsplash-32x48.jpg 32w\" sizes=\"(max-width: 640px) 100vw, 640px\" \/>\t\t\t\t\t\t\t\t\t\t\t\t\t<\/div>\n\t\t\t\t<\/div>\n\t\t\t\t\t<\/div>\n\t\t<\/div>\n\t\t\t\t\t<\/div>\n\t\t<\/section>\n\t\t\t\t\t<\/div>\n\t\t<\/div>\n\t\t\t\t\t<\/div>\n\t\t<\/section>\n\t\t\t\t<section class=\"elementor-section elementor-top-section elementor-element elementor-element-5cf5a98 elementor-section-boxed elementor-section-height-default elementor-section-height-default\" data-id=\"5cf5a98\" data-element_type=\"section\">\n\t\t\t\t\t\t<div class=\"elementor-container elementor-column-gap-default\">\n\t\t\t\t\t<div class=\"elementor-column elementor-col-100 elementor-top-column elementor-element elementor-element-b57ba8f\" data-id=\"b57ba8f\" data-element_type=\"column\">\n\t\t\t<div class=\"elementor-widget-wrap elementor-element-populated\">\n\t\t\t\t\t\t<div class=\"elementor-element elementor-element-77dcb9d elementor-widget elementor-widget-heading\" data-id=\"77dcb9d\" data-element_type=\"widget\" data-widget_type=\"heading.default\">\n\t\t\t\t<div class=\"elementor-widget-container\">\n\t\t\t<h2 class=\"elementor-heading-title elementor-size-default\">Fahrverbot droht bei St\u00f6ren oder Befahren der Rettungsgasse\u200b<\/h2>\t\t<\/div>\n\t\t\t\t<\/div>\n\t\t\t\t<div class=\"elementor-element elementor-element-f16c531 elementor-widget elementor-widget-text-editor\" data-id=\"f16c531\" data-element_type=\"widget\" data-widget_type=\"text-editor.default\">\n\t\t\t\t<div class=\"elementor-widget-container\">\n\t\t\t\t\t\t\t<p>Ein ewiges Problem: Zu viele FahrerInnen vers\u00e4umen es, eine Rettungsgasse zu bilden, manche nutzen die gebildete Gasse sogar, um schneller voran zu kommen. Demn\u00e4chst werden daf\u00fcr aber neben einem Bu\u00dfgeld von 200 bis 320 Euro auch noch Fahrverbote wirksam. Das gilt auch dann, wenn keine konkrete Gefahr f\u00fcr Dritte dadurch bestand. Wer eine Rettungsgasse widerrechtlich nutzt, erh\u00e4lt 2 Punkte in Flensburg, wer keine Rettungsgasse bildet oder deren Bildung st\u00f6rt, 1 Punkt.<\/p><p><span style=\"font-weight: 400;\">Auch das Befahren von Gehwegen wird nun vierfach verteuert. Statt bisher bis zu 25 Euro kostet das widerrechtliche Befahren von Fu\u00dfg\u00e4ngerwegen, Seitenstreifen und linksseitigen Radwegen nun bis zu 100 Euro. Auch das Posen an der Ampel wird f\u00fcr FahrerInnen ab sofort teurer. Wer unn\u00f6tige L\u00e4rm- oder Abgasbel\u00e4stigung verursacht oder hin- und herf\u00e4hrt, um seine Karosse zu pr\u00e4sentieren, ist mit 100 statt bisher 20 Euro dabei.\u00a0<\/span><\/p>\t\t\t\t\t\t<\/div>\n\t\t\t\t<\/div>\n\t\t\t\t<div class=\"elementor-element elementor-element-0a59ee3 elementor-widget elementor-widget-heading\" data-id=\"0a59ee3\" data-element_type=\"widget\" data-widget_type=\"heading.default\">\n\t\t\t\t<div class=\"elementor-widget-container\">\n\t\t\t<h2 class=\"elementor-heading-title elementor-size-default\">Mehr Artikel zum Thema Fuhrparkmanagement:<\/h2>\t\t<\/div>\n\t\t\t\t<\/div>\n\t\t\t\t<div class=\"elementor-element elementor-element-ed91ae5 elementor-widget elementor-widget-text-editor\" data-id=\"ed91ae5\" data-element_type=\"widget\" data-widget_type=\"text-editor.default\">\n\t\t\t\t<div class=\"elementor-widget-container\">\n\t\t\t\t\t\t\t<ul>\n<li><a href=\"https:\/\/vimcar.de\/boxenstopp\/blog\/fahrerkommunikation\/\">Fahrerkommunikation<\/a><\/li>\n<li>So sparen Sie durch <a href=\"https:\/\/vimcar.de\/boxenstopp\/blog\/wirtschaftliches-fahren\/\">wirtschaftliches Fahren<\/a><\/li>\n<li><a href=\"https:\/\/vimcar.de\/boxenstopp\/blog\/fahrsicherheitstraining\/\">Fahrsicherheitstraining<\/a> sch\u00fctzt den Fuhrpark und spart Geld&nbsp;<\/li>\n<li>So maximieren Sie die <a href=\"https:\/\/vimcar.de\/boxenstopp\/blog\/fahrersicherheit\/\">Fahrersicherheit<\/a><\/li>\n<li><a href=\"https:\/\/vimcar.de\/boxenstopp\/blog\/ordnungswidrigkeiten-im-fuhrpark\/\">Ordnungswidrigkeiten im Fuhrpark<\/a><\/li>\n<li><a href=\"https:\/\/vimcar.de\/boxenstopp\/blog\/verhalten-bei-unfaellen\/\">Das richtige Verhalten am Unfallort<\/a><\/li>\n<li>Fragebogen zur j\u00e4hrlichen <a href=\"https:\/\/vimcar.de\/boxenstopp\/ressourcenbereich\/fragebogen-jaehrliche-fahrerunterweisung\/\">Fahrerunterweisung<\/a><\/li>\n<li><a href=\"https:\/\/vimcar.de\/boxenstopp\/ressourcenbereich\/ladungssicherungsrechner\/\">Ladungssicherungsrechner<\/a><\/li>\n<li><a href=\"https:\/\/vimcar.de\/boxenstopp\/ressourcenbereich\/unfallbericht\/\">Unfallbericht<\/a><\/li>\n<li><a href=\"https:\/\/vimcar.de\/boxenstopp\/ressourcenbereich\/checkliste-taegliche-uvv-kontrolle-fahrzeugen\/\">UVV Checkliste zur t\u00e4glichen Fahrzeugkontrolle<\/a><\/li>\n<li><a href=\"https:\/\/vimcar.de\/boxenstopp\/blog\/unterstuetzung-fuer-berufsfahrerinnen\/\">Stress f\u00fcr Berufsfahrer: Nachhaltige Stressreduktion im Fuhrpark<\/a><\/li>\n<li><a href=\"https:\/\/vimcar.de\/boxenstopp\/blog\/fahrtkostenzuschuss\/\">Fahrtkostenzuschuss: Berechnung &amp; Versteuerung erkl\u00e4rt<\/a><br><\/li>\n<\/ul>\t\t\t\t\t\t<\/div>\n\t\t\t\t<\/div>\n\t\t\t\t\t<\/div>\n\t\t<\/div>\n\t\t\t\t\t<\/div>\n\t\t<\/section>\n\t\t\t\t<section class=\"elementor-section elementor-top-section elementor-element elementor-element-7053fb3 elementor-section-boxed elementor-section-height-default elementor-section-height-default\" data-id=\"7053fb3\" data-element_type=\"section\">\n\t\t\t\t\t\t<div class=\"elementor-container elementor-column-gap-default\">\n\t\t\t\t\t<div class=\"elementor-column elementor-col-100 elementor-top-column elementor-element elementor-element-40fd4ec\" data-id=\"40fd4ec\" data-element_type=\"column\">\n\t\t\t<div class=\"elementor-widget-wrap elementor-element-populated\">\n\t\t\t\t\t\t<div class=\"elementor-element elementor-element-1db4a65 elementor-author-box--avatar-yes elementor-author-box--name-yes elementor-author-box--biography-yes elementor-author-box--link-no elementor-widget elementor-widget-author-box\" data-id=\"1db4a65\" data-element_type=\"widget\" data-widget_type=\"author-box.default\">\n\t\t\t\t<div class=\"elementor-widget-container\">\n\t\t\t\t\t<div class=\"elementor-author-box\">\n\t\t\t\t\t\t\t<div  class=\"elementor-author-box__avatar\">\n\t\t\t\t\t<img decoding=\"async\" src=\"https:\/\/secure.gravatar.com\/avatar\/952860854fcbe6074255f751b460c68d?s=300&#038;d=mm&#038;r=g\" alt=\"Bild von Hoang Tam Pham\" loading=\"lazy\">\n\t\t\t\t<\/div>\n\t\t\t\n\t\t\t<div class=\"elementor-author-box__text\">\n\t\t\t\t\t\t\t\t\t<div >\n\t\t\t\t\t\t<h4 class=\"elementor-author-box__name\">\n\t\t\t\t\t\t\tHoang Tam Pham\t\t\t\t\t\t<\/h4>\n\t\t\t\t\t<\/div>\n\t\t\t\t\n\t\t\t\t\t\t\t\t\t<div class=\"elementor-author-box__bio\">\n\t\t\t\t\t\t\t\t\t\t\t<\/div>\n\t\t\t\t\n\t\t\t\t\t\t\t<\/div>\n\t\t<\/div>\n\t\t\t\t<\/div>\n\t\t\t\t<\/div>\n\t\t\t\t<div class=\"elementor-element elementor-element-41f40e3 elementor-share-buttons--view-icon elementor-share-buttons--skin-minimal elementor-share-buttons--color-custom elementor-share-buttons--shape-square elementor-grid-0 elementor-widget elementor-widget-global elementor-global-9354 elementor-widget-share-buttons\" data-id=\"41f40e3\" data-element_type=\"widget\" data-widget_type=\"share-buttons.default\">\n\t\t\t\t<div class=\"elementor-widget-container\">\n\t\t\t\t\t<div class=\"elementor-grid\">\n\t\t\t\t\t\t\t\t<div class=\"elementor-grid-item\">\n\t\t\t\t\t\t<div\n\t\t\t\t\t\t\tclass=\"elementor-share-btn elementor-share-btn_facebook\"\n\t\t\t\t\t\t\trole=\"button\"\n\t\t\t\t\t\t\ttabindex=\"0\"\n\t\t\t\t\t\t\taria-label=\"Teilen auf facebook\"\n\t\t\t\t\t\t>\n\t\t\t\t\t\t\t\t\t\t\t\t\t\t\t<span class=\"elementor-share-btn__icon\">\n\t\t\t\t\t\t\t\t<svg class=\"e-font-icon-svg e-fab-facebook\" viewBox=\"0 0 512 512\" xmlns=\"http:\/\/www.w3.org\/2000\/svg\"><path d=\"M504 256C504 119 393 8 256 8S8 119 8 256c0 123.78 90.69 226.38 209.25 245V327.69h-63V256h63v-54.64c0-62.15 37-96.48 93.67-96.48 27.14 0 55.52 4.84 55.52 4.84v61h-31.28c-30.8 0-40.41 19.12-40.41 38.73V256h68.78l-11 71.69h-57.78V501C413.31 482.38 504 379.78 504 256z\"><\/path><\/svg>\t\t\t\t\t\t\t<\/span>\n\t\t\t\t\t\t\t\t\t\t\t\t\t\t\t\t\t\t\t\t<\/div>\n\t\t\t\t\t<\/div>\n\t\t\t\t\t\t\t\t\t<div class=\"elementor-grid-item\">\n\t\t\t\t\t\t<div\n\t\t\t\t\t\t\tclass=\"elementor-share-btn elementor-share-btn_twitter\"\n\t\t\t\t\t\t\trole=\"button\"\n\t\t\t\t\t\t\ttabindex=\"0\"\n\t\t\t\t\t\t\taria-label=\"Teilen auf twitter\"\n\t\t\t\t\t\t>\n\t\t\t\t\t\t\t\t\t\t\t\t\t\t\t<span class=\"elementor-share-btn__icon\">\n\t\t\t\t\t\t\t\t<svg class=\"e-font-icon-svg e-fab-twitter\" viewBox=\"0 0 512 512\" xmlns=\"http:\/\/www.w3.org\/2000\/svg\"><path d=\"M459.37 151.716c.325 4.548.325 9.097.325 13.645 0 138.72-105.583 298.558-298.558 298.558-59.452 0-114.68-17.219-161.137-47.106 8.447.974 16.568 1.299 25.34 1.299 49.055 0 94.213-16.568 130.274-44.832-46.132-.975-84.792-31.188-98.112-72.772 6.498.974 12.995 1.624 19.818 1.624 9.421 0 18.843-1.3 27.614-3.573-48.081-9.747-84.143-51.98-84.143-102.985v-1.299c13.969 7.797 30.214 12.67 47.431 13.319-28.264-18.843-46.781-51.005-46.781-87.391 0-19.492 5.197-37.36 14.294-52.954 51.655 63.675 129.3 105.258 216.365 109.807-1.624-7.797-2.599-15.918-2.599-24.04 0-57.828 46.782-104.934 104.934-104.934 30.213 0 57.502 12.67 76.67 33.137 23.715-4.548 46.456-13.32 66.599-25.34-7.798 24.366-24.366 44.833-46.132 57.827 21.117-2.273 41.584-8.122 60.426-16.243-14.292 20.791-32.161 39.308-52.628 54.253z\"><\/path><\/svg>\t\t\t\t\t\t\t<\/span>\n\t\t\t\t\t\t\t\t\t\t\t\t\t\t\t\t\t\t\t\t<\/div>\n\t\t\t\t\t<\/div>\n\t\t\t\t\t\t\t\t\t<div class=\"elementor-grid-item\">\n\t\t\t\t\t\t<div\n\t\t\t\t\t\t\tclass=\"elementor-share-btn elementor-share-btn_linkedin\"\n\t\t\t\t\t\t\trole=\"button\"\n\t\t\t\t\t\t\ttabindex=\"0\"\n\t\t\t\t\t\t\taria-label=\"Teilen auf linkedin\"\n\t\t\t\t\t\t>\n\t\t\t\t\t\t\t\t\t\t\t\t\t\t\t<span class=\"elementor-share-btn__icon\">\n\t\t\t\t\t\t\t\t<svg class=\"e-font-icon-svg e-fab-linkedin\" viewBox=\"0 0 448 512\" xmlns=\"http:\/\/www.w3.org\/2000\/svg\"><path d=\"M416 32H31.9C14.3 32 0 46.5 0 64.3v383.4C0 465.5 14.3 480 31.9 480H416c17.6 0 32-14.5 32-32.3V64.3c0-17.8-14.4-32.3-32-32.3zM135.4 416H69V202.2h66.5V416zm-33.2-243c-21.3 0-38.5-17.3-38.5-38.5S80.9 96 102.2 96c21.2 0 38.5 17.3 38.5 38.5 0 21.3-17.2 38.5-38.5 38.5zm282.1 243h-66.4V312c0-24.8-.5-56.7-34.5-56.7-34.6 0-39.9 27-39.9 54.9V416h-66.4V202.2h63.7v29.2h.9c8.9-16.8 30.6-34.5 62.9-34.5 67.2 0 79.7 44.3 79.7 101.9V416z\"><\/path><\/svg>\t\t\t\t\t\t\t<\/span>\n\t\t\t\t\t\t\t\t\t\t\t\t\t\t\t\t\t\t\t\t<\/div>\n\t\t\t\t\t<\/div>\n\t\t\t\t\t\t\t\t\t<div class=\"elementor-grid-item\">\n\t\t\t\t\t\t<div\n\t\t\t\t\t\t\tclass=\"elementor-share-btn elementor-share-btn_pinterest\"\n\t\t\t\t\t\t\trole=\"button\"\n\t\t\t\t\t\t\ttabindex=\"0\"\n\t\t\t\t\t\t\taria-label=\"Teilen auf pinterest\"\n\t\t\t\t\t\t>\n\t\t\t\t\t\t\t\t\t\t\t\t\t\t\t<span class=\"elementor-share-btn__icon\">\n\t\t\t\t\t\t\t\t<svg class=\"e-font-icon-svg e-fab-pinterest\" viewBox=\"0 0 496 512\" xmlns=\"http:\/\/www.w3.org\/2000\/svg\"><path d=\"M496 256c0 137-111 248-248 248-25.6 0-50.2-3.9-73.4-11.1 10.1-16.5 25.2-43.5 30.8-65 3-11.6 15.4-59 15.4-59 8.1 15.4 31.7 28.5 56.8 28.5 74.8 0 128.7-68.8 128.7-154.3 0-81.9-66.9-143.2-152.9-143.2-107 0-163.9 71.8-163.9 150.1 0 36.4 19.4 81.7 50.3 96.1 4.7 2.2 7.2 1.2 8.3-3.3.8-3.4 5-20.3 6.9-28.1.6-2.5.3-4.7-1.7-7.1-10.1-12.5-18.3-35.3-18.3-56.6 0-54.7 41.4-107.6 112-107.6 60.9 0 103.6 41.5 103.6 100.9 0 67.1-33.9 113.6-78 113.6-24.3 0-42.6-20.1-36.7-44.8 7-29.5 20.5-61.3 20.5-82.6 0-19-10.2-34.9-31.4-34.9-24.9 0-44.9 25.7-44.9 60.2 0 22 7.4 36.8 7.4 36.8s-24.5 103.8-29 123.2c-5 21.4-3 51.6-.9 71.2C65.4 450.9 0 361.1 0 256 0 119 111 8 248 8s248 111 248 248z\"><\/path><\/svg>\t\t\t\t\t\t\t<\/span>\n\t\t\t\t\t\t\t\t\t\t\t\t\t\t\t\t\t\t\t\t<\/div>\n\t\t\t\t\t<\/div>\n\t\t\t\t\t\t<\/div>\n\t\t\t\t<\/div>\n\t\t\t\t<\/div>\n\t\t\t\t\t<\/div>\n\t\t<\/div>\n\t\t\t\t\t<\/div>\n\t\t<\/section>\n\t\t\t\t<\/div>\n\t\t","protected":false},"excerpt":{"rendered":"<p>\u00dcber ein Jahr haben Bund und L\u00e4nder gebraucht, um \u00fcber einen neuen Bu\u00dfgeldkatalog zu beratschlagen \u2013 wegen eines Formfehlers waren Teile des zun\u00e4chst vorgeschlagenen erst einmal als rechtswidrig eingestuft worden. Jetzt hat man wohl einen Kompromiss gefunden, der bis Sp\u00e4tsommer den Bundesrat passieren und ab Herbst in Kraft treten soll. Wir haben uns die wichtigsten [&hellip;]<\/p>\n","protected":false},"author":74,"featured_media":27373,"comment_status":"open","ping_status":"closed","sticky":false,"template":"","format":"standard","meta":{"footnotes":"","mc4wp_mailchimp_campaign":[],"_wp_rev_ctl_limit":""},"categories":[4444,4447],"tags":[5884,5881],"yoast_head":"<!-- This site is optimized with the Yoast SEO Premium plugin v21.5 (Yoast SEO v21.5) - https:\/\/yoast.com\/wordpress\/plugins\/seo\/ -->\n<title>Bu\u00dfgeldreform - Welche Neuerungen gibt es?<\/title>\n<meta name=\"description\" content=\"H\u00f6here Strafen f\u00fcr Raser, Falschparker und Rettungsgassenverweigerer in der neuen Bu\u00dfgeldreform. Mehr dazu erfahren Sie in diesem Artikel.\" \/>\n<meta name=\"robots\" content=\"index, follow, max-snippet:-1, max-image-preview:large, max-video-preview:-1\" \/>\n<link rel=\"canonical\" href=\"https:\/\/vimcar.de\/boxenstopp\/blog\/bussgeldreform\/\" \/>\n<meta property=\"og:locale\" content=\"de_DE\" \/>\n<meta property=\"og:type\" content=\"article\" \/>\n<meta property=\"og:title\" content=\"Bu\u00dfgeldreform - Welche Neuerungen gibt es?\" \/>\n<meta property=\"og:description\" content=\"H\u00f6here Strafen f\u00fcr Raser, Falschparker und Rettungsgassenverweigerer in der neuen Bu\u00dfgeldreform. Mehr dazu erfahren Sie in diesem Artikel.\" \/>\n<meta property=\"og:url\" content=\"https:\/\/vimcar.de\/boxenstopp\/blog\/bussgeldreform\/\" \/>\n<meta property=\"og:site_name\" content=\"Vimcar Boxenstopp\" \/>\n<meta property=\"article:publisher\" content=\"https:\/\/www.facebook.com\/vimcar\" \/>\n<meta property=\"article:published_time\" content=\"2021-06-17T07:35:04+00:00\" \/>\n<meta property=\"article:modified_time\" content=\"2023-06-29T11:36:37+00:00\" \/>\n<meta property=\"og:image\" content=\"https:\/\/vimcar.de\/boxenstopp\/wp-content\/uploads\/2021\/06\/Bussgeldreform-2021.jpg\" \/>\n\t<meta property=\"og:image:width\" content=\"640\" \/>\n\t<meta property=\"og:image:height\" content=\"427\" \/>\n\t<meta property=\"og:image:type\" content=\"image\/jpeg\" \/>\n<meta name=\"author\" content=\"Hoang Tam Pham\" \/>\n<meta name=\"twitter:card\" content=\"summary_large_image\" \/>\n<meta name=\"twitter:creator\" content=\"@hoang.tam.pham@vimcar.com\" \/>\n<meta name=\"twitter:site\" content=\"@goVimcar\" \/>\n<meta name=\"twitter:label1\" content=\"Verfasst von\" \/>\n\t<meta name=\"twitter:data1\" content=\"Hoang Tam Pham\" \/>\n\t<meta name=\"twitter:label2\" content=\"Gesch\u00e4tzte Lesezeit\" \/>\n\t<meta name=\"twitter:data2\" content=\"5\u00a0Minuten\" \/>\n<!-- \/ Yoast SEO Premium plugin. -->","yoast_head_json":{"title":"Bu\u00dfgeldreform - Welche Neuerungen gibt es?","description":"H\u00f6here Strafen f\u00fcr Raser, Falschparker und Rettungsgassenverweigerer in der neuen Bu\u00dfgeldreform. Mehr dazu erfahren Sie in diesem Artikel.","robots":{"index":"index","follow":"follow","max-snippet":"max-snippet:-1","max-image-preview":"max-image-preview:large","max-video-preview":"max-video-preview:-1"},"canonical":"https:\/\/vimcar.de\/boxenstopp\/blog\/bussgeldreform\/","og_locale":"de_DE","og_type":"article","og_title":"Bu\u00dfgeldreform - Welche Neuerungen gibt es?","og_description":"H\u00f6here Strafen f\u00fcr Raser, Falschparker und Rettungsgassenverweigerer in der neuen Bu\u00dfgeldreform. Mehr dazu erfahren Sie in diesem Artikel.","og_url":"https:\/\/vimcar.de\/boxenstopp\/blog\/bussgeldreform\/","og_site_name":"Vimcar Boxenstopp","article_publisher":"https:\/\/www.facebook.com\/vimcar","article_published_time":"2021-06-17T07:35:04+00:00","article_modified_time":"2023-06-29T11:36:37+00:00","og_image":[{"width":640,"height":427,"url":"https:\/\/vimcar.de\/boxenstopp\/wp-content\/uploads\/2021\/06\/Bussgeldreform-2021.jpg","type":"image\/jpeg"}],"author":"Hoang Tam Pham","twitter_card":"summary_large_image","twitter_creator":"@hoang.tam.pham@vimcar.com","twitter_site":"@goVimcar","twitter_misc":{"Verfasst von":"Hoang Tam Pham","Gesch\u00e4tzte Lesezeit":"5\u00a0Minuten"},"schema":{"@context":"https:\/\/schema.org","@graph":[{"@type":"Article","@id":"https:\/\/vimcar.de\/boxenstopp\/blog\/bussgeldreform\/#article","isPartOf":{"@id":"https:\/\/vimcar.de\/boxenstopp\/blog\/bussgeldreform\/"},"author":{"name":"Hoang Tam Pham","@id":"https:\/\/vimcar.de\/boxenstopp\/#\/schema\/person\/fd4558e260e57a027c9338c8844b7e97"},"headline":"Bu\u00dfgeldreform &#8211; Welche Neuerungen gibt es?","datePublished":"2021-06-17T07:35:04+00:00","dateModified":"2023-06-29T11:36:37+00:00","mainEntityOfPage":{"@id":"https:\/\/vimcar.de\/boxenstopp\/blog\/bussgeldreform\/"},"wordCount":729,"commentCount":0,"publisher":{"@id":"https:\/\/vimcar.de\/boxenstopp\/#organization"},"keywords":["News","Strafzettel"],"articleSection":["Blog","KATEGORIEN"],"inLanguage":"de","potentialAction":[{"@type":"CommentAction","name":"Comment","target":["https:\/\/vimcar.de\/boxenstopp\/blog\/bussgeldreform\/#respond"]}]},{"@type":"WebPage","@id":"https:\/\/vimcar.de\/boxenstopp\/blog\/bussgeldreform\/","url":"https:\/\/vimcar.de\/boxenstopp\/blog\/bussgeldreform\/","name":"Bu\u00dfgeldreform - Welche Neuerungen gibt es?","isPartOf":{"@id":"https:\/\/vimcar.de\/boxenstopp\/#website"},"datePublished":"2021-06-17T07:35:04+00:00","dateModified":"2023-06-29T11:36:37+00:00","description":"H\u00f6here Strafen f\u00fcr Raser, Falschparker und Rettungsgassenverweigerer in der neuen Bu\u00dfgeldreform. Mehr dazu erfahren Sie in diesem Artikel.","breadcrumb":{"@id":"https:\/\/vimcar.de\/boxenstopp\/blog\/bussgeldreform\/#breadcrumb"},"inLanguage":"de","potentialAction":[{"@type":"ReadAction","target":["https:\/\/vimcar.de\/boxenstopp\/blog\/bussgeldreform\/"]}]},{"@type":"BreadcrumbList","@id":"https:\/\/vimcar.de\/boxenstopp\/blog\/bussgeldreform\/#breadcrumb","itemListElement":[{"@type":"ListItem","position":1,"name":"Startseite","item":"https:\/\/vimcar.de\/boxenstopp\/"},{"@type":"ListItem","position":2,"name":"Bu\u00dfgeldreform &#8211; Welche Neuerungen gibt es?"}]},{"@type":"WebSite","@id":"https:\/\/vimcar.de\/boxenstopp\/#website","url":"https:\/\/vimcar.de\/boxenstopp\/","name":"Vimcar Boxenstopp","description":"- Die Lernplattform f\u00fcr Fuhrparkleiter","publisher":{"@id":"https:\/\/vimcar.de\/boxenstopp\/#organization"},"potentialAction":[{"@type":"SearchAction","target":{"@type":"EntryPoint","urlTemplate":"https:\/\/vimcar.de\/boxenstopp\/?s={search_term_string}"},"query-input":"required name=search_term_string"}],"inLanguage":"de"},{"@type":"Organization","@id":"https:\/\/vimcar.de\/boxenstopp\/#organization","name":"Vimcar Boxenstopp - Fuhrparkwissen","url":"https:\/\/vimcar.de\/boxenstopp\/","logo":{"@type":"ImageObject","inLanguage":"de","@id":"https:\/\/vimcar.de\/boxenstopp\/#\/schema\/logo\/image\/","url":"https:\/\/vimcar.de\/boxenstopp\/wp-content\/uploads\/2020\/10\/logo-vimcar-boxenstopp.png","contentUrl":"https:\/\/vimcar.de\/boxenstopp\/wp-content\/uploads\/2020\/10\/logo-vimcar-boxenstopp.png","width":250,"height":50,"caption":"Vimcar Boxenstopp - Fuhrparkwissen"},"image":{"@id":"https:\/\/vimcar.de\/boxenstopp\/#\/schema\/logo\/image\/"},"sameAs":["https:\/\/www.facebook.com\/vimcar","https:\/\/twitter.com\/goVimcar","https:\/\/www.instagram.com\/vimcar_official\/","https:\/\/de.linkedin.com\/company\/vimcar","https:\/\/www.pinterest.de\/vimcar\/","https:\/\/www.youtube.com\/channel\/UCWRajoA7OnWsAw-ezAahZPg"]},{"@type":"Person","@id":"https:\/\/vimcar.de\/boxenstopp\/#\/schema\/person\/fd4558e260e57a027c9338c8844b7e97","name":"Hoang Tam Pham","sameAs":["https:\/\/www.linkedin.com\/in\/hoang-tam-pham\/","https:\/\/twitter.com\/hoang.tam.pham@vimcar.com"]}]}},"_links":{"self":[{"href":"https:\/\/vimcar.de\/boxenstopp\/wp-json\/wp\/v2\/posts\/24508"}],"collection":[{"href":"https:\/\/vimcar.de\/boxenstopp\/wp-json\/wp\/v2\/posts"}],"about":[{"href":"https:\/\/vimcar.de\/boxenstopp\/wp-json\/wp\/v2\/types\/post"}],"author":[{"embeddable":true,"href":"https:\/\/vimcar.de\/boxenstopp\/wp-json\/wp\/v2\/users\/74"}],"replies":[{"embeddable":true,"href":"https:\/\/vimcar.de\/boxenstopp\/wp-json\/wp\/v2\/comments?post=24508"}],"version-history":[{"count":0,"href":"https:\/\/vimcar.de\/boxenstopp\/wp-json\/wp\/v2\/posts\/24508\/revisions"}],"wp:featuredmedia":[{"embeddable":true,"href":"https:\/\/vimcar.de\/boxenstopp\/wp-json\/wp\/v2\/media\/27373"}],"wp:attachment":[{"href":"https:\/\/vimcar.de\/boxenstopp\/wp-json\/wp\/v2\/media?parent=24508"}],"wp:term":[{"taxonomy":"category","embeddable":true,"href":"https:\/\/vimcar.de\/boxenstopp\/wp-json\/wp\/v2\/categories?post=24508"},{"taxonomy":"post_tag","embeddable":true,"href":"https:\/\/vimcar.de\/boxenstopp\/wp-json\/wp\/v2\/tags?post=24508"}],"curies":[{"name":"wp","href":"https:\/\/api.w.org\/{rel}","templated":true}]}}