{"id":25332,"date":"2021-07-12T14:36:32","date_gmt":"2021-07-12T12:36:32","guid":{"rendered":"https:\/\/vimcar.de\/boxenstopp\/?p=25332"},"modified":"2024-07-15T13:29:42","modified_gmt":"2024-07-15T11:29:42","slug":"wie-macht-man-den-fuhrpark-sommerfest","status":"publish","type":"post","link":"https:\/\/vimcar.de\/boxenstopp\/blog\/wie-macht-man-den-fuhrpark-sommerfest\/","title":{"rendered":"Wie macht man den Fuhrpark sommerfest?"},"content":{"rendered":"\t\t<div data-elementor-type=\"wp-post\" data-elementor-id=\"25332\" class=\"elementor elementor-25332\" data-elementor-post-type=\"post\">\n\t\t\t\t\t\t<section class=\"elementor-section elementor-top-section elementor-element elementor-element-3f92c8d elementor-section-boxed elementor-section-height-default elementor-section-height-default\" data-id=\"3f92c8d\" data-element_type=\"section\">\n\t\t\t\t\t\t<div class=\"elementor-container elementor-column-gap-default\">\n\t\t\t\t\t<div class=\"elementor-column elementor-col-100 elementor-top-column elementor-element elementor-element-6cc2288\" data-id=\"6cc2288\" data-element_type=\"column\">\n\t\t\t<div class=\"elementor-widget-wrap elementor-element-populated\">\n\t\t\t\t\t\t<div class=\"elementor-element elementor-element-f6ada14 elementor-widget elementor-widget-text-editor\" data-id=\"f6ada14\" data-element_type=\"widget\" data-widget_type=\"text-editor.default\">\n\t\t\t\t<div class=\"elementor-widget-container\">\n\t\t\t\t\t\t\t<p><em>Der Winter wird von AutofahrerInnen gef\u00fcrchtet \u2013 dabei gibt es auch im Sommer Situationen, die besonderes F\u00e4higkeiten und Extra-Knowhow erfordern. Wie man den Fuhrpark sommerfit macht, welche Sicherheitsvorkehrungen zu treffen sind und warum es wichtig ist, die FahrerInnen auch f\u00fcr den Einsatz bei hei\u00dfen Temperaturen zu schulen.<\/em><\/p>\t\t\t\t\t\t<\/div>\n\t\t\t\t<\/div>\n\t\t\t\t\t<\/div>\n\t\t<\/div>\n\t\t\t\t\t<\/div>\n\t\t<\/section>\n\t\t\t\t<section class=\"elementor-section elementor-top-section elementor-element elementor-element-87b3883 elementor-section-boxed elementor-section-height-default elementor-section-height-default\" data-id=\"87b3883\" data-element_type=\"section\">\n\t\t\t\t\t\t<div class=\"elementor-container elementor-column-gap-default\">\n\t\t\t\t\t<div class=\"elementor-column elementor-col-100 elementor-top-column elementor-element elementor-element-e741332\" data-id=\"e741332\" data-element_type=\"column\">\n\t\t\t<div class=\"elementor-widget-wrap elementor-element-populated\">\n\t\t\t\t\t\t<div class=\"elementor-element elementor-element-0db016d elementor-widget elementor-widget-text-editor\" data-id=\"0db016d\" data-element_type=\"widget\" data-widget_type=\"text-editor.default\">\n\t\t\t\t<div class=\"elementor-widget-container\">\n\t\t\t\t\t\t\t<p>Keine Frage, Autofahren im Sommer macht Spa\u00df. Wenn man den warmen Fahrtwind genie\u00dft und weder Schnee noch Eisregen f\u00fcr \u00fcberraschende Rutschpartien sorgen, l\u00e4sst es sich relativ sorglos \u00fcber die Stra\u00dfen gleiten. Doch auch diese Jahreszeit stellt Fuhrparks vor spezielle Herausforderungen: Worauf im Sommer geachtet werden muss und warum es sinnvoll ist, die FahrerInnen auch f\u00fcr die hei\u00dfen Monate extra zu schulen:<\/p>\t\t\t\t\t\t<\/div>\n\t\t\t\t<\/div>\n\t\t\t\t\t<\/div>\n\t\t<\/div>\n\t\t\t\t\t<\/div>\n\t\t<\/section>\n\t\t\t\t<section class=\"elementor-section elementor-top-section elementor-element elementor-element-c1c60e5 elementor-section-boxed elementor-section-height-default elementor-section-height-default\" data-id=\"c1c60e5\" data-element_type=\"section\">\n\t\t\t\t\t\t<div class=\"elementor-container elementor-column-gap-default\">\n\t\t\t\t\t<div class=\"elementor-column elementor-col-100 elementor-top-column elementor-element elementor-element-35291df\" data-id=\"35291df\" data-element_type=\"column\">\n\t\t\t<div class=\"elementor-widget-wrap elementor-element-populated\">\n\t\t\t\t\t\t<div class=\"elementor-element elementor-element-d64c804 elementor-widget elementor-widget-heading\" data-id=\"d64c804\" data-element_type=\"widget\" data-widget_type=\"heading.default\">\n\t\t\t\t<div class=\"elementor-widget-container\">\n\t\t\t<h2 class=\"elementor-heading-title elementor-size-default\">Den Fuhrpark sommersicher machen<\/h2>\t\t<\/div>\n\t\t\t\t<\/div>\n\t\t\t\t\t<\/div>\n\t\t<\/div>\n\t\t\t\t\t<\/div>\n\t\t<\/section>\n\t\t\t\t<section class=\"elementor-section elementor-top-section elementor-element elementor-element-9bc37af elementor-section-boxed elementor-section-height-default elementor-section-height-default\" data-id=\"9bc37af\" data-element_type=\"section\">\n\t\t\t\t\t\t<div class=\"elementor-container elementor-column-gap-default\">\n\t\t\t\t\t<div class=\"elementor-column elementor-col-100 elementor-top-column elementor-element elementor-element-c7cc591\" data-id=\"c7cc591\" data-element_type=\"column\">\n\t\t\t<div class=\"elementor-widget-wrap elementor-element-populated\">\n\t\t\t\t\t\t<div class=\"elementor-element elementor-element-9342a19 elementor-widget elementor-widget-text-editor\" data-id=\"9342a19\" data-element_type=\"widget\" data-widget_type=\"text-editor.default\">\n\t\t\t\t<div class=\"elementor-widget-container\">\n\t\t\t\t\t\t\t<p>Sobald das Thermometer steigt, sollten die Sommerreifen aufgezogen werden. Durch die h\u00e4rtere Gummimischung und das spezielle Lauffl\u00e4chenprofil punkten sie mit mehr Fahrstabilit\u00e4t, weniger Abrieb auf warmem Asphalt und besseren Bremseigenschaften. Dazu kommt, dass der Rollwiderstand geringer ausf\u00e4llt als bei Winterreifen, dadurch sinken der L\u00e4rmpegel aber auch der Kraftstoffverbrauch.\u00a0\u00a0<\/p><p>Neben der Funktionsf\u00e4higkeit der Au\u00dfenbeleuchtung samt Bremslichtern und Blinker sollte der F\u00fcllstand der Brems- und K\u00fchlfl\u00fcssigkeit gecheckt werden. Denn besonders bei Hitze ist eine funktionierende Klimaanlage Gold wert. Wichtig ist auch eine regelm\u00e4\u00dfige Wartung des Pollenfilters. Ist er verdreckt, wirkt sich dies negativ auf die Leistung der Klimaanlage aus.<\/p>\t\t\t\t\t\t<\/div>\n\t\t\t\t<\/div>\n\t\t\t\t\t<\/div>\n\t\t<\/div>\n\t\t\t\t\t<\/div>\n\t\t<\/section>\n\t\t\t\t<section class=\"elementor-section elementor-top-section elementor-element elementor-element-8b5f95b elementor-section-boxed elementor-section-height-default elementor-section-height-default\" data-id=\"8b5f95b\" data-element_type=\"section\">\n\t\t\t\t\t\t<div class=\"elementor-container elementor-column-gap-default\">\n\t\t\t\t\t<div class=\"elementor-column elementor-col-100 elementor-top-column elementor-element elementor-element-668962f\" data-id=\"668962f\" data-element_type=\"column\">\n\t\t\t<div class=\"elementor-widget-wrap elementor-element-populated\">\n\t\t\t\t\t\t<div class=\"elementor-element elementor-element-c409dc5 elementor-widget elementor-widget-heading\" data-id=\"c409dc5\" data-element_type=\"widget\" data-widget_type=\"heading.default\">\n\t\t\t\t<div class=\"elementor-widget-container\">\n\t\t\t<h2 class=\"elementor-heading-title elementor-size-default\">Klimaanlage richtig einstellen<\/h2>\t\t<\/div>\n\t\t\t\t<\/div>\n\t\t\t\t\t<\/div>\n\t\t<\/div>\n\t\t\t\t\t<\/div>\n\t\t<\/section>\n\t\t\t\t<section class=\"elementor-section elementor-top-section elementor-element elementor-element-fdfe64b elementor-section-boxed elementor-section-height-default elementor-section-height-default\" data-id=\"fdfe64b\" data-element_type=\"section\">\n\t\t\t\t\t\t<div class=\"elementor-container elementor-column-gap-default\">\n\t\t\t\t\t<div class=\"elementor-column elementor-col-100 elementor-top-column elementor-element elementor-element-1a4f344\" data-id=\"1a4f344\" data-element_type=\"column\">\n\t\t\t<div class=\"elementor-widget-wrap elementor-element-populated\">\n\t\t\t\t\t\t<div class=\"elementor-element elementor-element-460cd74 elementor-widget elementor-widget-text-editor\" data-id=\"460cd74\" data-element_type=\"widget\" data-widget_type=\"text-editor.default\">\n\t\t\t\t<div class=\"elementor-widget-container\">\n\t\t\t\t\t\t\t<p>Vor Fahrtantritt immer erstmal bei ge\u00f6ffneten T\u00fcren und Fenstern f\u00fcr Durchzug sorgen. Erst danach kommt die Klimaanlage zum Einsatz, zun\u00e4chst auf Umluft. So k\u00fchlt das Auto schneller ab, da keine hei\u00dfe Luft von au\u00dfen zugef\u00fchrt wird. Der Luftstrahl sollten nur auf bekleidete K\u00f6rperpartien gerichtet werden. Bl\u00e4st die kalte Luft direkt auf nackte Haut, drohen Erk\u00e4ltungen und Muskelzerrungen. Generell sollte der Unterschied zwischen Innen- und Au\u00dfentemperatur maximal sechs Grad betragen. Sonst droht beim Aussteigen der Hitzeschock.<\/p>\t\t\t\t\t\t<\/div>\n\t\t\t\t<\/div>\n\t\t\t\t\t<\/div>\n\t\t<\/div>\n\t\t\t\t\t<\/div>\n\t\t<\/section>\n\t\t\t\t<section class=\"elementor-section elementor-top-section elementor-element elementor-element-3a9a7ec elementor-section-boxed elementor-section-height-default elementor-section-height-default\" data-id=\"3a9a7ec\" data-element_type=\"section\">\n\t\t\t\t\t\t<div class=\"elementor-container elementor-column-gap-default\">\n\t\t\t\t\t<div class=\"elementor-column elementor-col-100 elementor-top-column elementor-element elementor-element-dff52d4\" data-id=\"dff52d4\" data-element_type=\"column\">\n\t\t\t<div class=\"elementor-widget-wrap elementor-element-populated\">\n\t\t\t\t\t\t<div class=\"elementor-element elementor-element-f1430e2 elementor-widget elementor-widget-heading\" data-id=\"f1430e2\" data-element_type=\"widget\" data-widget_type=\"heading.default\">\n\t\t\t\t<div class=\"elementor-widget-container\">\n\t\t\t<h2 class=\"elementor-heading-title elementor-size-default\">Vorsicht bei Starkregen<\/h2>\t\t<\/div>\n\t\t\t\t<\/div>\n\t\t\t\t\t<\/div>\n\t\t<\/div>\n\t\t\t\t\t<\/div>\n\t\t<\/section>\n\t\t\t\t<section class=\"elementor-section elementor-top-section elementor-element elementor-element-6d7f84f elementor-section-boxed elementor-section-height-default elementor-section-height-default\" data-id=\"6d7f84f\" data-element_type=\"section\">\n\t\t\t\t\t\t<div class=\"elementor-container elementor-column-gap-default\">\n\t\t\t\t\t<div class=\"elementor-column elementor-col-100 elementor-top-column elementor-element elementor-element-8979f38\" data-id=\"8979f38\" data-element_type=\"column\">\n\t\t\t<div class=\"elementor-widget-wrap elementor-element-populated\">\n\t\t\t\t\t\t<section class=\"elementor-section elementor-inner-section elementor-element elementor-element-4885b75 elementor-section-boxed elementor-section-height-default elementor-section-height-default\" data-id=\"4885b75\" data-element_type=\"section\">\n\t\t\t\t\t\t<div class=\"elementor-container elementor-column-gap-default\">\n\t\t\t\t\t<div class=\"elementor-column elementor-col-50 elementor-inner-column elementor-element elementor-element-2b02cdd\" data-id=\"2b02cdd\" data-element_type=\"column\">\n\t\t\t<div class=\"elementor-widget-wrap elementor-element-populated\">\n\t\t\t\t\t\t<div class=\"elementor-element elementor-element-82408de elementor-widget elementor-widget-text-editor\" data-id=\"82408de\" data-element_type=\"widget\" data-widget_type=\"text-editor.default\">\n\t\t\t\t<div class=\"elementor-widget-container\">\n\t\t\t\t\t\t\t<p>Vor allem bei anhaltender Trockenheit ist das Parken auf abgeernteten Feldern, Wiesen oder in W\u00e4ldern keine gute Idee. Hei\u00dfe Katalysatoren und Auspuffanlagen k\u00f6nnen dort schnell Br\u00e4nde ausl\u00f6sen. Au\u00dferdem sollte man bei starker Hitze das Volltanken seines Fahrzeugs vermeiden. Benzin und Diesel dehnen sich bei W\u00e4rme aus und wenn der Tank bis zum Rand gef\u00fcllt ist, droht er \u00fcberzulaufen. Dadurch steigt das Brandrisiko. Sprit, der aus dem Tankdeckel tropft, kann au\u00dferdem zu Lacksch\u00e4den f\u00fchren.\u00a0<\/p><p>Wer sein Auto in der prallen Sonne parkt, muss nicht nur mit einem gl\u00fchenden Lenkrad rechnen, sondern auch mit Elektroniksch\u00e4den. Durch die W\u00e4rmeausdehnung und sp\u00e4tere Abk\u00fchlung im Fahrtwind k\u00f6nnen sich in den Platinen Haarrisse bilden. Der Ausfall von Steuerger\u00e4ten droht. Daher: Im Zweifel immer einen Sonnenschutz hinter die Windschutzscheibe klemmen.<\/p>\t\t\t\t\t\t<\/div>\n\t\t\t\t<\/div>\n\t\t\t\t\t<\/div>\n\t\t<\/div>\n\t\t\t\t<div class=\"elementor-column elementor-col-50 elementor-inner-column elementor-element elementor-element-5d8b587\" data-id=\"5d8b587\" data-element_type=\"column\">\n\t\t\t<div class=\"elementor-widget-wrap elementor-element-populated\">\n\t\t\t\t\t\t<div class=\"elementor-element elementor-element-6540ca2 elementor-widget elementor-widget-image\" data-id=\"6540ca2\" data-element_type=\"widget\" data-widget_type=\"image.default\">\n\t\t\t\t<div class=\"elementor-widget-container\">\n\t\t\t\t\t\t\t\t\t\t\t\t\t<img fetchpriority=\"high\" decoding=\"async\" width=\"768\" height=\"512\" src=\"https:\/\/vimcar.de\/boxenstopp\/wp-content\/uploads\/2021\/07\/strasse_regen-scaled-768x512.jpg\" class=\"attachment-medium_large size-medium_large wp-image-25576\" alt=\"Starkregen Sommer\" srcset=\"https:\/\/vimcar.de\/boxenstopp\/wp-content\/uploads\/2021\/07\/strasse_regen-scaled-768x512.jpg 768w, https:\/\/vimcar.de\/boxenstopp\/wp-content\/uploads\/2021\/07\/strasse_regen-scaled-300x200.jpg 300w, https:\/\/vimcar.de\/boxenstopp\/wp-content\/uploads\/2021\/07\/strasse_regen-scaled-1024x683.jpg 1024w, https:\/\/vimcar.de\/boxenstopp\/wp-content\/uploads\/2021\/07\/strasse_regen-scaled-1536x1024.jpg 1536w, https:\/\/vimcar.de\/boxenstopp\/wp-content\/uploads\/2021\/07\/strasse_regen-scaled-2048x1366.jpg 2048w, https:\/\/vimcar.de\/boxenstopp\/wp-content\/uploads\/2021\/07\/strasse_regen-scaled-24x16.jpg 24w, https:\/\/vimcar.de\/boxenstopp\/wp-content\/uploads\/2021\/07\/strasse_regen-scaled-36x24.jpg 36w, https:\/\/vimcar.de\/boxenstopp\/wp-content\/uploads\/2021\/07\/strasse_regen-scaled-48x32.jpg 48w, https:\/\/vimcar.de\/boxenstopp\/wp-content\/uploads\/2021\/07\/strasse_regen-scaled.jpg 1000w\" sizes=\"(max-width: 768px) 100vw, 768px\" \/>\t\t\t\t\t\t\t\t\t\t\t\t\t<\/div>\n\t\t\t\t<\/div>\n\t\t\t\t\t<\/div>\n\t\t<\/div>\n\t\t\t\t\t<\/div>\n\t\t<\/section>\n\t\t\t\t\t<\/div>\n\t\t<\/div>\n\t\t\t\t\t<\/div>\n\t\t<\/section>\n\t\t\t\t<section class=\"elementor-section elementor-top-section elementor-element elementor-element-526c7e7 elementor-section-boxed elementor-section-height-default elementor-section-height-default\" data-id=\"526c7e7\" data-element_type=\"section\">\n\t\t\t\t\t\t<div class=\"elementor-container elementor-column-gap-default\">\n\t\t\t\t\t<div class=\"elementor-column elementor-col-100 elementor-top-column elementor-element elementor-element-969b8b7\" data-id=\"969b8b7\" data-element_type=\"column\">\n\t\t\t<div class=\"elementor-widget-wrap elementor-element-populated\">\n\t\t\t\t\t\t<div class=\"elementor-element elementor-element-498d2d1 elementor-widget elementor-widget-heading\" data-id=\"498d2d1\" data-element_type=\"widget\" data-widget_type=\"heading.default\">\n\t\t\t\t<div class=\"elementor-widget-container\">\n\t\t\t<h2 class=\"elementor-heading-title elementor-size-default\">Stra\u00dfensch\u00e4den im Blick haben<\/h2>\t\t<\/div>\n\t\t\t\t<\/div>\n\t\t\t\t\t<\/div>\n\t\t<\/div>\n\t\t\t\t\t<\/div>\n\t\t<\/section>\n\t\t\t\t<section class=\"elementor-section elementor-top-section elementor-element elementor-element-d621121 elementor-section-boxed elementor-section-height-default elementor-section-height-default\" data-id=\"d621121\" data-element_type=\"section\">\n\t\t\t\t\t\t<div class=\"elementor-container elementor-column-gap-default\">\n\t\t\t\t\t<div class=\"elementor-column elementor-col-100 elementor-top-column elementor-element elementor-element-7866c9c\" data-id=\"7866c9c\" data-element_type=\"column\">\n\t\t\t<div class=\"elementor-widget-wrap elementor-element-populated\">\n\t\t\t\t\t\t<div class=\"elementor-element elementor-element-21a8cf1 elementor-widget elementor-widget-text-editor\" data-id=\"21a8cf1\" data-element_type=\"widget\" data-widget_type=\"text-editor.default\">\n\t\t\t\t<div class=\"elementor-widget-container\">\n\t\t\t\t\t\t\t<p>Nicht nur Eisesk\u00e4lte setzt den Stra\u00dfen zu, auch bei zu hohen Temperaturen entstehen Sch\u00e4den: Spurrillen durch verformten Teer etwa sind im Sommer keine Seltenheit. Bei Stra\u00dfen, die nicht aus Asphaltfahrbahnen bestehen, steigt zus\u00e4tzlich das Risiko des Blow-Up-Effekts. Hierbei l\u00f6st sich die Betonoberfl\u00e4che auf und es entstehen Risse und L\u00f6cher in der Fahrbahn.<\/p>\t\t\t\t\t\t<\/div>\n\t\t\t\t<\/div>\n\t\t\t\t\t<\/div>\n\t\t<\/div>\n\t\t\t\t\t<\/div>\n\t\t<\/section>\n\t\t\t\t<section class=\"elementor-section elementor-top-section elementor-element elementor-element-3c9086c elementor-section-boxed elementor-section-height-default elementor-section-height-default\" data-id=\"3c9086c\" data-element_type=\"section\">\n\t\t\t\t\t\t<div class=\"elementor-container elementor-column-gap-default\">\n\t\t\t\t\t<div class=\"elementor-column elementor-col-100 elementor-top-column elementor-element elementor-element-9b13290\" data-id=\"9b13290\" data-element_type=\"column\">\n\t\t\t<div class=\"elementor-widget-wrap elementor-element-populated\">\n\t\t\t\t\t\t<div class=\"elementor-element elementor-element-425853c elementor-widget elementor-widget-heading\" data-id=\"425853c\" data-element_type=\"widget\" data-widget_type=\"heading.default\">\n\t\t\t\t<div class=\"elementor-widget-container\">\n\t\t\t<h2 class=\"elementor-heading-title elementor-size-default\">Absolute No-Gos bei starker Hitze<\/h2>\t\t<\/div>\n\t\t\t\t<\/div>\n\t\t\t\t\t<\/div>\n\t\t<\/div>\n\t\t\t\t\t<\/div>\n\t\t<\/section>\n\t\t\t\t<section class=\"elementor-section elementor-top-section elementor-element elementor-element-a9b741b elementor-section-boxed elementor-section-height-default elementor-section-height-default\" data-id=\"a9b741b\" data-element_type=\"section\">\n\t\t\t\t\t\t<div class=\"elementor-container elementor-column-gap-default\">\n\t\t\t\t\t<div class=\"elementor-column elementor-col-50 elementor-top-column elementor-element elementor-element-ed280a3\" data-id=\"ed280a3\" data-element_type=\"column\">\n\t\t\t<div class=\"elementor-widget-wrap elementor-element-populated\">\n\t\t\t\t\t\t<div class=\"elementor-element elementor-element-fa1ea23 elementor-widget elementor-widget-image\" data-id=\"fa1ea23\" data-element_type=\"widget\" data-widget_type=\"image.default\">\n\t\t\t\t<div class=\"elementor-widget-container\">\n\t\t\t\t\t\t\t\t\t\t\t\t\t<img decoding=\"async\" width=\"768\" height=\"511\" src=\"https:\/\/vimcar.de\/boxenstopp\/wp-content\/uploads\/2021\/07\/tanken-scaled-768x511.jpg\" class=\"attachment-medium_large size-medium_large wp-image-25563\" alt=\"Tanken im Sommer\" srcset=\"https:\/\/vimcar.de\/boxenstopp\/wp-content\/uploads\/2021\/07\/tanken-scaled-768x511.jpg 768w, https:\/\/vimcar.de\/boxenstopp\/wp-content\/uploads\/2021\/07\/tanken-scaled-300x200.jpg 300w, https:\/\/vimcar.de\/boxenstopp\/wp-content\/uploads\/2021\/07\/tanken-scaled-1024x682.jpg 1024w, https:\/\/vimcar.de\/boxenstopp\/wp-content\/uploads\/2021\/07\/tanken-scaled-1536x1022.jpg 1536w, https:\/\/vimcar.de\/boxenstopp\/wp-content\/uploads\/2021\/07\/tanken-scaled-2048x1363.jpg 2048w, https:\/\/vimcar.de\/boxenstopp\/wp-content\/uploads\/2021\/07\/tanken-scaled-24x16.jpg 24w, https:\/\/vimcar.de\/boxenstopp\/wp-content\/uploads\/2021\/07\/tanken-scaled-36x24.jpg 36w, https:\/\/vimcar.de\/boxenstopp\/wp-content\/uploads\/2021\/07\/tanken-scaled-48x32.jpg 48w, https:\/\/vimcar.de\/boxenstopp\/wp-content\/uploads\/2021\/07\/tanken-scaled.jpg 1000w\" sizes=\"(max-width: 768px) 100vw, 768px\" \/>\t\t\t\t\t\t\t\t\t\t\t\t\t<\/div>\n\t\t\t\t<\/div>\n\t\t\t\t\t<\/div>\n\t\t<\/div>\n\t\t\t\t<div class=\"elementor-column elementor-col-50 elementor-top-column elementor-element elementor-element-4e88101\" data-id=\"4e88101\" data-element_type=\"column\">\n\t\t\t<div class=\"elementor-widget-wrap elementor-element-populated\">\n\t\t\t\t\t\t<div class=\"elementor-element elementor-element-f452a0a elementor-widget elementor-widget-text-editor\" data-id=\"f452a0a\" data-element_type=\"widget\" data-widget_type=\"text-editor.default\">\n\t\t\t\t<div class=\"elementor-widget-container\">\n\t\t\t\t\t\t\t<p>Vor allem bei anhaltender Trockenheit ist das Parken auf abgeernteten Feldern, Wiesen oder in W\u00e4ldern keine gute Idee. Hei\u00dfe Katalysatoren und Auspuffanlagen k\u00f6nnen dort schnell Br\u00e4nde ausl\u00f6sen. Au\u00dferdem sollte man bei starker Hitze das Volltanken seines Fahrzeugs vermeiden. Benzin und Diesel dehnen sich bei W\u00e4rme aus und wenn der Tank bis zum Rand gef\u00fcllt ist, droht er \u00fcberzulaufen. Dadurch steigt das Brandrisiko. Sprit, der aus dem Tankdeckel tropft, kann au\u00dferdem zu Lacksch\u00e4den f\u00fchren.\u00a0<\/p><p>Wer sein Auto in der prallen Sonne parkt, muss nicht nur mit einem gl\u00fchenden Lenkrad rechnen, sondern auch mit Elektroniksch\u00e4den. Durch die W\u00e4rmeausdehnung und sp\u00e4tere Abk\u00fchlung im Fahrtwind k\u00f6nnen sich in den Platinen Haarrisse bilden. Der Ausfall von Steuerger\u00e4ten droht. Daher: Im Zweifel immer einen Sonnenschutz hinter die Windschutzscheibe klemmen.<\/p>\t\t\t\t\t\t<\/div>\n\t\t\t\t<\/div>\n\t\t\t\t\t<\/div>\n\t\t<\/div>\n\t\t\t\t\t<\/div>\n\t\t<\/section>\n\t\t\t\t<section class=\"elementor-section elementor-top-section elementor-element elementor-element-e8146e2 elementor-section-boxed elementor-section-height-default elementor-section-height-default\" data-id=\"e8146e2\" data-element_type=\"section\">\n\t\t\t\t\t\t<div class=\"elementor-container elementor-column-gap-default\">\n\t\t\t\t\t<div class=\"elementor-column elementor-col-100 elementor-top-column elementor-element elementor-element-6d2edc4\" data-id=\"6d2edc4\" data-element_type=\"column\">\n\t\t\t<div class=\"elementor-widget-wrap elementor-element-populated\">\n\t\t\t\t\t\t<div class=\"elementor-element elementor-element-c2e8408 elementor-widget elementor-widget-heading\" data-id=\"c2e8408\" data-element_type=\"widget\" data-widget_type=\"heading.default\">\n\t\t\t\t<div class=\"elementor-widget-container\">\n\t\t\t<h2 class=\"elementor-heading-title elementor-size-default\">Flipflops? Besser nicht<\/h2>\t\t<\/div>\n\t\t\t\t<\/div>\n\t\t\t\t\t<\/div>\n\t\t<\/div>\n\t\t\t\t\t<\/div>\n\t\t<\/section>\n\t\t\t\t<section class=\"elementor-section elementor-top-section elementor-element elementor-element-e9b1b08 elementor-section-boxed elementor-section-height-default elementor-section-height-default\" data-id=\"e9b1b08\" data-element_type=\"section\">\n\t\t\t\t\t\t<div class=\"elementor-container elementor-column-gap-default\">\n\t\t\t\t\t<div class=\"elementor-column elementor-col-100 elementor-top-column elementor-element elementor-element-ac2a3d0\" data-id=\"ac2a3d0\" data-element_type=\"column\">\n\t\t\t<div class=\"elementor-widget-wrap elementor-element-populated\">\n\t\t\t\t\t\t<div class=\"elementor-element elementor-element-39ad52f elementor-widget elementor-widget-text-editor\" data-id=\"39ad52f\" data-element_type=\"widget\" data-widget_type=\"text-editor.default\">\n\t\t\t\t<div class=\"elementor-widget-container\">\n\t\t\t\t\t\t\t<p>Sonnenbrillen sollten nicht nach Style, sondern nach dem T\u00f6nungsgrad ausgesucht werden. AutofahrerInnen sollten dabei auf die sogenannten Blendschutz-Stufen achten: Die Stufen 0 bis drei sind am Steuer okay \u2013 sie absorbieren bis zu 92 Prozent des Lichts. Noch dunklere sind f\u00fcr den Stra\u00dfenverkehr nicht geeignet. Am besten greift man zu braunen, grauen oder graugr\u00fcnen Gl\u00e4sern. Blaue Gl\u00e4ser und krasse Orange- und Rott\u00f6ne hingegen verw\u00e4ssern die Wahrnehmung der Farben Rot und Gelb.\u00a0<\/p><p>Und: Flipflops oder nackte F\u00fc\u00dfe sind zwar nicht verboten, aber trotzdem nicht verkehrssicher. Kommt es zum Beispiel durch ein unerwartetes Bremsman\u00f6ver zu einem Unfall, droht unter Umst\u00e4nden ein Bu\u00dfgeld, zudem kann die Versicherung \u00c4rger machen.<\/p>\t\t\t\t\t\t<\/div>\n\t\t\t\t<\/div>\n\t\t\t\t\t<\/div>\n\t\t<\/div>\n\t\t\t\t\t<\/div>\n\t\t<\/section>\n\t\t\t\t<section class=\"elementor-section elementor-top-section elementor-element elementor-element-ca0de4b elementor-section-boxed elementor-section-height-default elementor-section-height-default\" data-id=\"ca0de4b\" data-element_type=\"section\">\n\t\t\t\t\t\t<div class=\"elementor-container elementor-column-gap-default\">\n\t\t\t\t\t<div class=\"elementor-column elementor-col-100 elementor-top-column elementor-element elementor-element-d56a664\" data-id=\"d56a664\" data-element_type=\"column\">\n\t\t\t<div class=\"elementor-widget-wrap elementor-element-populated\">\n\t\t\t\t\t\t<div class=\"elementor-element elementor-element-741934d elementor-widget elementor-widget-heading\" data-id=\"741934d\" data-element_type=\"widget\" data-widget_type=\"heading.default\">\n\t\t\t\t<div class=\"elementor-widget-container\">\n\t\t\t<h2 class=\"elementor-heading-title elementor-size-default\">F\u00fcr regelm\u00e4\u00dfige (Trink-)Pausen sorgen<\/h2>\t\t<\/div>\n\t\t\t\t<\/div>\n\t\t\t\t\t<\/div>\n\t\t<\/div>\n\t\t\t\t\t<\/div>\n\t\t<\/section>\n\t\t\t\t<section class=\"elementor-section elementor-top-section elementor-element elementor-element-2b713b1 elementor-section-boxed elementor-section-height-default elementor-section-height-default\" data-id=\"2b713b1\" data-element_type=\"section\">\n\t\t\t\t\t\t<div class=\"elementor-container elementor-column-gap-default\">\n\t\t\t\t\t<div class=\"elementor-column elementor-col-100 elementor-top-column elementor-element elementor-element-1219989\" data-id=\"1219989\" data-element_type=\"column\">\n\t\t\t<div class=\"elementor-widget-wrap elementor-element-populated\">\n\t\t\t\t\t\t<div class=\"elementor-element elementor-element-0e98026 elementor-widget elementor-widget-text-editor\" data-id=\"0e98026\" data-element_type=\"widget\" data-widget_type=\"text-editor.default\">\n\t\t\t\t<div class=\"elementor-widget-container\">\n\t\t\t\t\t\t\t<p>Bei l\u00e4ngeren Fahrten sollten die FahrerInnen \u00f6fter mal eine Pause einzulegen. Und nat\u00fcrlich das Trinken nicht vergessen. Eiskalte Drinks sind \u00fcbrigens kontraproduktiv \u2013 sie erzeugen eine Gegenreaktion des K\u00f6rpers, um den hohen Temperaturunterschied auszugleichen. Folge ist ein zus\u00e4tzlicher Fl\u00fcssigkeitsverlust. Lieber verd\u00fcnnte S\u00e4fte, lauwarme Kr\u00e4utertees oder Wasser trinken.<\/p>\t\t\t\t\t\t<\/div>\n\t\t\t\t<\/div>\n\t\t\t\t\t<\/div>\n\t\t<\/div>\n\t\t\t\t\t<\/div>\n\t\t<\/section>\n\t\t\t\t<section class=\"elementor-section elementor-top-section elementor-element elementor-element-b132e8d elementor-section-boxed elementor-section-height-default elementor-section-height-default\" data-id=\"b132e8d\" data-element_type=\"section\">\n\t\t\t\t\t\t<div class=\"elementor-container elementor-column-gap-default\">\n\t\t\t\t\t<div class=\"elementor-column elementor-col-100 elementor-top-column elementor-element elementor-element-cb09b7d\" data-id=\"cb09b7d\" data-element_type=\"column\">\n\t\t\t<div class=\"elementor-widget-wrap elementor-element-populated\">\n\t\t\t\t\t\t<div class=\"elementor-element elementor-element-7107861 elementor-widget elementor-widget-heading\" data-id=\"7107861\" data-element_type=\"widget\" data-widget_type=\"heading.default\">\n\t\t\t\t<div class=\"elementor-widget-container\">\n\t\t\t<h3 class=\"elementor-heading-title elementor-size-default\">Gib hier deine \u00dcberschrift ein<\/h3>\t\t<\/div>\n\t\t\t\t<\/div>\n\t\t\t\t\t<\/div>\n\t\t<\/div>\n\t\t\t\t\t<\/div>\n\t\t<\/section>\n\t\t\t\t<section class=\"elementor-section elementor-top-section elementor-element elementor-element-e966228 elementor-section-boxed elementor-section-height-default elementor-section-height-default\" data-id=\"e966228\" data-element_type=\"section\">\n\t\t\t\t\t\t<div class=\"elementor-container elementor-column-gap-default\">\n\t\t\t\t\t<div class=\"elementor-column elementor-col-100 elementor-top-column elementor-element elementor-element-4c99d3d\" data-id=\"4c99d3d\" data-element_type=\"column\">\n\t\t\t<div class=\"elementor-widget-wrap elementor-element-populated\">\n\t\t\t\t\t\t<div class=\"elementor-element elementor-element-92cbbc6 elementor-widget elementor-widget-global elementor-global-10923 elementor-widget-text-editor\" data-id=\"92cbbc6\" data-element_type=\"widget\" data-widget_type=\"text-editor.default\">\n\t\t\t\t<div class=\"elementor-widget-container\">\n\t\t\t\t\t\t\t<ul><li><a href=\"https:\/\/vimcar.de\/boxenstopp\/blog\/e-auto-025-regelung-2024\/\"><span style=\"font-weight: 400;\">E-Auto als Firmenwagen<\/span><\/a><\/li><li><a href=\"https:\/\/vimcar.de\/boxenstopp\/blog\/dienstwagenprivileg-abschaffen-oder-behalten\/\">Dienstwagenprivileg abschaffen &#8211; Ein \u00fcberholtes Modell oder weiterhin sinnvoll?<\/a><\/li><li><a href=\"https:\/\/vimcar.de\/boxenstopp\/blog\/wann-lohnt-sich-firmenwagen\/\">Lohnt sich ein Dienstwagen?<\/a><\/li><li><a href=\"https:\/\/vimcar.de\/boxenstopp\/blog\/beliebteste-firmenwagen-2024\/\">Die 10 beliebtesten Firmenwagen 2024<\/a><\/li><li><span style=\"font-weight: 400;\"><a href=\"https:\/\/vimcar.de\/boxenstopp\/blog\/fuhrparksicherheit-steigern-durch-analysen\/\" target=\"_blank\" rel=\"noopener\">Fuhrparksicherheit\u00a0<\/a><\/span><\/li><li><a href=\"https:\/\/vimcar.de\/boxenstopp\/blog\/privatwagen-oder-firmenwagen\/\">Privatwagen oder Firmenwagen?<\/a><\/li><li><a href=\"https:\/\/vimcar.de\/boxenstopp\/blog\/10-steuertipps-fur-selbststaendige\/\">10 Steuertipps f\u00fcr Selbstst\u00e4ndige<\/a><\/li><\/ul>\t\t\t\t\t\t<\/div>\n\t\t\t\t<\/div>\n\t\t\t\t\t<\/div>\n\t\t<\/div>\n\t\t\t\t\t<\/div>\n\t\t<\/section>\n\t\t\t\t<section class=\"elementor-section elementor-top-section elementor-element elementor-element-77067cd elementor-section-boxed elementor-section-height-default elementor-section-height-default\" data-id=\"77067cd\" data-element_type=\"section\">\n\t\t\t\t\t\t<div class=\"elementor-container elementor-column-gap-default\">\n\t\t\t\t\t<div class=\"elementor-column elementor-col-100 elementor-top-column elementor-element elementor-element-5876824\" data-id=\"5876824\" data-element_type=\"column\">\n\t\t\t<div class=\"elementor-widget-wrap elementor-element-populated\">\n\t\t\t\t\t\t<div class=\"elementor-element elementor-element-e4a4df9 elementor-author-box--avatar-yes elementor-author-box--name-yes elementor-author-box--biography-yes elementor-author-box--link-no elementor-widget elementor-widget-author-box\" data-id=\"e4a4df9\" data-element_type=\"widget\" data-widget_type=\"author-box.default\">\n\t\t\t\t<div class=\"elementor-widget-container\">\n\t\t\t\t\t<div class=\"elementor-author-box\">\n\t\t\t\t\t\t\t<div  class=\"elementor-author-box__avatar\">\n\t\t\t\t\t<img decoding=\"async\" src=\"https:\/\/secure.gravatar.com\/avatar\/952860854fcbe6074255f751b460c68d?s=300&#038;d=mm&#038;r=g\" alt=\"Bild von Hoang Tam Pham\" loading=\"lazy\">\n\t\t\t\t<\/div>\n\t\t\t\n\t\t\t<div class=\"elementor-author-box__text\">\n\t\t\t\t\t\t\t\t\t<div >\n\t\t\t\t\t\t<h4 class=\"elementor-author-box__name\">\n\t\t\t\t\t\t\tHoang Tam Pham\t\t\t\t\t\t<\/h4>\n\t\t\t\t\t<\/div>\n\t\t\t\t\n\t\t\t\t\t\t\t\t\t<div class=\"elementor-author-box__bio\">\n\t\t\t\t\t\t\t\t\t\t\t<\/div>\n\t\t\t\t\n\t\t\t\t\t\t\t<\/div>\n\t\t<\/div>\n\t\t\t\t<\/div>\n\t\t\t\t<\/div>\n\t\t\t\t<div class=\"elementor-element elementor-element-4fc34fe elementor-share-buttons--view-icon elementor-share-buttons--skin-minimal elementor-share-buttons--color-custom elementor-share-buttons--shape-square elementor-grid-0 elementor-widget elementor-widget-global elementor-global-9354 elementor-widget-share-buttons\" data-id=\"4fc34fe\" data-element_type=\"widget\" data-widget_type=\"share-buttons.default\">\n\t\t\t\t<div class=\"elementor-widget-container\">\n\t\t\t\t\t<div class=\"elementor-grid\">\n\t\t\t\t\t\t\t\t<div class=\"elementor-grid-item\">\n\t\t\t\t\t\t<div\n\t\t\t\t\t\t\tclass=\"elementor-share-btn elementor-share-btn_facebook\"\n\t\t\t\t\t\t\trole=\"button\"\n\t\t\t\t\t\t\ttabindex=\"0\"\n\t\t\t\t\t\t\taria-label=\"Teilen auf facebook\"\n\t\t\t\t\t\t>\n\t\t\t\t\t\t\t\t\t\t\t\t\t\t\t<span class=\"elementor-share-btn__icon\">\n\t\t\t\t\t\t\t\t<svg class=\"e-font-icon-svg e-fab-facebook\" viewBox=\"0 0 512 512\" xmlns=\"http:\/\/www.w3.org\/2000\/svg\"><path d=\"M504 256C504 119 393 8 256 8S8 119 8 256c0 123.78 90.69 226.38 209.25 245V327.69h-63V256h63v-54.64c0-62.15 37-96.48 93.67-96.48 27.14 0 55.52 4.84 55.52 4.84v61h-31.28c-30.8 0-40.41 19.12-40.41 38.73V256h68.78l-11 71.69h-57.78V501C413.31 482.38 504 379.78 504 256z\"><\/path><\/svg>\t\t\t\t\t\t\t<\/span>\n\t\t\t\t\t\t\t\t\t\t\t\t\t\t\t\t\t\t\t\t<\/div>\n\t\t\t\t\t<\/div>\n\t\t\t\t\t\t\t\t\t<div class=\"elementor-grid-item\">\n\t\t\t\t\t\t<div\n\t\t\t\t\t\t\tclass=\"elementor-share-btn elementor-share-btn_twitter\"\n\t\t\t\t\t\t\trole=\"button\"\n\t\t\t\t\t\t\ttabindex=\"0\"\n\t\t\t\t\t\t\taria-label=\"Teilen auf twitter\"\n\t\t\t\t\t\t>\n\t\t\t\t\t\t\t\t\t\t\t\t\t\t\t<span class=\"elementor-share-btn__icon\">\n\t\t\t\t\t\t\t\t<svg class=\"e-font-icon-svg e-fab-twitter\" viewBox=\"0 0 512 512\" xmlns=\"http:\/\/www.w3.org\/2000\/svg\"><path d=\"M459.37 151.716c.325 4.548.325 9.097.325 13.645 0 138.72-105.583 298.558-298.558 298.558-59.452 0-114.68-17.219-161.137-47.106 8.447.974 16.568 1.299 25.34 1.299 49.055 0 94.213-16.568 130.274-44.832-46.132-.975-84.792-31.188-98.112-72.772 6.498.974 12.995 1.624 19.818 1.624 9.421 0 18.843-1.3 27.614-3.573-48.081-9.747-84.143-51.98-84.143-102.985v-1.299c13.969 7.797 30.214 12.67 47.431 13.319-28.264-18.843-46.781-51.005-46.781-87.391 0-19.492 5.197-37.36 14.294-52.954 51.655 63.675 129.3 105.258 216.365 109.807-1.624-7.797-2.599-15.918-2.599-24.04 0-57.828 46.782-104.934 104.934-104.934 30.213 0 57.502 12.67 76.67 33.137 23.715-4.548 46.456-13.32 66.599-25.34-7.798 24.366-24.366 44.833-46.132 57.827 21.117-2.273 41.584-8.122 60.426-16.243-14.292 20.791-32.161 39.308-52.628 54.253z\"><\/path><\/svg>\t\t\t\t\t\t\t<\/span>\n\t\t\t\t\t\t\t\t\t\t\t\t\t\t\t\t\t\t\t\t<\/div>\n\t\t\t\t\t<\/div>\n\t\t\t\t\t\t\t\t\t<div class=\"elementor-grid-item\">\n\t\t\t\t\t\t<div\n\t\t\t\t\t\t\tclass=\"elementor-share-btn elementor-share-btn_linkedin\"\n\t\t\t\t\t\t\trole=\"button\"\n\t\t\t\t\t\t\ttabindex=\"0\"\n\t\t\t\t\t\t\taria-label=\"Teilen auf linkedin\"\n\t\t\t\t\t\t>\n\t\t\t\t\t\t\t\t\t\t\t\t\t\t\t<span class=\"elementor-share-btn__icon\">\n\t\t\t\t\t\t\t\t<svg class=\"e-font-icon-svg e-fab-linkedin\" viewBox=\"0 0 448 512\" xmlns=\"http:\/\/www.w3.org\/2000\/svg\"><path d=\"M416 32H31.9C14.3 32 0 46.5 0 64.3v383.4C0 465.5 14.3 480 31.9 480H416c17.6 0 32-14.5 32-32.3V64.3c0-17.8-14.4-32.3-32-32.3zM135.4 416H69V202.2h66.5V416zm-33.2-243c-21.3 0-38.5-17.3-38.5-38.5S80.9 96 102.2 96c21.2 0 38.5 17.3 38.5 38.5 0 21.3-17.2 38.5-38.5 38.5zm282.1 243h-66.4V312c0-24.8-.5-56.7-34.5-56.7-34.6 0-39.9 27-39.9 54.9V416h-66.4V202.2h63.7v29.2h.9c8.9-16.8 30.6-34.5 62.9-34.5 67.2 0 79.7 44.3 79.7 101.9V416z\"><\/path><\/svg>\t\t\t\t\t\t\t<\/span>\n\t\t\t\t\t\t\t\t\t\t\t\t\t\t\t\t\t\t\t\t<\/div>\n\t\t\t\t\t<\/div>\n\t\t\t\t\t\t\t\t\t<div class=\"elementor-grid-item\">\n\t\t\t\t\t\t<div\n\t\t\t\t\t\t\tclass=\"elementor-share-btn elementor-share-btn_pinterest\"\n\t\t\t\t\t\t\trole=\"button\"\n\t\t\t\t\t\t\ttabindex=\"0\"\n\t\t\t\t\t\t\taria-label=\"Teilen auf pinterest\"\n\t\t\t\t\t\t>\n\t\t\t\t\t\t\t\t\t\t\t\t\t\t\t<span class=\"elementor-share-btn__icon\">\n\t\t\t\t\t\t\t\t<svg class=\"e-font-icon-svg e-fab-pinterest\" viewBox=\"0 0 496 512\" xmlns=\"http:\/\/www.w3.org\/2000\/svg\"><path d=\"M496 256c0 137-111 248-248 248-25.6 0-50.2-3.9-73.4-11.1 10.1-16.5 25.2-43.5 30.8-65 3-11.6 15.4-59 15.4-59 8.1 15.4 31.7 28.5 56.8 28.5 74.8 0 128.7-68.8 128.7-154.3 0-81.9-66.9-143.2-152.9-143.2-107 0-163.9 71.8-163.9 150.1 0 36.4 19.4 81.7 50.3 96.1 4.7 2.2 7.2 1.2 8.3-3.3.8-3.4 5-20.3 6.9-28.1.6-2.5.3-4.7-1.7-7.1-10.1-12.5-18.3-35.3-18.3-56.6 0-54.7 41.4-107.6 112-107.6 60.9 0 103.6 41.5 103.6 100.9 0 67.1-33.9 113.6-78 113.6-24.3 0-42.6-20.1-36.7-44.8 7-29.5 20.5-61.3 20.5-82.6 0-19-10.2-34.9-31.4-34.9-24.9 0-44.9 25.7-44.9 60.2 0 22 7.4 36.8 7.4 36.8s-24.5 103.8-29 123.2c-5 21.4-3 51.6-.9 71.2C65.4 450.9 0 361.1 0 256 0 119 111 8 248 8s248 111 248 248z\"><\/path><\/svg>\t\t\t\t\t\t\t<\/span>\n\t\t\t\t\t\t\t\t\t\t\t\t\t\t\t\t\t\t\t\t<\/div>\n\t\t\t\t\t<\/div>\n\t\t\t\t\t\t<\/div>\n\t\t\t\t<\/div>\n\t\t\t\t<\/div>\n\t\t\t\t\t<\/div>\n\t\t<\/div>\n\t\t\t\t\t<\/div>\n\t\t<\/section>\n\t\t\t\t<\/div>\n\t\t","protected":false},"excerpt":{"rendered":"<p>Der Winter wird von AutofahrerInnen gef\u00fcrchtet \u2013 dabei gibt es auch im Sommer Situationen, die besonderes F\u00e4higkeiten und Extra-Knowhow erfordern. Wie man den Fuhrpark sommerfit macht, welche Sicherheitsvorkehrungen zu treffen sind und warum es wichtig ist, die FahrerInnen auch f\u00fcr den Einsatz bei hei\u00dfen Temperaturen zu schulen. Keine Frage, Autofahren im Sommer macht Spa\u00df. Wenn [&hellip;]<\/p>\n","protected":false},"author":74,"featured_media":25575,"comment_status":"open","ping_status":"closed","sticky":false,"template":"","format":"standard","meta":{"footnotes":"","mc4wp_mailchimp_campaign":[],"_wp_rev_ctl_limit":""},"categories":[4444,4447],"tags":[5875],"yoast_head":"<!-- This site is optimized with the Yoast SEO Premium plugin v21.5 (Yoast SEO v21.5) - https:\/\/yoast.com\/wordpress\/plugins\/seo\/ -->\n<title>Wie macht man den Fuhrpark sommerfest?<\/title>\n<meta name=\"description\" content=\"Der Sommer hat es in sich: Lesen Sie jetzt, wie Sie Fahrzeuge und FahrerInnen fit f\u00fcr die Stra\u00dfe machen k\u00f6nnen.\" \/>\n<meta name=\"robots\" content=\"index, follow, max-snippet:-1, max-image-preview:large, max-video-preview:-1\" \/>\n<link rel=\"canonical\" href=\"https:\/\/vimcar.de\/boxenstopp\/blog\/wie-macht-man-den-fuhrpark-sommerfest\/\" \/>\n<meta property=\"og:locale\" content=\"de_DE\" \/>\n<meta property=\"og:type\" content=\"article\" \/>\n<meta property=\"og:title\" content=\"Wie macht man den Fuhrpark sommerfest?\" \/>\n<meta property=\"og:description\" content=\"Der Sommer hat es in sich: Lesen Sie jetzt, wie Sie Fahrzeuge und FahrerInnen fit f\u00fcr die Stra\u00dfe machen k\u00f6nnen.\" \/>\n<meta property=\"og:url\" content=\"https:\/\/vimcar.de\/boxenstopp\/blog\/wie-macht-man-den-fuhrpark-sommerfest\/\" \/>\n<meta property=\"og:site_name\" content=\"Vimcar Boxenstopp\" \/>\n<meta property=\"article:publisher\" content=\"https:\/\/www.facebook.com\/vimcar\" \/>\n<meta property=\"article:published_time\" content=\"2021-07-12T12:36:32+00:00\" \/>\n<meta property=\"article:modified_time\" content=\"2024-07-15T11:29:42+00:00\" \/>\n<meta property=\"og:image\" content=\"https:\/\/vimcar.de\/boxenstopp\/wp-content\/uploads\/2021\/07\/autoflotte_sommerfest.jpg\" \/>\n\t<meta property=\"og:image:width\" content=\"760\" \/>\n\t<meta property=\"og:image:height\" content=\"507\" \/>\n\t<meta property=\"og:image:type\" content=\"image\/jpeg\" \/>\n<meta name=\"author\" content=\"Hoang Tam Pham\" \/>\n<meta name=\"twitter:card\" content=\"summary_large_image\" \/>\n<meta name=\"twitter:creator\" content=\"@hoang.tam.pham@vimcar.com\" \/>\n<meta name=\"twitter:site\" content=\"@goVimcar\" \/>\n<meta name=\"twitter:label1\" content=\"Verfasst von\" \/>\n\t<meta name=\"twitter:data1\" content=\"Hoang Tam Pham\" \/>\n\t<meta name=\"twitter:label2\" content=\"Gesch\u00e4tzte Lesezeit\" \/>\n\t<meta name=\"twitter:data2\" content=\"5\u00a0Minuten\" \/>\n<!-- \/ Yoast SEO Premium plugin. -->","yoast_head_json":{"title":"Wie macht man den Fuhrpark sommerfest?","description":"Der Sommer hat es in sich: Lesen Sie jetzt, wie Sie Fahrzeuge und FahrerInnen fit f\u00fcr die Stra\u00dfe machen k\u00f6nnen.","robots":{"index":"index","follow":"follow","max-snippet":"max-snippet:-1","max-image-preview":"max-image-preview:large","max-video-preview":"max-video-preview:-1"},"canonical":"https:\/\/vimcar.de\/boxenstopp\/blog\/wie-macht-man-den-fuhrpark-sommerfest\/","og_locale":"de_DE","og_type":"article","og_title":"Wie macht man den Fuhrpark sommerfest?","og_description":"Der Sommer hat es in sich: Lesen Sie jetzt, wie Sie Fahrzeuge und FahrerInnen fit f\u00fcr die Stra\u00dfe machen k\u00f6nnen.","og_url":"https:\/\/vimcar.de\/boxenstopp\/blog\/wie-macht-man-den-fuhrpark-sommerfest\/","og_site_name":"Vimcar Boxenstopp","article_publisher":"https:\/\/www.facebook.com\/vimcar","article_published_time":"2021-07-12T12:36:32+00:00","article_modified_time":"2024-07-15T11:29:42+00:00","og_image":[{"width":760,"height":507,"url":"https:\/\/vimcar.de\/boxenstopp\/wp-content\/uploads\/2021\/07\/autoflotte_sommerfest.jpg","type":"image\/jpeg"}],"author":"Hoang Tam Pham","twitter_card":"summary_large_image","twitter_creator":"@hoang.tam.pham@vimcar.com","twitter_site":"@goVimcar","twitter_misc":{"Verfasst von":"Hoang Tam Pham","Gesch\u00e4tzte Lesezeit":"5\u00a0Minuten"},"schema":{"@context":"https:\/\/schema.org","@graph":[{"@type":"Article","@id":"https:\/\/vimcar.de\/boxenstopp\/blog\/wie-macht-man-den-fuhrpark-sommerfest\/#article","isPartOf":{"@id":"https:\/\/vimcar.de\/boxenstopp\/blog\/wie-macht-man-den-fuhrpark-sommerfest\/"},"author":{"name":"Hoang Tam Pham","@id":"https:\/\/vimcar.de\/boxenstopp\/#\/schema\/person\/fd4558e260e57a027c9338c8844b7e97"},"headline":"Wie macht man den Fuhrpark sommerfest?","datePublished":"2021-07-12T12:36:32+00:00","dateModified":"2024-07-15T11:29:42+00:00","mainEntityOfPage":{"@id":"https:\/\/vimcar.de\/boxenstopp\/blog\/wie-macht-man-den-fuhrpark-sommerfest\/"},"wordCount":911,"commentCount":0,"publisher":{"@id":"https:\/\/vimcar.de\/boxenstopp\/#organization"},"keywords":["Wartung"],"articleSection":["Blog","KATEGORIEN"],"inLanguage":"de","potentialAction":[{"@type":"CommentAction","name":"Comment","target":["https:\/\/vimcar.de\/boxenstopp\/blog\/wie-macht-man-den-fuhrpark-sommerfest\/#respond"]}]},{"@type":"WebPage","@id":"https:\/\/vimcar.de\/boxenstopp\/blog\/wie-macht-man-den-fuhrpark-sommerfest\/","url":"https:\/\/vimcar.de\/boxenstopp\/blog\/wie-macht-man-den-fuhrpark-sommerfest\/","name":"Wie macht man den Fuhrpark sommerfest?","isPartOf":{"@id":"https:\/\/vimcar.de\/boxenstopp\/#website"},"datePublished":"2021-07-12T12:36:32+00:00","dateModified":"2024-07-15T11:29:42+00:00","description":"Der Sommer hat es in sich: Lesen Sie jetzt, wie Sie Fahrzeuge und FahrerInnen fit f\u00fcr die Stra\u00dfe machen k\u00f6nnen.","breadcrumb":{"@id":"https:\/\/vimcar.de\/boxenstopp\/blog\/wie-macht-man-den-fuhrpark-sommerfest\/#breadcrumb"},"inLanguage":"de","potentialAction":[{"@type":"ReadAction","target":["https:\/\/vimcar.de\/boxenstopp\/blog\/wie-macht-man-den-fuhrpark-sommerfest\/"]}]},{"@type":"BreadcrumbList","@id":"https:\/\/vimcar.de\/boxenstopp\/blog\/wie-macht-man-den-fuhrpark-sommerfest\/#breadcrumb","itemListElement":[{"@type":"ListItem","position":1,"name":"Startseite","item":"https:\/\/vimcar.de\/boxenstopp\/"},{"@type":"ListItem","position":2,"name":"Wie macht man den Fuhrpark sommerfest?"}]},{"@type":"WebSite","@id":"https:\/\/vimcar.de\/boxenstopp\/#website","url":"https:\/\/vimcar.de\/boxenstopp\/","name":"Vimcar Boxenstopp","description":"- Die Lernplattform f\u00fcr Fuhrparkleiter","publisher":{"@id":"https:\/\/vimcar.de\/boxenstopp\/#organization"},"potentialAction":[{"@type":"SearchAction","target":{"@type":"EntryPoint","urlTemplate":"https:\/\/vimcar.de\/boxenstopp\/?s={search_term_string}"},"query-input":"required name=search_term_string"}],"inLanguage":"de"},{"@type":"Organization","@id":"https:\/\/vimcar.de\/boxenstopp\/#organization","name":"Vimcar Boxenstopp - Fuhrparkwissen","url":"https:\/\/vimcar.de\/boxenstopp\/","logo":{"@type":"ImageObject","inLanguage":"de","@id":"https:\/\/vimcar.de\/boxenstopp\/#\/schema\/logo\/image\/","url":"https:\/\/vimcar.de\/boxenstopp\/wp-content\/uploads\/2020\/10\/logo-vimcar-boxenstopp.png","contentUrl":"https:\/\/vimcar.de\/boxenstopp\/wp-content\/uploads\/2020\/10\/logo-vimcar-boxenstopp.png","width":250,"height":50,"caption":"Vimcar Boxenstopp - Fuhrparkwissen"},"image":{"@id":"https:\/\/vimcar.de\/boxenstopp\/#\/schema\/logo\/image\/"},"sameAs":["https:\/\/www.facebook.com\/vimcar","https:\/\/twitter.com\/goVimcar","https:\/\/www.instagram.com\/vimcar_official\/","https:\/\/de.linkedin.com\/company\/vimcar","https:\/\/www.pinterest.de\/vimcar\/","https:\/\/www.youtube.com\/channel\/UCWRajoA7OnWsAw-ezAahZPg"]},{"@type":"Person","@id":"https:\/\/vimcar.de\/boxenstopp\/#\/schema\/person\/fd4558e260e57a027c9338c8844b7e97","name":"Hoang Tam Pham","sameAs":["https:\/\/www.linkedin.com\/in\/hoang-tam-pham\/","https:\/\/twitter.com\/hoang.tam.pham@vimcar.com"]}]}},"_links":{"self":[{"href":"https:\/\/vimcar.de\/boxenstopp\/wp-json\/wp\/v2\/posts\/25332"}],"collection":[{"href":"https:\/\/vimcar.de\/boxenstopp\/wp-json\/wp\/v2\/posts"}],"about":[{"href":"https:\/\/vimcar.de\/boxenstopp\/wp-json\/wp\/v2\/types\/post"}],"author":[{"embeddable":true,"href":"https:\/\/vimcar.de\/boxenstopp\/wp-json\/wp\/v2\/users\/74"}],"replies":[{"embeddable":true,"href":"https:\/\/vimcar.de\/boxenstopp\/wp-json\/wp\/v2\/comments?post=25332"}],"version-history":[{"count":1,"href":"https:\/\/vimcar.de\/boxenstopp\/wp-json\/wp\/v2\/posts\/25332\/revisions"}],"predecessor-version":[{"id":51280,"href":"https:\/\/vimcar.de\/boxenstopp\/wp-json\/wp\/v2\/posts\/25332\/revisions\/51280"}],"wp:featuredmedia":[{"embeddable":true,"href":"https:\/\/vimcar.de\/boxenstopp\/wp-json\/wp\/v2\/media\/25575"}],"wp:attachment":[{"href":"https:\/\/vimcar.de\/boxenstopp\/wp-json\/wp\/v2\/media?parent=25332"}],"wp:term":[{"taxonomy":"category","embeddable":true,"href":"https:\/\/vimcar.de\/boxenstopp\/wp-json\/wp\/v2\/categories?post=25332"},{"taxonomy":"post_tag","embeddable":true,"href":"https:\/\/vimcar.de\/boxenstopp\/wp-json\/wp\/v2\/tags?post=25332"}],"curies":[{"name":"wp","href":"https:\/\/api.w.org\/{rel}","templated":true}]}}