{"id":29415,"date":"2021-11-29T16:36:30","date_gmt":"2021-11-29T15:36:30","guid":{"rendered":"https:\/\/vimcar.de\/boxenstopp\/?p=29415"},"modified":"2022-02-04T07:29:33","modified_gmt":"2022-02-04T06:29:33","slug":"halbleiterkrise","status":"publish","type":"post","link":"https:\/\/vimcar.de\/boxenstopp\/blog\/halbleiterkrise\/","title":{"rendered":"Halbleiterkrise: So planen Sie richtig f\u00fcr ihren Fuhrpark"},"content":{"rendered":"\t\t<div data-elementor-type=\"wp-post\" data-elementor-id=\"29415\" class=\"elementor elementor-29415\" data-elementor-post-type=\"post\">\n\t\t\t\t\t\t<section class=\"elementor-section elementor-top-section elementor-element elementor-element-b557b71 elementor-section-boxed elementor-section-height-default elementor-section-height-default\" data-id=\"b557b71\" data-element_type=\"section\">\n\t\t\t\t\t\t<div class=\"elementor-container elementor-column-gap-default\">\n\t\t\t\t\t<div class=\"elementor-column elementor-col-100 elementor-top-column elementor-element elementor-element-1ea3c74\" data-id=\"1ea3c74\" data-element_type=\"column\">\n\t\t\t<div class=\"elementor-widget-wrap elementor-element-populated\">\n\t\t\t\t\t\t<div class=\"elementor-element elementor-element-22c9a91 elementor-widget elementor-widget-text-editor\" data-id=\"22c9a91\" data-element_type=\"widget\" data-widget_type=\"text-editor.default\">\n\t\t\t\t<div class=\"elementor-widget-container\">\n\t\t\t\t\t\t\t<p><em>Halbleiter sind momentan Mangelware, aber wichtig f\u00fcr die Fahrzeugproduktion. Die Krise verz\u00f6gert die Lieferung von Neufahrzeugen deutlich \u2013 und f\u00fchrt zu Schwierigkeiten im Fuhrpark von Unternehmen. Doch es gibt M\u00f6glichkeiten, trotzdem mobil zu bleiben.<\/em><\/p>\t\t\t\t\t\t<\/div>\n\t\t\t\t<\/div>\n\t\t\t\t\t<\/div>\n\t\t<\/div>\n\t\t\t\t\t<\/div>\n\t\t<\/section>\n\t\t\t\t<section class=\"elementor-section elementor-top-section elementor-element elementor-element-effe6fa elementor-section-boxed elementor-section-height-default elementor-section-height-default\" data-id=\"effe6fa\" data-element_type=\"section\">\n\t\t\t\t\t\t<div class=\"elementor-container elementor-column-gap-default\">\n\t\t\t\t\t<div class=\"elementor-column elementor-col-100 elementor-top-column elementor-element elementor-element-2dbabbc\" data-id=\"2dbabbc\" data-element_type=\"column\">\n\t\t\t<div class=\"elementor-widget-wrap elementor-element-populated\">\n\t\t\t\t\t\t<div class=\"elementor-element elementor-element-33b6f5e elementor-widget elementor-widget-text-editor\" data-id=\"33b6f5e\" data-element_type=\"widget\" data-widget_type=\"text-editor.default\">\n\t\t\t\t<div class=\"elementor-widget-container\">\n\t\t\t\t\t\t\t<p>Die Zeichen haben die wenigsten Hersteller von Automobilen erkannt. Als wegen der Corona-Flaute Mitte 2020 der Absatz von Fahrzeugen drastisch in den Keller sank, hatten viele Unternehmen die Bestellungen von Halbleitern storniert. Das war keine gute Idee. Die Multitalente steuern etwa Klimaanlagen, kontrollieren den Reifendruck oder l\u00f6sen den Airbag im Fall eines Unfalls aus. In Zeiten einer stabileren Nachfrage kommt es dadurch jetzt zu einer Halbleiterkrise, der die Produktionsb\u00e4nder der Autoindustrie stillstehen l\u00e4sst.<\/p><p>Mittlerweile gibt es Lieferengp\u00e4sse und Produktionsstopps in der Autoindustrie. Es werden weniger Neuwagen gefertigt, Lieferzeiten verl\u00e4ngern sich und Kunden m\u00fcssen tiefer in die Tasche greifen. Ein Sog, der auch die Firmenflotten mit in die Tiefe zieht. Denn die Halbleiterkrise wirkt sich negativ auf das <a href=\"https:\/\/vimcar.de\/boxenstopp\/lexikon\/mobilitaetsmanager\/\">Mobilit\u00e4tsmanagement<\/a> aus.<\/p>\t\t\t\t\t\t<\/div>\n\t\t\t\t<\/div>\n\t\t\t\t\t<\/div>\n\t\t<\/div>\n\t\t\t\t\t<\/div>\n\t\t<\/section>\n\t\t\t\t<section class=\"elementor-section elementor-top-section elementor-element elementor-element-6e1a0ee elementor-section-boxed elementor-section-height-default elementor-section-height-default\" data-id=\"6e1a0ee\" data-element_type=\"section\">\n\t\t\t\t\t\t<div class=\"elementor-container elementor-column-gap-default\">\n\t\t\t\t\t<div class=\"elementor-column elementor-col-100 elementor-top-column elementor-element elementor-element-224da8f\" data-id=\"224da8f\" data-element_type=\"column\">\n\t\t\t<div class=\"elementor-widget-wrap elementor-element-populated\">\n\t\t\t\t\t\t<div class=\"elementor-element elementor-element-36abc8f elementor-widget elementor-widget-heading\" data-id=\"36abc8f\" data-element_type=\"widget\" data-widget_type=\"heading.default\">\n\t\t\t\t<div class=\"elementor-widget-container\">\n\t\t\t<h2 class=\"elementor-heading-title elementor-size-default\">Abh\u00e4ngigkeit erh\u00f6ht die Halbleiterkrise<\/h2>\t\t<\/div>\n\t\t\t\t<\/div>\n\t\t\t\t<section class=\"elementor-section elementor-inner-section elementor-element elementor-element-b64bfa3 elementor-section-boxed elementor-section-height-default elementor-section-height-default\" data-id=\"b64bfa3\" data-element_type=\"section\">\n\t\t\t\t\t\t<div class=\"elementor-container elementor-column-gap-default\">\n\t\t\t\t\t<div class=\"elementor-column elementor-col-50 elementor-inner-column elementor-element elementor-element-15ceee6\" data-id=\"15ceee6\" data-element_type=\"column\">\n\t\t\t<div class=\"elementor-widget-wrap elementor-element-populated\">\n\t\t\t\t\t\t<div class=\"elementor-element elementor-element-c90efbb elementor-widget elementor-widget-text-editor\" data-id=\"c90efbb\" data-element_type=\"widget\" data-widget_type=\"text-editor.default\">\n\t\t\t\t<div class=\"elementor-widget-container\">\n\t\t\t\t\t\t\t<p>Da die Hersteller von Halbleitern mit der Automobilbranche nur \u00fcber einen relativ kleinen Abnehmerkreis verf\u00fcgen, fokussieren sie sich wie seit jeher auf digitale Unternehmen. Autobauer m\u00fcssen sich bei Bestellungen gedulden und hinten anstellen. Perspektivisch hatten sie nicht damit gerechnet, dass das Gesch\u00e4ft mit Halbleitern nach einer kurzen Flaute derart Fahrt aufnehmen w\u00fcrde.\u00a0<\/p><p>Da nahezu alle Produzenten und Zulieferer von der Knappheit betroffen sind, hat diese Situation gro\u00dfe Auswirkungen auf die betrieblichen Flotten. Die Lieferzeit von Neuwagen f\u00fcr Flottenbetreiber betr\u00e4gt teils bis zu einem halben Jahr. Eine Beruhigung und damit Entwarnung erwartet derzeit nahezu niemand in der Branche. Ganz im Gegenteil: Es mehren sich die Bef\u00fcrchtungen, dass sich die Halbleiterkrise m\u00f6glicherweise noch bis 2023 ziehen k\u00f6nnte.<\/p>\t\t\t\t\t\t<\/div>\n\t\t\t\t<\/div>\n\t\t\t\t\t<\/div>\n\t\t<\/div>\n\t\t\t\t<div class=\"elementor-column elementor-col-50 elementor-inner-column elementor-element elementor-element-2a427b1\" data-id=\"2a427b1\" data-element_type=\"column\">\n\t\t\t<div class=\"elementor-widget-wrap elementor-element-populated\">\n\t\t\t\t\t\t<div class=\"elementor-element elementor-element-f45debd elementor-widget elementor-widget-image\" data-id=\"f45debd\" data-element_type=\"widget\" data-widget_type=\"image.default\">\n\t\t\t\t<div class=\"elementor-widget-container\">\n\t\t\t\t\t\t\t\t\t\t\t\t\t<img fetchpriority=\"high\" decoding=\"async\" width=\"782\" height=\"587\" src=\"https:\/\/vimcar.de\/boxenstopp\/wp-content\/uploads\/2021\/11\/Webp.net-resizeimage-95.jpg\" class=\"attachment-large size-large wp-image-29506\" alt=\"Herstellung von Halbleitern\" srcset=\"https:\/\/vimcar.de\/boxenstopp\/wp-content\/uploads\/2021\/11\/Webp.net-resizeimage-95.jpg 782w, https:\/\/vimcar.de\/boxenstopp\/wp-content\/uploads\/2021\/11\/Webp.net-resizeimage-95-300x225.jpg 300w, https:\/\/vimcar.de\/boxenstopp\/wp-content\/uploads\/2021\/11\/Webp.net-resizeimage-95-768x576.jpg 768w, https:\/\/vimcar.de\/boxenstopp\/wp-content\/uploads\/2021\/11\/Webp.net-resizeimage-95-24x18.jpg 24w, https:\/\/vimcar.de\/boxenstopp\/wp-content\/uploads\/2021\/11\/Webp.net-resizeimage-95-36x27.jpg 36w, https:\/\/vimcar.de\/boxenstopp\/wp-content\/uploads\/2021\/11\/Webp.net-resizeimage-95-48x36.jpg 48w\" sizes=\"(max-width: 782px) 100vw, 782px\" \/>\t\t\t\t\t\t\t\t\t\t\t\t\t<\/div>\n\t\t\t\t<\/div>\n\t\t\t\t\t<\/div>\n\t\t<\/div>\n\t\t\t\t\t<\/div>\n\t\t<\/section>\n\t\t\t\t\t<\/div>\n\t\t<\/div>\n\t\t\t\t\t<\/div>\n\t\t<\/section>\n\t\t\t\t<section class=\"elementor-section elementor-top-section elementor-element elementor-element-49eda16 elementor-section-boxed elementor-section-height-default elementor-section-height-default\" data-id=\"49eda16\" data-element_type=\"section\">\n\t\t\t\t\t\t<div class=\"elementor-container elementor-column-gap-default\">\n\t\t\t\t\t<div class=\"elementor-column elementor-col-100 elementor-top-column elementor-element elementor-element-5c3cbfb\" data-id=\"5c3cbfb\" data-element_type=\"column\">\n\t\t\t<div class=\"elementor-widget-wrap elementor-element-populated\">\n\t\t\t\t\t\t<div class=\"elementor-element elementor-element-c9c041b elementor-widget elementor-widget-heading\" data-id=\"c9c041b\" data-element_type=\"widget\" data-widget_type=\"heading.default\">\n\t\t\t\t<div class=\"elementor-widget-container\">\n\t\t\t<h2 class=\"elementor-heading-title elementor-size-default\">\u00dcbergreifend denken, langfristig planen<\/h2>\t\t<\/div>\n\t\t\t\t<\/div>\n\t\t\t\t<div class=\"elementor-element elementor-element-1197ff0 elementor-widget elementor-widget-text-editor\" data-id=\"1197ff0\" data-element_type=\"widget\" data-widget_type=\"text-editor.default\">\n\t\t\t\t<div class=\"elementor-widget-container\">\n\t\t\t\t\t\t\t<p>Um zuk\u00fcnftig Engp\u00e4sse zu vermeiden, m\u00fcssen Verantwortliche f\u00fcr den Fuhrpark \u00fcber den Tellerrand hinaussehen. Ohne eine perspektivische Version mit vielen unterschiedlichen Szenarien ist eine Planung nicht m\u00f6glich. \u201eEs wird noch deutlicher, dass wir die betriebliche Mobilit\u00e4t \u00fcbergreifend denken und planen m\u00fcssen \u2013 und wie wichtig neue Mobilit\u00e4tskonzepte f\u00fcr Unternehmen sind. Wir raten allen Unternehmen mit Fuhrpark, jetzt zu handeln und m\u00f6gliche \u00c4nderungen einzuleiten!\u201c, sagte Axel Sch\u00e4fer, Gesch\u00e4ftsf\u00fchrer des Bundesverbandes Fuhrparkmanagement, in einem Interview.\u00a0<\/p><p>Dazu z\u00e4hlt etwa, seinen zuk\u00fcnftigen Fahrzeugbedarf einzusch\u00e4tzen und \u00fcber alternative Mobilit\u00e4tskonzepte nachzudenken. Nur so lassen sich flexiblen Mobilit\u00e4tsl\u00f6sungen in jeder Lage schaffen. Um Engp\u00e4sse abzufedern, k\u00f6nnen beispielsweise zwischenzeitlich neue Mobilit\u00e4tsformen eingefu\u0308hrt werden. Und davon gibt es einige: von <a href=\"https:\/\/vimcar.de\/boxenstopp\/lexikon\/corporate-carsharing\/\">Car Sharing<\/a>, <a href=\"https:\/\/vimcar.de\/boxenstopp\/lexikon\/mobilitaetsbudget\/\">Mobilit\u00e4tsbudgets<\/a>, <a href=\"https:\/\/vimcar.de\/boxenstopp\/lexikon\/leasing\/\">Leasing<\/a> bis hin zum <a href=\"https:\/\/vimcar.de\/boxenstopp\/blog\/wie-praktisch-sind-auto-abos-im-fuhrpark\/\">Auto-Abo<\/a>. Die Beschaffung muss rechtzeitig geplant, der Gebrauchtwagenmarkt im Blick behalten und die Personalplanung mit Beschaffung fru\u0308h synchronisiert werden. Mobilit\u00e4tsbudget lautet das Zauberwort.<\/p>\t\t\t\t\t\t<\/div>\n\t\t\t\t<\/div>\n\t\t\t\t\t<\/div>\n\t\t<\/div>\n\t\t\t\t\t<\/div>\n\t\t<\/section>\n\t\t\t\t<section class=\"elementor-section elementor-top-section elementor-element elementor-element-a38354f elementor-section-boxed elementor-section-height-default elementor-section-height-default\" data-id=\"a38354f\" data-element_type=\"section\">\n\t\t\t\t\t\t<div class=\"elementor-container elementor-column-gap-default\">\n\t\t\t\t\t<div class=\"elementor-column elementor-col-100 elementor-top-column elementor-element elementor-element-f981229\" data-id=\"f981229\" data-element_type=\"column\">\n\t\t\t<div class=\"elementor-widget-wrap elementor-element-populated\">\n\t\t\t\t\t\t<div class=\"elementor-element elementor-element-34703ed elementor-widget elementor-widget-heading\" data-id=\"34703ed\" data-element_type=\"widget\" data-widget_type=\"heading.default\">\n\t\t\t\t<div class=\"elementor-widget-container\">\n\t\t\t<h2 class=\"elementor-heading-title elementor-size-default\">Strategien f\u00fcr mehr Mobilit\u00e4t<\/h2>\t\t<\/div>\n\t\t\t\t<\/div>\n\t\t\t\t<section class=\"elementor-section elementor-inner-section elementor-element elementor-element-2691607 elementor-section-boxed elementor-section-height-default elementor-section-height-default\" data-id=\"2691607\" data-element_type=\"section\">\n\t\t\t\t\t\t<div class=\"elementor-container elementor-column-gap-default\">\n\t\t\t\t\t<div class=\"elementor-column elementor-col-50 elementor-inner-column elementor-element elementor-element-f17a42c\" data-id=\"f17a42c\" data-element_type=\"column\">\n\t\t\t<div class=\"elementor-widget-wrap elementor-element-populated\">\n\t\t\t\t\t\t<div class=\"elementor-element elementor-element-38d59fc elementor-widget elementor-widget-image\" data-id=\"38d59fc\" data-element_type=\"widget\" data-widget_type=\"image.default\">\n\t\t\t\t<div class=\"elementor-widget-container\">\n\t\t\t\t\t\t\t\t\t\t\t\t\t<img decoding=\"async\" width=\"782\" height=\"522\" src=\"https:\/\/vimcar.de\/boxenstopp\/wp-content\/uploads\/2021\/11\/Webp.net-resizeimage-96.jpg\" class=\"attachment-large size-large wp-image-29505\" alt=\"Geschwindigkeit Pkw\" srcset=\"https:\/\/vimcar.de\/boxenstopp\/wp-content\/uploads\/2021\/11\/Webp.net-resizeimage-96.jpg 782w, https:\/\/vimcar.de\/boxenstopp\/wp-content\/uploads\/2021\/11\/Webp.net-resizeimage-96-300x200.jpg 300w, https:\/\/vimcar.de\/boxenstopp\/wp-content\/uploads\/2021\/11\/Webp.net-resizeimage-96-768x513.jpg 768w, https:\/\/vimcar.de\/boxenstopp\/wp-content\/uploads\/2021\/11\/Webp.net-resizeimage-96-24x16.jpg 24w, https:\/\/vimcar.de\/boxenstopp\/wp-content\/uploads\/2021\/11\/Webp.net-resizeimage-96-36x24.jpg 36w, https:\/\/vimcar.de\/boxenstopp\/wp-content\/uploads\/2021\/11\/Webp.net-resizeimage-96-48x32.jpg 48w\" sizes=\"(max-width: 782px) 100vw, 782px\" \/>\t\t\t\t\t\t\t\t\t\t\t\t\t<\/div>\n\t\t\t\t<\/div>\n\t\t\t\t\t<\/div>\n\t\t<\/div>\n\t\t\t\t<div class=\"elementor-column elementor-col-50 elementor-inner-column elementor-element elementor-element-fd320c5\" data-id=\"fd320c5\" data-element_type=\"column\">\n\t\t\t<div class=\"elementor-widget-wrap elementor-element-populated\">\n\t\t\t\t\t\t<div class=\"elementor-element elementor-element-563c673 elementor-widget elementor-widget-text-editor\" data-id=\"563c673\" data-element_type=\"widget\" data-widget_type=\"text-editor.default\">\n\t\t\t\t<div class=\"elementor-widget-container\">\n\t\t\t\t\t\t\t<p>Angestellte erwarten in unseren Zeiten eine Alternative zum konventionellen Fahrzeug. Das ist gut, denn je breiter die W\u00fcnsche der Mitarbeitenden, desto unabh\u00e4ngiger und flexibler kann das Unternehmen auf Beschaffungskrisen reagieren. Auf die ver\u00e4nderten W\u00fcnsche der Mitarbeiter reagieren mittlerweile viele Firmen. So bieten sie ein monatliches Mobilit\u00e4tsbudget an \u2013 damit sind ihre Mitarbeitenden flexibler mobil und m\u00fcssen sich nicht allein auf die Nutzung eines Firmenwagens festlegen.\u00a0<\/p><p>Das Mobilit\u00e4tsbudget erm\u00f6glicht die Nutzung von Carsharing, Mietwagen, Mietr\u00e4dern, \u00d6VNP und Taxifahrten. Die Abrechnung erfolgt ganz einfach: Wer den monatlichen Betrag in einigen Firmen nicht aussch\u00f6pft, kann das Restbudget aufsparen \u2013 und manchmal damit sogar den Motorroller im Urlaub bezahlen. Im Mittelpunkt steht dabei die Multimodalit\u00e4t, die h\u00f6chste Flexibilit\u00e4t erlauben soll. Durch diese flexible Gestaltung des Mobilit\u00e4tsrahmens k\u00f6nnten Flotten massiv an Fahrzeugen und damit Fuhrparkkosten sparen.<\/p>\t\t\t\t\t\t<\/div>\n\t\t\t\t<\/div>\n\t\t\t\t\t<\/div>\n\t\t<\/div>\n\t\t\t\t\t<\/div>\n\t\t<\/section>\n\t\t\t\t\t<\/div>\n\t\t<\/div>\n\t\t\t\t\t<\/div>\n\t\t<\/section>\n\t\t\t\t<section class=\"elementor-section elementor-top-section elementor-element elementor-element-1e1021b elementor-section-boxed elementor-section-height-default elementor-section-height-default\" data-id=\"1e1021b\" data-element_type=\"section\">\n\t\t\t\t\t\t<div class=\"elementor-container elementor-column-gap-default\">\n\t\t\t\t\t<div class=\"elementor-column elementor-col-100 elementor-top-column elementor-element elementor-element-b1f0de9\" data-id=\"b1f0de9\" data-element_type=\"column\">\n\t\t\t<div class=\"elementor-widget-wrap elementor-element-populated\">\n\t\t\t\t\t\t<div class=\"elementor-element elementor-element-baac0e2 elementor-widget elementor-widget-heading\" data-id=\"baac0e2\" data-element_type=\"widget\" data-widget_type=\"heading.default\">\n\t\t\t\t<div class=\"elementor-widget-container\">\n\t\t\t<h3 class=\"elementor-heading-title elementor-size-default\">Flexibel und startklar<\/h3>\t\t<\/div>\n\t\t\t\t<\/div>\n\t\t\t\t<div class=\"elementor-element elementor-element-f7d08df elementor-widget elementor-widget-text-editor\" data-id=\"f7d08df\" data-element_type=\"widget\" data-widget_type=\"text-editor.default\">\n\t\t\t\t<div class=\"elementor-widget-container\">\n\t\t\t\t\t\t\t<p>Besonders junge und urbane Mitarbeiter haben kaum mehr Interesse an einem eigenen Fahrzeug, das sowieso in der Regel mehr steht, als dass es f\u00e4hrt. Und damit auch unn\u00f6tige Kosten erzeugt. Um die Mobilit\u00e4t voll und ganz sicherzustellen und zugleich Kosten und CO2-Emissionen zu senken, bietet sich das betriebliche Mobilita\u0308tsmanagement an. Es bietet zahlreiche L\u00f6sungen f\u00fcr die kosteneffiziente und umweltfreundliche Gestaltung der Mobilit\u00e4t \u0308im Unternehmen. Gerade um Lieferverz\u00f6gerungen in der Halbleiterkrise zu reduzieren und damit MitarbeiterInnen im Unternehmen immer mobil bleiben, gilt es nur einige Punkte zu beachten:<\/p>\n<ul>\n<li><span style=\"text-decoration: underline;\">Vorausschauend planen:<\/span> Nur, wer stets einen \u00dcberblick \u00fcber alle Fahrzeuge hat, die m\u00f6glicherweise Jahr ausgetauscht werden m\u00fcssen, agiert nachhaltig. Der gr\u00f6\u00dfte Vorteil: Falls Bedarf besteht, k\u00f6nnen Verantwortliche f\u00fcr den Fuhrpark rechtzeitig ihre Bestellungen aufgeben.<\/li>\n<li><span style=\"text-decoration: underline;\">Immer Alternativen in der R\u00fcckhand haben:<\/span> Wir sp\u00fcren es in der aktuellen Halbleiterkrise \u2013 die Lieferung von neuen Fahrzeugen wird zum Gl\u00fccksspiel. Ein enger Kontakt mit der Leasingfirma oder dem Autohaus ist Gold wert. M\u00f6glicherweise lohnt es sich unter guten Konditionen bestehenden Leasingvertr\u00e4ge zu verl\u00e4ngern.&nbsp;<\/li>\n<li><span style=\"text-decoration: underline;\">Gebrauchtwagen als Ass im \u00c4rmel:<\/span> Ob nun Neu- oder Gebrauchtwagen \u2013 wer kurzfristige Engp\u00e4sse \u00fcberbr\u00fccken m\u00f6chte, sollte \u00fcber Kauf oder Leasing nachdenken. In der Regel lassen sich g\u00fcnstigeren Leasingraten und einer k\u00fcrzeren Laufzeit aushandeln. Obwohl die Preise auf dem Markt der Gebrauchtwagen gerade massiv anzieht, hat ihr H\u00e4ndler f\u00fcr sie als guten Kunden bei Kauf m\u00f6glicherweise gute Angebote parat.<\/li>\n<li><span style=\"text-decoration: underline;\">Mobilit\u00e4tsbudget und flexibles Management:<\/span> Wer rechtzeitig auf flexible Mobilit\u00e4tsl\u00f6sungen (z.B. CarSharing, Mobilit\u00e4tsbudgets, Leasing, Auto-Abo, Langzeitmiete) setzt, h\u00e4lt MitarbeiterInnen mobil. Meistens ohne Bindung oder finanziellem Risiko.<\/li>\n<li><span style=\"text-decoration: underline;\">Abomodelle nutzen:<\/span> Auch, wenn das Auto-Abo eher zur \u00dcberbr\u00fcckung kurzfristiger Engp\u00e4sse an Attraktivit\u00e4t gewinnt, k\u00f6nnte es f\u00fcr Fuhrparks durchaus als eine langfristige Alternative angesehen werden.<\/li>\n<\/ul>\n<p><span style=\"text-decoration: underline;\">Fazit:<\/span> Die Lage f\u00fcr den Fuhrpark bleibt weiterhin un\u00fcbersichtlich. Vor kurzem hat der Pr\u00e4sident des Bundesverbandes der Autovermieter Deutschlands verk\u00fcndet, dass seiner Branche in diesem Jahr 75.000 Neufahrzeuge fehlen. Um zuk\u00fcnftig unabh\u00e4ngiger zu agieren, empfiehlt es sich deshalb, nicht alles auf eine L\u00f6sung zu setzten. Wer f\u00fcr die Zukunft facettenreich aufgestellt ist, der kann auch weiterhin Mobilit\u00e4t f\u00fcr sein Unternehmen garantieren.<\/p>\t\t\t\t\t\t<\/div>\n\t\t\t\t<\/div>\n\t\t\t\t\t<\/div>\n\t\t<\/div>\n\t\t\t\t\t<\/div>\n\t\t<\/section>\n\t\t\t\t<section class=\"elementor-section elementor-top-section elementor-element elementor-element-33f05ef elementor-section-boxed elementor-section-height-default elementor-section-height-default\" data-id=\"33f05ef\" data-element_type=\"section\">\n\t\t\t\t\t\t<div class=\"elementor-container elementor-column-gap-default\">\n\t\t\t\t\t<div class=\"elementor-column elementor-col-100 elementor-top-column elementor-element elementor-element-046bdf8\" data-id=\"046bdf8\" data-element_type=\"column\">\n\t\t\t<div class=\"elementor-widget-wrap elementor-element-populated\">\n\t\t\t\t\t\t<div class=\"elementor-element elementor-element-26a8d82 elementor-widget elementor-widget-heading\" data-id=\"26a8d82\" data-element_type=\"widget\" data-widget_type=\"heading.default\">\n\t\t\t\t<div class=\"elementor-widget-container\">\n\t\t\t<h2 class=\"elementor-heading-title elementor-size-default\">Weitere Artikel zum Thema Beschaffung:<\/h2>\t\t<\/div>\n\t\t\t\t<\/div>\n\t\t\t\t<section class=\"elementor-section elementor-inner-section elementor-element elementor-element-9a2a137 elementor-section-boxed elementor-section-height-default elementor-section-height-default\" data-id=\"9a2a137\" data-element_type=\"section\">\n\t\t\t\t\t\t<div class=\"elementor-container elementor-column-gap-default\">\n\t\t\t\t\t<div class=\"elementor-column elementor-col-100 elementor-inner-column elementor-element elementor-element-0b295d6\" data-id=\"0b295d6\" data-element_type=\"column\">\n\t\t\t<div class=\"elementor-widget-wrap elementor-element-populated\">\n\t\t\t\t\t\t<div class=\"elementor-element elementor-element-635f06a elementor-widget elementor-widget-text-editor\" data-id=\"635f06a\" data-element_type=\"widget\" data-widget_type=\"text-editor.default\">\n\t\t\t\t<div class=\"elementor-widget-container\">\n\t\t\t\t\t\t\t<ul><li><a href=\"https:\/\/vimcar.de\/boxenstopp\/lexikon\/poolfahrzeug\/\">Poolfahrzeug<\/a><\/li><li><a href=\"https:\/\/vimcar.de\/boxenstopp\/lexikon\/firmenwagen\/\">Firmenwagen<\/a><\/li><li><a href=\"https:\/\/vimcar.de\/boxenstopp\/ressourcenbereich\/vollmacht-zur-fahrzeugabholung\/\">Vollmacht zur Fahrzeugabholung<\/a><\/li><li><a href=\"https:\/\/vimcar.de\/boxenstopp\/lexikon\/coc-dokumente\/\">CoC-Dokumente &#8211; Was beachten?<\/a><\/li><li><a href=\"https:\/\/vimcar.de\/boxenstopp\/ressourcenbereich\/checkliste-anlieferung-flottenfahrzeuge\/\">Checkliste zur Anlieferung von Flottenfahrzeugen<\/a><\/li><li><a href=\"https:\/\/vimcar.de\/boxenstopp\/blog\/outsourcen-oder-inhouse\/\">Beschaffung\u00a0 &#8211; Outsourcen oder Inhouse?<\/a><\/li><li><a href=\"https:\/\/vimcar.de\/boxenstopp\/blog\/kauf-des-fuhrparks\/\">Kauf des Fuhrpark &#8211; Was beachten?<\/a><\/li><li><a href=\"https:\/\/vimcar.de\/boxenstopp\/online-kurse\/beschaffung\/\">Online Kurs zum Thema Beschaffung<\/a><\/li><li><a href=\"https:\/\/vimcar.de\/boxenstopp\/blog\/fahrzeugbeschaffung-fuhrpark\/\">Die Fahrzeugbeschaffung im Fuhrpark<\/a><\/li><li><a href=\"https:\/\/vimcar.de\/boxenstopp\/ressourcenbereich\/checkliste-anschaffung-lieferwagen\/\">Checkliste &#8211; Anschaffung von Lieferwagen<\/a><\/li><li><a href=\"https:\/\/vimcar.de\/boxenstopp\/gruender\/beschaffungsformen\/\">Beschaffungsformen im \u00dcberblick<\/a><\/li><li><a href=\"https:\/\/vimcar.de\/boxenstopp\/ressourcenbereich\/vollmacht-zur-fahrzeugabholung\/\">Vollmacht zur Fahrzeugabholung<\/a><\/li><\/ul>\t\t\t\t\t\t<\/div>\n\t\t\t\t<\/div>\n\t\t\t\t\t<\/div>\n\t\t<\/div>\n\t\t\t\t\t<\/div>\n\t\t<\/section>\n\t\t\t\t\t<\/div>\n\t\t<\/div>\n\t\t\t\t\t<\/div>\n\t\t<\/section>\n\t\t\t\t<section class=\"elementor-section elementor-top-section elementor-element elementor-element-1a5afea elementor-section-boxed elementor-section-height-default elementor-section-height-default\" data-id=\"1a5afea\" data-element_type=\"section\">\n\t\t\t\t\t\t<div class=\"elementor-container elementor-column-gap-default\">\n\t\t\t\t\t<div class=\"elementor-column elementor-col-100 elementor-top-column elementor-element elementor-element-a82a53e\" data-id=\"a82a53e\" data-element_type=\"column\">\n\t\t\t<div class=\"elementor-widget-wrap elementor-element-populated\">\n\t\t\t\t\t\t<div class=\"elementor-element elementor-element-3a396d1 elementor-author-box--avatar-yes elementor-author-box--name-yes elementor-author-box--biography-yes elementor-author-box--link-no elementor-widget elementor-widget-author-box\" data-id=\"3a396d1\" data-element_type=\"widget\" data-widget_type=\"author-box.default\">\n\t\t\t\t<div class=\"elementor-widget-container\">\n\t\t\t\t\t<div class=\"elementor-author-box\">\n\t\t\t\t\t\t\t<div  class=\"elementor-author-box__avatar\">\n\t\t\t\t\t<img decoding=\"async\" src=\"https:\/\/secure.gravatar.com\/avatar\/952860854fcbe6074255f751b460c68d?s=300&#038;d=mm&#038;r=g\" alt=\"Bild von Hoang Tam Pham\" loading=\"lazy\">\n\t\t\t\t<\/div>\n\t\t\t\n\t\t\t<div class=\"elementor-author-box__text\">\n\t\t\t\t\t\t\t\t\t<div >\n\t\t\t\t\t\t<h4 class=\"elementor-author-box__name\">\n\t\t\t\t\t\t\tHoang Tam Pham\t\t\t\t\t\t<\/h4>\n\t\t\t\t\t<\/div>\n\t\t\t\t\n\t\t\t\t\t\t\t\t\t<div class=\"elementor-author-box__bio\">\n\t\t\t\t\t\t\t\t\t\t\t<\/div>\n\t\t\t\t\n\t\t\t\t\t\t\t<\/div>\n\t\t<\/div>\n\t\t\t\t<\/div>\n\t\t\t\t<\/div>\n\t\t\t\t<div class=\"elementor-element elementor-element-97c6f80 elementor-share-buttons--view-icon elementor-share-buttons--skin-minimal elementor-share-buttons--color-custom elementor-share-buttons--shape-square elementor-grid-0 elementor-widget elementor-widget-global elementor-global-10410 elementor-widget-share-buttons\" data-id=\"97c6f80\" data-element_type=\"widget\" data-widget_type=\"share-buttons.default\">\n\t\t\t\t<div class=\"elementor-widget-container\">\n\t\t\t\t\t<div class=\"elementor-grid\">\n\t\t\t\t\t\t\t\t<div class=\"elementor-grid-item\">\n\t\t\t\t\t\t<div\n\t\t\t\t\t\t\tclass=\"elementor-share-btn elementor-share-btn_facebook\"\n\t\t\t\t\t\t\trole=\"button\"\n\t\t\t\t\t\t\ttabindex=\"0\"\n\t\t\t\t\t\t\taria-label=\"Teilen auf facebook\"\n\t\t\t\t\t\t>\n\t\t\t\t\t\t\t\t\t\t\t\t\t\t\t<span class=\"elementor-share-btn__icon\">\n\t\t\t\t\t\t\t\t<svg class=\"e-font-icon-svg e-fab-facebook\" viewBox=\"0 0 512 512\" xmlns=\"http:\/\/www.w3.org\/2000\/svg\"><path d=\"M504 256C504 119 393 8 256 8S8 119 8 256c0 123.78 90.69 226.38 209.25 245V327.69h-63V256h63v-54.64c0-62.15 37-96.48 93.67-96.48 27.14 0 55.52 4.84 55.52 4.84v61h-31.28c-30.8 0-40.41 19.12-40.41 38.73V256h68.78l-11 71.69h-57.78V501C413.31 482.38 504 379.78 504 256z\"><\/path><\/svg>\t\t\t\t\t\t\t<\/span>\n\t\t\t\t\t\t\t\t\t\t\t\t\t\t\t\t\t\t\t\t<\/div>\n\t\t\t\t\t<\/div>\n\t\t\t\t\t\t\t\t\t<div class=\"elementor-grid-item\">\n\t\t\t\t\t\t<div\n\t\t\t\t\t\t\tclass=\"elementor-share-btn elementor-share-btn_twitter\"\n\t\t\t\t\t\t\trole=\"button\"\n\t\t\t\t\t\t\ttabindex=\"0\"\n\t\t\t\t\t\t\taria-label=\"Teilen auf twitter\"\n\t\t\t\t\t\t>\n\t\t\t\t\t\t\t\t\t\t\t\t\t\t\t<span class=\"elementor-share-btn__icon\">\n\t\t\t\t\t\t\t\t<svg class=\"e-font-icon-svg e-fab-twitter\" viewBox=\"0 0 512 512\" xmlns=\"http:\/\/www.w3.org\/2000\/svg\"><path d=\"M459.37 151.716c.325 4.548.325 9.097.325 13.645 0 138.72-105.583 298.558-298.558 298.558-59.452 0-114.68-17.219-161.137-47.106 8.447.974 16.568 1.299 25.34 1.299 49.055 0 94.213-16.568 130.274-44.832-46.132-.975-84.792-31.188-98.112-72.772 6.498.974 12.995 1.624 19.818 1.624 9.421 0 18.843-1.3 27.614-3.573-48.081-9.747-84.143-51.98-84.143-102.985v-1.299c13.969 7.797 30.214 12.67 47.431 13.319-28.264-18.843-46.781-51.005-46.781-87.391 0-19.492 5.197-37.36 14.294-52.954 51.655 63.675 129.3 105.258 216.365 109.807-1.624-7.797-2.599-15.918-2.599-24.04 0-57.828 46.782-104.934 104.934-104.934 30.213 0 57.502 12.67 76.67 33.137 23.715-4.548 46.456-13.32 66.599-25.34-7.798 24.366-24.366 44.833-46.132 57.827 21.117-2.273 41.584-8.122 60.426-16.243-14.292 20.791-32.161 39.308-52.628 54.253z\"><\/path><\/svg>\t\t\t\t\t\t\t<\/span>\n\t\t\t\t\t\t\t\t\t\t\t\t\t\t\t\t\t\t\t\t<\/div>\n\t\t\t\t\t<\/div>\n\t\t\t\t\t\t\t\t\t<div class=\"elementor-grid-item\">\n\t\t\t\t\t\t<div\n\t\t\t\t\t\t\tclass=\"elementor-share-btn elementor-share-btn_linkedin\"\n\t\t\t\t\t\t\trole=\"button\"\n\t\t\t\t\t\t\ttabindex=\"0\"\n\t\t\t\t\t\t\taria-label=\"Teilen auf linkedin\"\n\t\t\t\t\t\t>\n\t\t\t\t\t\t\t\t\t\t\t\t\t\t\t<span class=\"elementor-share-btn__icon\">\n\t\t\t\t\t\t\t\t<svg class=\"e-font-icon-svg e-fab-linkedin\" viewBox=\"0 0 448 512\" xmlns=\"http:\/\/www.w3.org\/2000\/svg\"><path d=\"M416 32H31.9C14.3 32 0 46.5 0 64.3v383.4C0 465.5 14.3 480 31.9 480H416c17.6 0 32-14.5 32-32.3V64.3c0-17.8-14.4-32.3-32-32.3zM135.4 416H69V202.2h66.5V416zm-33.2-243c-21.3 0-38.5-17.3-38.5-38.5S80.9 96 102.2 96c21.2 0 38.5 17.3 38.5 38.5 0 21.3-17.2 38.5-38.5 38.5zm282.1 243h-66.4V312c0-24.8-.5-56.7-34.5-56.7-34.6 0-39.9 27-39.9 54.9V416h-66.4V202.2h63.7v29.2h.9c8.9-16.8 30.6-34.5 62.9-34.5 67.2 0 79.7 44.3 79.7 101.9V416z\"><\/path><\/svg>\t\t\t\t\t\t\t<\/span>\n\t\t\t\t\t\t\t\t\t\t\t\t\t\t\t\t\t\t\t\t<\/div>\n\t\t\t\t\t<\/div>\n\t\t\t\t\t\t\t\t\t<div class=\"elementor-grid-item\">\n\t\t\t\t\t\t<div\n\t\t\t\t\t\t\tclass=\"elementor-share-btn elementor-share-btn_pinterest\"\n\t\t\t\t\t\t\trole=\"button\"\n\t\t\t\t\t\t\ttabindex=\"0\"\n\t\t\t\t\t\t\taria-label=\"Teilen auf pinterest\"\n\t\t\t\t\t\t>\n\t\t\t\t\t\t\t\t\t\t\t\t\t\t\t<span class=\"elementor-share-btn__icon\">\n\t\t\t\t\t\t\t\t<svg class=\"e-font-icon-svg e-fab-pinterest\" viewBox=\"0 0 496 512\" xmlns=\"http:\/\/www.w3.org\/2000\/svg\"><path d=\"M496 256c0 137-111 248-248 248-25.6 0-50.2-3.9-73.4-11.1 10.1-16.5 25.2-43.5 30.8-65 3-11.6 15.4-59 15.4-59 8.1 15.4 31.7 28.5 56.8 28.5 74.8 0 128.7-68.8 128.7-154.3 0-81.9-66.9-143.2-152.9-143.2-107 0-163.9 71.8-163.9 150.1 0 36.4 19.4 81.7 50.3 96.1 4.7 2.2 7.2 1.2 8.3-3.3.8-3.4 5-20.3 6.9-28.1.6-2.5.3-4.7-1.7-7.1-10.1-12.5-18.3-35.3-18.3-56.6 0-54.7 41.4-107.6 112-107.6 60.9 0 103.6 41.5 103.6 100.9 0 67.1-33.9 113.6-78 113.6-24.3 0-42.6-20.1-36.7-44.8 7-29.5 20.5-61.3 20.5-82.6 0-19-10.2-34.9-31.4-34.9-24.9 0-44.9 25.7-44.9 60.2 0 22 7.4 36.8 7.4 36.8s-24.5 103.8-29 123.2c-5 21.4-3 51.6-.9 71.2C65.4 450.9 0 361.1 0 256 0 119 111 8 248 8s248 111 248 248z\"><\/path><\/svg>\t\t\t\t\t\t\t<\/span>\n\t\t\t\t\t\t\t\t\t\t\t\t\t\t\t\t\t\t\t\t<\/div>\n\t\t\t\t\t<\/div>\n\t\t\t\t\t\t<\/div>\n\t\t\t\t<\/div>\n\t\t\t\t<\/div>\n\t\t\t\t\t<\/div>\n\t\t<\/div>\n\t\t\t\t\t<\/div>\n\t\t<\/section>\n\t\t\t\t<\/div>\n\t\t","protected":false},"excerpt":{"rendered":"<p>Halbleiter sind momentan Mangelware, aber wichtig f\u00fcr die Fahrzeugproduktion. Die Krise verz\u00f6gert die Lieferung von Neufahrzeugen deutlich \u2013 und f\u00fchrt zu Schwierigkeiten im Fuhrpark von Unternehmen. Doch es gibt M\u00f6glichkeiten, trotzdem mobil zu bleiben. Die Zeichen haben die wenigsten Hersteller von Automobilen erkannt. Als wegen der Corona-Flaute Mitte 2020 der Absatz von Fahrzeugen drastisch in [&hellip;]<\/p>\n","protected":false},"author":74,"featured_media":29507,"comment_status":"open","ping_status":"closed","sticky":false,"template":"","format":"standard","meta":{"footnotes":"","mc4wp_mailchimp_campaign":[],"_wp_rev_ctl_limit":""},"categories":[4444,4447],"tags":[4453],"yoast_head":"<!-- This site is optimized with the Yoast SEO Premium plugin v21.5 (Yoast SEO v21.5) - https:\/\/yoast.com\/wordpress\/plugins\/seo\/ -->\n<title>Halbleiterkrise: So planen Sie richtig f\u00fcr ihren Fuhrpark<\/title>\n<meta name=\"description\" content=\"Warum sind Halbleiter f\u00fcr die Autobranche so wichtig? Die Krise f\u00fchrt zu Schwierigkeiten im Fuhrpark von Unternehmen. Lesen Sie mehr!\" \/>\n<meta name=\"robots\" content=\"index, follow, max-snippet:-1, max-image-preview:large, max-video-preview:-1\" \/>\n<link rel=\"canonical\" href=\"https:\/\/vimcar.de\/boxenstopp\/blog\/halbleiterkrise\/\" \/>\n<meta property=\"og:locale\" content=\"de_DE\" \/>\n<meta property=\"og:type\" content=\"article\" \/>\n<meta property=\"og:title\" content=\"Halbleiterkrise: So planen Sie richtig f\u00fcr ihren Fuhrpark\" \/>\n<meta property=\"og:description\" content=\"Warum sind Halbleiter f\u00fcr die Autobranche so wichtig? Die Krise f\u00fchrt zu Schwierigkeiten im Fuhrpark von Unternehmen. Lesen Sie mehr!\" \/>\n<meta property=\"og:url\" content=\"https:\/\/vimcar.de\/boxenstopp\/blog\/halbleiterkrise\/\" \/>\n<meta property=\"og:site_name\" content=\"Vimcar Boxenstopp\" \/>\n<meta property=\"article:publisher\" content=\"https:\/\/www.facebook.com\/vimcar\" \/>\n<meta property=\"article:published_time\" content=\"2021-11-29T15:36:30+00:00\" \/>\n<meta property=\"article:modified_time\" content=\"2022-02-04T06:29:33+00:00\" \/>\n<meta property=\"og:image\" content=\"https:\/\/vimcar.de\/boxenstopp\/wp-content\/uploads\/2021\/11\/Webp.net-resizeimage-94.jpg\" \/>\n\t<meta property=\"og:image:width\" content=\"845\" \/>\n\t<meta property=\"og:image:height\" content=\"475\" \/>\n\t<meta property=\"og:image:type\" content=\"image\/jpeg\" \/>\n<meta name=\"author\" content=\"Hoang Tam Pham\" \/>\n<meta name=\"twitter:card\" content=\"summary_large_image\" \/>\n<meta name=\"twitter:creator\" content=\"@hoang.tam.pham@vimcar.com\" \/>\n<meta name=\"twitter:site\" content=\"@goVimcar\" \/>\n<meta name=\"twitter:label1\" content=\"Verfasst von\" \/>\n\t<meta name=\"twitter:data1\" content=\"Hoang Tam Pham\" \/>\n\t<meta name=\"twitter:label2\" content=\"Gesch\u00e4tzte Lesezeit\" \/>\n\t<meta name=\"twitter:data2\" content=\"6\u00a0Minuten\" \/>\n<!-- \/ Yoast SEO Premium plugin. -->","yoast_head_json":{"title":"Halbleiterkrise: So planen Sie richtig f\u00fcr ihren Fuhrpark","description":"Warum sind Halbleiter f\u00fcr die Autobranche so wichtig? Die Krise f\u00fchrt zu Schwierigkeiten im Fuhrpark von Unternehmen. Lesen Sie mehr!","robots":{"index":"index","follow":"follow","max-snippet":"max-snippet:-1","max-image-preview":"max-image-preview:large","max-video-preview":"max-video-preview:-1"},"canonical":"https:\/\/vimcar.de\/boxenstopp\/blog\/halbleiterkrise\/","og_locale":"de_DE","og_type":"article","og_title":"Halbleiterkrise: So planen Sie richtig f\u00fcr ihren Fuhrpark","og_description":"Warum sind Halbleiter f\u00fcr die Autobranche so wichtig? Die Krise f\u00fchrt zu Schwierigkeiten im Fuhrpark von Unternehmen. Lesen Sie mehr!","og_url":"https:\/\/vimcar.de\/boxenstopp\/blog\/halbleiterkrise\/","og_site_name":"Vimcar Boxenstopp","article_publisher":"https:\/\/www.facebook.com\/vimcar","article_published_time":"2021-11-29T15:36:30+00:00","article_modified_time":"2022-02-04T06:29:33+00:00","og_image":[{"width":845,"height":475,"url":"https:\/\/vimcar.de\/boxenstopp\/wp-content\/uploads\/2021\/11\/Webp.net-resizeimage-94.jpg","type":"image\/jpeg"}],"author":"Hoang Tam Pham","twitter_card":"summary_large_image","twitter_creator":"@hoang.tam.pham@vimcar.com","twitter_site":"@goVimcar","twitter_misc":{"Verfasst von":"Hoang Tam Pham","Gesch\u00e4tzte Lesezeit":"6\u00a0Minuten"},"schema":{"@context":"https:\/\/schema.org","@graph":[{"@type":"Article","@id":"https:\/\/vimcar.de\/boxenstopp\/blog\/halbleiterkrise\/#article","isPartOf":{"@id":"https:\/\/vimcar.de\/boxenstopp\/blog\/halbleiterkrise\/"},"author":{"name":"Hoang Tam Pham","@id":"https:\/\/vimcar.de\/boxenstopp\/#\/schema\/person\/fd4558e260e57a027c9338c8844b7e97"},"headline":"Halbleiterkrise: So planen Sie richtig f\u00fcr ihren Fuhrpark","datePublished":"2021-11-29T15:36:30+00:00","dateModified":"2022-02-04T06:29:33+00:00","mainEntityOfPage":{"@id":"https:\/\/vimcar.de\/boxenstopp\/blog\/halbleiterkrise\/"},"wordCount":1069,"commentCount":0,"publisher":{"@id":"https:\/\/vimcar.de\/boxenstopp\/#organization"},"keywords":["Beschaffung"],"articleSection":["Blog","KATEGORIEN"],"inLanguage":"de","potentialAction":[{"@type":"CommentAction","name":"Comment","target":["https:\/\/vimcar.de\/boxenstopp\/blog\/halbleiterkrise\/#respond"]}]},{"@type":"WebPage","@id":"https:\/\/vimcar.de\/boxenstopp\/blog\/halbleiterkrise\/","url":"https:\/\/vimcar.de\/boxenstopp\/blog\/halbleiterkrise\/","name":"Halbleiterkrise: So planen Sie richtig f\u00fcr ihren Fuhrpark","isPartOf":{"@id":"https:\/\/vimcar.de\/boxenstopp\/#website"},"datePublished":"2021-11-29T15:36:30+00:00","dateModified":"2022-02-04T06:29:33+00:00","description":"Warum sind Halbleiter f\u00fcr die Autobranche so wichtig? Die Krise f\u00fchrt zu Schwierigkeiten im Fuhrpark von Unternehmen. Lesen Sie mehr!","breadcrumb":{"@id":"https:\/\/vimcar.de\/boxenstopp\/blog\/halbleiterkrise\/#breadcrumb"},"inLanguage":"de","potentialAction":[{"@type":"ReadAction","target":["https:\/\/vimcar.de\/boxenstopp\/blog\/halbleiterkrise\/"]}]},{"@type":"BreadcrumbList","@id":"https:\/\/vimcar.de\/boxenstopp\/blog\/halbleiterkrise\/#breadcrumb","itemListElement":[{"@type":"ListItem","position":1,"name":"Startseite","item":"https:\/\/vimcar.de\/boxenstopp\/"},{"@type":"ListItem","position":2,"name":"Halbleiterkrise: So planen Sie richtig f\u00fcr ihren Fuhrpark"}]},{"@type":"WebSite","@id":"https:\/\/vimcar.de\/boxenstopp\/#website","url":"https:\/\/vimcar.de\/boxenstopp\/","name":"Vimcar Boxenstopp","description":"- Die Lernplattform f\u00fcr Fuhrparkleiter","publisher":{"@id":"https:\/\/vimcar.de\/boxenstopp\/#organization"},"potentialAction":[{"@type":"SearchAction","target":{"@type":"EntryPoint","urlTemplate":"https:\/\/vimcar.de\/boxenstopp\/?s={search_term_string}"},"query-input":"required name=search_term_string"}],"inLanguage":"de"},{"@type":"Organization","@id":"https:\/\/vimcar.de\/boxenstopp\/#organization","name":"Vimcar Boxenstopp - Fuhrparkwissen","url":"https:\/\/vimcar.de\/boxenstopp\/","logo":{"@type":"ImageObject","inLanguage":"de","@id":"https:\/\/vimcar.de\/boxenstopp\/#\/schema\/logo\/image\/","url":"https:\/\/vimcar.de\/boxenstopp\/wp-content\/uploads\/2020\/10\/logo-vimcar-boxenstopp.png","contentUrl":"https:\/\/vimcar.de\/boxenstopp\/wp-content\/uploads\/2020\/10\/logo-vimcar-boxenstopp.png","width":250,"height":50,"caption":"Vimcar Boxenstopp - Fuhrparkwissen"},"image":{"@id":"https:\/\/vimcar.de\/boxenstopp\/#\/schema\/logo\/image\/"},"sameAs":["https:\/\/www.facebook.com\/vimcar","https:\/\/twitter.com\/goVimcar","https:\/\/www.instagram.com\/vimcar_official\/","https:\/\/de.linkedin.com\/company\/vimcar","https:\/\/www.pinterest.de\/vimcar\/","https:\/\/www.youtube.com\/channel\/UCWRajoA7OnWsAw-ezAahZPg"]},{"@type":"Person","@id":"https:\/\/vimcar.de\/boxenstopp\/#\/schema\/person\/fd4558e260e57a027c9338c8844b7e97","name":"Hoang Tam Pham","sameAs":["https:\/\/www.linkedin.com\/in\/hoang-tam-pham\/","https:\/\/twitter.com\/hoang.tam.pham@vimcar.com"]}]}},"_links":{"self":[{"href":"https:\/\/vimcar.de\/boxenstopp\/wp-json\/wp\/v2\/posts\/29415"}],"collection":[{"href":"https:\/\/vimcar.de\/boxenstopp\/wp-json\/wp\/v2\/posts"}],"about":[{"href":"https:\/\/vimcar.de\/boxenstopp\/wp-json\/wp\/v2\/types\/post"}],"author":[{"embeddable":true,"href":"https:\/\/vimcar.de\/boxenstopp\/wp-json\/wp\/v2\/users\/74"}],"replies":[{"embeddable":true,"href":"https:\/\/vimcar.de\/boxenstopp\/wp-json\/wp\/v2\/comments?post=29415"}],"version-history":[{"count":0,"href":"https:\/\/vimcar.de\/boxenstopp\/wp-json\/wp\/v2\/posts\/29415\/revisions"}],"wp:featuredmedia":[{"embeddable":true,"href":"https:\/\/vimcar.de\/boxenstopp\/wp-json\/wp\/v2\/media\/29507"}],"wp:attachment":[{"href":"https:\/\/vimcar.de\/boxenstopp\/wp-json\/wp\/v2\/media?parent=29415"}],"wp:term":[{"taxonomy":"category","embeddable":true,"href":"https:\/\/vimcar.de\/boxenstopp\/wp-json\/wp\/v2\/categories?post=29415"},{"taxonomy":"post_tag","embeddable":true,"href":"https:\/\/vimcar.de\/boxenstopp\/wp-json\/wp\/v2\/tags?post=29415"}],"curies":[{"name":"wp","href":"https:\/\/api.w.org\/{rel}","templated":true}]}}