{"id":34664,"date":"2022-05-05T13:43:35","date_gmt":"2022-05-05T11:43:35","guid":{"rendered":"https:\/\/vimcar.de\/boxenstopp\/?p=34664"},"modified":"2024-01-08T16:31:22","modified_gmt":"2024-01-08T15:31:22","slug":"fahrzeugrueckrufe","status":"publish","type":"post","link":"https:\/\/vimcar.de\/boxenstopp\/blog\/fahrzeugrueckrufe\/","title":{"rendered":"Fahrzeugr\u00fcckrufe: Fuhrpark absichern"},"content":{"rendered":"\t\t<div data-elementor-type=\"wp-post\" data-elementor-id=\"34664\" class=\"elementor elementor-34664\" data-elementor-post-type=\"post\">\n\t\t\t\t\t\t<section class=\"elementor-section elementor-top-section elementor-element elementor-element-51ee332 elementor-section-boxed elementor-section-height-default elementor-section-height-default\" data-id=\"51ee332\" data-element_type=\"section\">\n\t\t\t\t\t\t<div class=\"elementor-container elementor-column-gap-default\">\n\t\t\t\t\t<div class=\"elementor-column elementor-col-100 elementor-top-column elementor-element elementor-element-3ec6cee\" data-id=\"3ec6cee\" data-element_type=\"column\">\n\t\t\t<div class=\"elementor-widget-wrap elementor-element-populated\">\n\t\t\t\t\t\t<div class=\"elementor-element elementor-element-b830f5f elementor-widget elementor-widget-text-editor\" data-id=\"b830f5f\" data-element_type=\"widget\" data-widget_type=\"text-editor.default\">\n\t\t\t\t<div class=\"elementor-widget-container\">\n\t\t\t\t\t\t\t<p><i><span style=\"font-weight: 400;\">R\u00fcckrufaktionen kommen immer wieder vor \u2013 und kosten Flottenbetreibenden viel Geld. Wie und ob man sich vor den Auswirkungen auf den Fuhrpark sch\u00fctzen kann, das lesen sie hier. <\/span><\/i><\/p>\t\t\t\t\t\t<\/div>\n\t\t\t\t<\/div>\n\t\t\t\t<div class=\"elementor-element elementor-element-93431fa elementor-widget elementor-widget-heading\" data-id=\"93431fa\" data-element_type=\"widget\" data-widget_type=\"heading.default\">\n\t\t\t\t<div class=\"elementor-widget-container\">\n\t\t\t<h2 class=\"elementor-heading-title elementor-size-default\">R\u00fcckrufaktionen in der Automobilindustrie: Eine wachsende Herausforderung f\u00fcr Fuhrparkverantwortliche\n<\/h2>\t\t<\/div>\n\t\t\t\t<\/div>\n\t\t\t\t\t<\/div>\n\t\t<\/div>\n\t\t\t\t\t<\/div>\n\t\t<\/section>\n\t\t\t\t<section class=\"elementor-section elementor-top-section elementor-element elementor-element-e3f41b7 elementor-section-boxed elementor-section-height-default elementor-section-height-default\" data-id=\"e3f41b7\" data-element_type=\"section\">\n\t\t\t\t\t\t<div class=\"elementor-container elementor-column-gap-default\">\n\t\t\t\t\t<div class=\"elementor-column elementor-col-100 elementor-top-column elementor-element elementor-element-a031ae6\" data-id=\"a031ae6\" data-element_type=\"column\">\n\t\t\t<div class=\"elementor-widget-wrap elementor-element-populated\">\n\t\t\t\t\t\t<div class=\"elementor-element elementor-element-c73f2ab elementor-widget elementor-widget-text-editor\" data-id=\"c73f2ab\" data-element_type=\"widget\" data-widget_type=\"text-editor.default\">\n\t\t\t\t<div class=\"elementor-widget-container\">\n\t\t\t\t\t\t\t<p><span style=\"font-weight: 400;\">Wenn Millionen von Neufahrzeugen im Jahr auf die Stra\u00dfe rollen, k\u00f6nnen ein paar Montagsexemplare darunter sein. Fehler in der Konstruktion kommen immer mal wieder vor. Doch gerade in den letzten Jahren h\u00e4ufen sich die R\u00fcckholaktionen der Hersteller. Das ist \u00e4rgerlich f\u00fcr alle FuhrparkbetreiberInnen. Sie sind ohnehin arg gebeutelt. Die Corona-, dann die Halbleiterkrise und obendrauf nun vermehrte R\u00fcckrufaktionen. Was bedeutet diese Situation f\u00fcr das Fuhrparkmanagement? In der Regel haftet der Hersteller bei fehlerhaften Produkten. Doch auf alle anderen anfallenden Kosten bleiben FlottenbetreiberInnen sitzen.<\/span><\/p>\t\t\t\t\t\t<\/div>\n\t\t\t\t<\/div>\n\t\t\t\t\t<\/div>\n\t\t<\/div>\n\t\t\t\t\t<\/div>\n\t\t<\/section>\n\t\t\t\t<section class=\"elementor-section elementor-top-section elementor-element elementor-element-2bfe1c2 elementor-section-boxed elementor-section-height-default elementor-section-height-default\" data-id=\"2bfe1c2\" data-element_type=\"section\">\n\t\t\t\t\t\t<div class=\"elementor-container elementor-column-gap-default\">\n\t\t\t\t\t<div class=\"elementor-column elementor-col-100 elementor-top-column elementor-element elementor-element-fd947b2\" data-id=\"fd947b2\" data-element_type=\"column\">\n\t\t\t<div class=\"elementor-widget-wrap elementor-element-populated\">\n\t\t\t\t\t\t<div class=\"elementor-element elementor-element-be3bbc0 elementor-widget elementor-widget-heading\" data-id=\"be3bbc0\" data-element_type=\"widget\" data-widget_type=\"heading.default\">\n\t\t\t\t<div class=\"elementor-widget-container\">\n\t\t\t<h2 class=\"elementor-heading-title elementor-size-default\">R\u00fcckrufe: Fuhrparkverantwortliche in der Zwickm\u00fchle\n<\/h2>\t\t<\/div>\n\t\t\t\t<\/div>\n\t\t\t\t\t<\/div>\n\t\t<\/div>\n\t\t\t\t\t<\/div>\n\t\t<\/section>\n\t\t\t\t<section class=\"elementor-section elementor-top-section elementor-element elementor-element-5d2e457 elementor-section-boxed elementor-section-height-default elementor-section-height-default\" data-id=\"5d2e457\" data-element_type=\"section\">\n\t\t\t\t\t\t<div class=\"elementor-container elementor-column-gap-default\">\n\t\t\t\t\t<div class=\"elementor-column elementor-col-100 elementor-top-column elementor-element elementor-element-1f348a7\" data-id=\"1f348a7\" data-element_type=\"column\">\n\t\t\t<div class=\"elementor-widget-wrap elementor-element-populated\">\n\t\t\t\t\t\t<div class=\"elementor-element elementor-element-d3d6556 elementor-widget elementor-widget-text-editor\" data-id=\"d3d6556\" data-element_type=\"widget\" data-widget_type=\"text-editor.default\">\n\t\t\t\t<div class=\"elementor-widget-container\">\n\t\t\t\t\t\t\t<p><span style=\"font-weight: 400;\">Die Fahrzeuge werden immer moderner, sind mit viel Elektronik \u00fcberfrachtet. Kein Wunder, dass sich R\u00fcckrufe h\u00e4ufen. Erstaunlich bleibt jedoch das Ausma\u00df. Bereits im November 2021 wurden rund 240.000 Mercedes-Fahrzeuge in Deutschland aufgrund eines technischen Defekts zur\u00fcckgerufen. Erst im April 2022 hatte Opel erneute Probleme mit seinen Pkw. Dabei ist das nur die Spitze des Eisbergs: Im Februar 2022 waren etwa 110.000 Fahrzeuge betroffen waren. Die Chronik der Ausf\u00e4lle allein von Opel:<\/span><\/p>\t\t\t\t\t\t<\/div>\n\t\t\t\t<\/div>\n\t\t\t\t\t<\/div>\n\t\t<\/div>\n\t\t\t\t\t<\/div>\n\t\t<\/section>\n\t\t\t\t<section class=\"elementor-section elementor-top-section elementor-element elementor-element-5d1fa81 elementor-section-boxed elementor-section-height-default elementor-section-height-default\" data-id=\"5d1fa81\" data-element_type=\"section\">\n\t\t\t\t\t\t<div class=\"elementor-container elementor-column-gap-default\">\n\t\t\t\t\t<div class=\"elementor-column elementor-col-100 elementor-top-column elementor-element elementor-element-ca33279\" data-id=\"ca33279\" data-element_type=\"column\">\n\t\t\t<div class=\"elementor-widget-wrap elementor-element-populated\">\n\t\t\t\t\t\t<section class=\"elementor-section elementor-inner-section elementor-element elementor-element-60b2248 elementor-section-boxed elementor-section-height-default elementor-section-height-default\" data-id=\"60b2248\" data-element_type=\"section\">\n\t\t\t\t\t\t<div class=\"elementor-container elementor-column-gap-default\">\n\t\t\t\t\t<div class=\"elementor-column elementor-col-50 elementor-inner-column elementor-element elementor-element-4a4faa3\" data-id=\"4a4faa3\" data-element_type=\"column\">\n\t\t\t<div class=\"elementor-widget-wrap elementor-element-populated\">\n\t\t\t\t\t\t<div class=\"elementor-element elementor-element-b5b39f5 elementor-widget elementor-widget-image\" data-id=\"b5b39f5\" data-element_type=\"widget\" data-widget_type=\"image.default\">\n\t\t\t\t<div class=\"elementor-widget-container\">\n\t\t\t\t\t\t\t\t\t\t\t\t\t<img fetchpriority=\"high\" decoding=\"async\" width=\"780\" height=\"455\" src=\"https:\/\/vimcar.de\/boxenstopp\/wp-content\/uploads\/2022\/05\/Fuhrparkmanager-Fahrzeugrueckruf.webp\" class=\"attachment-large size-large wp-image-34674\" alt=\"Fahrzeugr\u00fcckruf\" srcset=\"https:\/\/vimcar.de\/boxenstopp\/wp-content\/uploads\/2022\/05\/Fuhrparkmanager-Fahrzeugrueckruf.webp 780w, https:\/\/vimcar.de\/boxenstopp\/wp-content\/uploads\/2022\/05\/Fuhrparkmanager-Fahrzeugrueckruf-300x175.webp 300w, https:\/\/vimcar.de\/boxenstopp\/wp-content\/uploads\/2022\/05\/Fuhrparkmanager-Fahrzeugrueckruf-768x448.webp 768w\" sizes=\"(max-width: 780px) 100vw, 780px\" \/>\t\t\t\t\t\t\t\t\t\t\t\t\t<\/div>\n\t\t\t\t<\/div>\n\t\t\t\t\t<\/div>\n\t\t<\/div>\n\t\t\t\t<div class=\"elementor-column elementor-col-50 elementor-inner-column elementor-element elementor-element-76e1f2b\" data-id=\"76e1f2b\" data-element_type=\"column\">\n\t\t\t<div class=\"elementor-widget-wrap elementor-element-populated\">\n\t\t\t\t\t\t<div class=\"elementor-element elementor-element-361397c elementor-widget elementor-widget-text-editor\" data-id=\"361397c\" data-element_type=\"widget\" data-widget_type=\"text-editor.default\">\n\t\t\t\t<div class=\"elementor-widget-container\">\n\t\t\t\t\t\t\t<ul><li><span style=\"font-weight: 400;\"> Im April 2022 wurde bekannt, dass Opel die Modelle der Baureihen Corsa und Mokka f\u00fcr ein Software-Update in die Werkstatt ruft. Grund: fehlerhafte Software.<\/span><\/li><li><span style=\"font-weight: 400;\"> R\u00fcckrufe 2022: M\u00e4ngel an Software, unzul\u00e4ssige Abschalteinrichtung &amp; Rost an Spurstangen.<\/span><\/li><li><span style=\"font-weight: 400;\"> R\u00fcckrufe 2021: Brandgefahr, schadhafte Anh\u00e4ngerkupplung und weitere M\u00e4ngel.<\/span><\/li><li><span style=\"font-weight: 400;\"> R\u00fcckruf 2019: Stickoxid-Problem.<\/span><\/li><li><span style=\"font-weight: 400;\"> R\u00fcckruf 2018: Diesel-Fahrzeuge m\u00fcssen in die Werkstatt.<\/span><\/li><\/ul><p>\u00a0<\/p>\t\t\t\t\t\t<\/div>\n\t\t\t\t<\/div>\n\t\t\t\t\t<\/div>\n\t\t<\/div>\n\t\t\t\t\t<\/div>\n\t\t<\/section>\n\t\t\t\t<div class=\"elementor-element elementor-element-7f6fd9c elementor-widget elementor-widget-heading\" data-id=\"7f6fd9c\" data-element_type=\"widget\" data-widget_type=\"heading.default\">\n\t\t\t\t<div class=\"elementor-widget-container\">\n\t\t\t<h2 class=\"elementor-heading-title elementor-size-default\">Schneller bauen, mehr Fehler<\/h2>\t\t<\/div>\n\t\t\t\t<\/div>\n\t\t\t\t\t<\/div>\n\t\t<\/div>\n\t\t\t\t\t<\/div>\n\t\t<\/section>\n\t\t\t\t<section class=\"elementor-section elementor-top-section elementor-element elementor-element-af8e112 elementor-section-boxed elementor-section-height-default elementor-section-height-default\" data-id=\"af8e112\" data-element_type=\"section\">\n\t\t\t\t\t\t<div class=\"elementor-container elementor-column-gap-default\">\n\t\t\t\t\t<div class=\"elementor-column elementor-col-100 elementor-top-column elementor-element elementor-element-4fa5023\" data-id=\"4fa5023\" data-element_type=\"column\">\n\t\t\t<div class=\"elementor-widget-wrap elementor-element-populated\">\n\t\t\t\t\t\t<div class=\"elementor-element elementor-element-68c75ad elementor-widget elementor-widget-text-editor\" data-id=\"68c75ad\" data-element_type=\"widget\" data-widget_type=\"text-editor.default\">\n\t\t\t\t<div class=\"elementor-widget-container\">\n\t\t\t\t\t\t\t<p><span style=\"font-weight: 400;\">Das Kraftfahrt-Bundesamt (KBA) verzeichnet t\u00e4glich bei Herstellern neue R\u00fcckrufaktionen. Wie das Center of Automotive Management (CAM) in Bergisch Gladbach errechnet hat, wurden 2020 auf dem Referenzmarkt USA 30,3 Millionen Pkw wegen Sicherheitsm\u00e4ngeln in die Werkstatt beordert. Im ersten Halbjahr 2021 waren es bereits \u00fcber 18,6 Millionen Pkw. Das hat einen Grund: Durch den Wettbewerbsdruck wollen Hersteller schnell Neues auf den Markt bringen, Fahrzeuge verlassen oft unausgereift das Band. Leidtragende sind die K\u00e4uferInnen.<\/span><\/p>\t\t\t\t\t\t<\/div>\n\t\t\t\t<\/div>\n\t\t\t\t\t<\/div>\n\t\t<\/div>\n\t\t\t\t\t<\/div>\n\t\t<\/section>\n\t\t\t\t<section class=\"elementor-section elementor-top-section elementor-element elementor-element-02eb3f4 elementor-section-boxed elementor-section-height-default elementor-section-height-default\" data-id=\"02eb3f4\" data-element_type=\"section\">\n\t\t\t\t\t\t<div class=\"elementor-container elementor-column-gap-default\">\n\t\t\t\t\t<div class=\"elementor-column elementor-col-100 elementor-top-column elementor-element elementor-element-c18e29e\" data-id=\"c18e29e\" data-element_type=\"column\">\n\t\t\t<div class=\"elementor-widget-wrap elementor-element-populated\">\n\t\t\t\t\t\t<div class=\"elementor-element elementor-element-692e24a elementor-widget elementor-widget-heading\" data-id=\"692e24a\" data-element_type=\"widget\" data-widget_type=\"heading.default\">\n\t\t\t\t<div class=\"elementor-widget-container\">\n\t\t\t<h2 class=\"elementor-heading-title elementor-size-default\">Tops und Flops<\/h2>\t\t<\/div>\n\t\t\t\t<\/div>\n\t\t\t\t\t<\/div>\n\t\t<\/div>\n\t\t\t\t\t<\/div>\n\t\t<\/section>\n\t\t\t\t<section class=\"elementor-section elementor-top-section elementor-element elementor-element-e6dcc6d elementor-section-boxed elementor-section-height-default elementor-section-height-default\" data-id=\"e6dcc6d\" data-element_type=\"section\">\n\t\t\t\t\t\t<div class=\"elementor-container elementor-column-gap-default\">\n\t\t\t\t\t<div class=\"elementor-column elementor-col-100 elementor-top-column elementor-element elementor-element-25b7e03\" data-id=\"25b7e03\" data-element_type=\"column\">\n\t\t\t<div class=\"elementor-widget-wrap elementor-element-populated\">\n\t\t\t\t\t\t<div class=\"elementor-element elementor-element-18e71ec elementor-widget elementor-widget-text-editor\" data-id=\"18e71ec\" data-element_type=\"widget\" data-widget_type=\"text-editor.default\">\n\t\t\t\t<div class=\"elementor-widget-container\">\n\t\t\t\t\t\t\t<p><span style=\"font-weight: 400;\">In den USA f\u00fchren Volvo, Honda und Mitsubishi die R\u00fcckrufquoten-Rangliste laut CAM an. So wiesen die h\u00f6chsten R\u00fcckrufquoten 2020 Hersteller wie Volvo, Honda und Mitsubishi auf. In absoluten Zahlen lag Toyota mit 7 Millionen Fahrzeugen an der Spitze, gefolgt von Honda mit 5,8 Millionen und Ford mit 5 Millionen. Kleiner Trost: Die deutschen Hersteller liegen im Mittelfeld. Die geringsten R\u00fcckrufquoten hatten Tesla mit 13 Prozent, Mazda mit 26 Prozent und GM mit 53 Prozent. Die Gr\u00fcnde f\u00fcr R\u00fcckrufe sind so bunt wie ein Fr\u00fchlingsstrau\u00df: sie erstrecken sich von Brandgefahr bis hin zu einem pl\u00f6tzlichen Ausfall des Motors.\u00a0<\/span><\/p>\t\t\t\t\t\t<\/div>\n\t\t\t\t<\/div>\n\t\t\t\t\t<\/div>\n\t\t<\/div>\n\t\t\t\t\t<\/div>\n\t\t<\/section>\n\t\t\t\t<section class=\"elementor-section elementor-top-section elementor-element elementor-element-c2a636c elementor-section-boxed elementor-section-height-default elementor-section-height-default\" data-id=\"c2a636c\" data-element_type=\"section\">\n\t\t\t\t\t\t<div class=\"elementor-container elementor-column-gap-default\">\n\t\t\t\t\t<div class=\"elementor-column elementor-col-100 elementor-top-column elementor-element elementor-element-273b468\" data-id=\"273b468\" data-element_type=\"column\">\n\t\t\t<div class=\"elementor-widget-wrap elementor-element-populated\">\n\t\t\t\t\t\t<div class=\"elementor-element elementor-element-ff794f0 elementor-widget elementor-widget-heading\" data-id=\"ff794f0\" data-element_type=\"widget\" data-widget_type=\"heading.default\">\n\t\t\t\t<div class=\"elementor-widget-container\">\n\t\t\t<h2 class=\"elementor-heading-title elementor-size-default\">Bei R\u00fcckruf herrscht Ratlosigkeit<\/h2>\t\t<\/div>\n\t\t\t\t<\/div>\n\t\t\t\t\t<\/div>\n\t\t<\/div>\n\t\t\t\t\t<\/div>\n\t\t<\/section>\n\t\t\t\t<section class=\"elementor-section elementor-top-section elementor-element elementor-element-0980b74 elementor-section-boxed elementor-section-height-default elementor-section-height-default\" data-id=\"0980b74\" data-element_type=\"section\">\n\t\t\t\t\t\t<div class=\"elementor-container elementor-column-gap-default\">\n\t\t\t\t\t<div class=\"elementor-column elementor-col-100 elementor-top-column elementor-element elementor-element-3b4ac30\" data-id=\"3b4ac30\" data-element_type=\"column\">\n\t\t\t<div class=\"elementor-widget-wrap elementor-element-populated\">\n\t\t\t\t\t\t<div class=\"elementor-element elementor-element-8090491 elementor-widget elementor-widget-text-editor\" data-id=\"8090491\" data-element_type=\"widget\" data-widget_type=\"text-editor.default\">\n\t\t\t\t<div class=\"elementor-widget-container\">\n\t\t\t\t\t\t\t<p><span style=\"font-weight: 400;\">HerstellerInnen sind verpflichtet, bei groben M\u00e4ngeln umgehend zu reagieren. Meist erfolgt die Information durch einen Brief. Wenn die entscheidenden Ersatzteile noch nicht verf\u00fcgbar sind, wird es brenzlig. Flottenverantwortliche sind auf alle Fahrzeuge angewiesen, andererseits m\u00fcssen sie aber auch den F\u00fcrsorgepflichten gegen\u00fcber den Mitarbeitenden nachkommen. Die DGUV-Vorschrift 70 besagt zudem, dass Fuhrparkverantwortliche ihren Mitarbeitenden kein Fahrzeug \u00fcberlassen d\u00fcrfen, das eine Gefahr darstellt. Halterhaftung und Halterpflichten m\u00fcssen ebenfalls beachtet werden. Nach Stra\u00dfenverkehrs-Ordnung darf ein Fahrzeug nur in Betrieb genommen werden, wenn es vorschriftsm\u00e4\u00dfig ist. Bei den FuhrparkmanagerInnen herrscht im Falle eine R\u00fcckholaktion Ratlosigkeit \u2013 woher neue Fahrzeuge nehmen?<\/span><\/p>\t\t\t\t\t\t<\/div>\n\t\t\t\t<\/div>\n\t\t\t\t\t<\/div>\n\t\t<\/div>\n\t\t\t\t\t<\/div>\n\t\t<\/section>\n\t\t\t\t<section class=\"elementor-section elementor-top-section elementor-element elementor-element-d1598ff elementor-section-boxed elementor-section-height-default elementor-section-height-default\" data-id=\"d1598ff\" data-element_type=\"section\">\n\t\t\t\t\t\t<div class=\"elementor-container elementor-column-gap-default\">\n\t\t\t\t\t<div class=\"elementor-column elementor-col-100 elementor-top-column elementor-element elementor-element-a82fcfe\" data-id=\"a82fcfe\" data-element_type=\"column\">\n\t\t\t<div class=\"elementor-widget-wrap elementor-element-populated\">\n\t\t\t\t\t\t<div class=\"elementor-element elementor-element-dd55716 elementor-widget elementor-widget-heading\" data-id=\"dd55716\" data-element_type=\"widget\" data-widget_type=\"heading.default\">\n\t\t\t\t<div class=\"elementor-widget-container\">\n\t\t\t<h2 class=\"elementor-heading-title elementor-size-default\">Umsichtig fahren als Antwort<\/h2>\t\t<\/div>\n\t\t\t\t<\/div>\n\t\t\t\t\t<\/div>\n\t\t<\/div>\n\t\t\t\t\t<\/div>\n\t\t<\/section>\n\t\t\t\t<section class=\"elementor-section elementor-top-section elementor-element elementor-element-765252e elementor-section-boxed elementor-section-height-default elementor-section-height-default\" data-id=\"765252e\" data-element_type=\"section\">\n\t\t\t\t\t\t<div class=\"elementor-container elementor-column-gap-default\">\n\t\t\t\t\t<div class=\"elementor-column elementor-col-100 elementor-top-column elementor-element elementor-element-a0c24d3\" data-id=\"a0c24d3\" data-element_type=\"column\">\n\t\t\t<div class=\"elementor-widget-wrap elementor-element-populated\">\n\t\t\t\t\t\t<section class=\"elementor-section elementor-inner-section elementor-element elementor-element-cc7d0c7 elementor-section-boxed elementor-section-height-default elementor-section-height-default\" data-id=\"cc7d0c7\" data-element_type=\"section\">\n\t\t\t\t\t\t<div class=\"elementor-container elementor-column-gap-default\">\n\t\t\t\t\t<div class=\"elementor-column elementor-col-50 elementor-inner-column elementor-element elementor-element-21fcada\" data-id=\"21fcada\" data-element_type=\"column\">\n\t\t\t<div class=\"elementor-widget-wrap elementor-element-populated\">\n\t\t\t\t\t\t<div class=\"elementor-element elementor-element-2020178 elementor-widget elementor-widget-text-editor\" data-id=\"2020178\" data-element_type=\"widget\" data-widget_type=\"text-editor.default\">\n\t\t\t\t<div class=\"elementor-widget-container\">\n\t\t\t\t\t\t\t<p><span style=\"font-weight: 400;\">Tats\u00e4chlich enthalten R\u00fcckrufschreiben Hinweise, dass betroffene Fahrzeuge m\u00f6glichst umsichtig zu fahren seien \u2013 oder Betreibende werden aufgefordert, die Nutzung einfach einzuschr\u00e4nken. Damit haben Hersteller ihre Pflicht getan und sind somit aus der Verantwortung. Fuhrparkverantwortliche gucken in diesen F\u00e4llen in die R\u00f6hre. Einen wirklich kostenneutralen R\u00fcckruf f\u00fcr das Unternehmen gibt es n\u00e4mlich nicht. Wenn sich der Hersteller darauf einl\u00e4sst, k\u00f6nnen die Reparaturkosten nur innerhalb der Sachm\u00e4ngelhaftungsfrist oder im Rahmen einer Garantie geltend gemacht werden. Viele Hersteller \u00fcbernehmen die Kosten auch au\u00dferhalb der Garantie, weil sie Angst vor einem Imageverlust haben. Das hilft aber niemanden. \u00a0<\/span><\/p>\t\t\t\t\t\t<\/div>\n\t\t\t\t<\/div>\n\t\t\t\t\t<\/div>\n\t\t<\/div>\n\t\t\t\t<div class=\"elementor-column elementor-col-50 elementor-inner-column elementor-element elementor-element-fa3c7b5\" data-id=\"fa3c7b5\" data-element_type=\"column\">\n\t\t\t<div class=\"elementor-widget-wrap elementor-element-populated\">\n\t\t\t\t\t\t<div class=\"elementor-element elementor-element-0c5dfc5 elementor-widget elementor-widget-image\" data-id=\"0c5dfc5\" data-element_type=\"widget\" data-widget_type=\"image.default\">\n\t\t\t\t<div class=\"elementor-widget-container\">\n\t\t\t\t\t\t\t\t\t\t\t\t\t<img decoding=\"async\" width=\"780\" height=\"455\" src=\"https:\/\/vimcar.de\/boxenstopp\/wp-content\/uploads\/2022\/05\/Fahrer-Rueckruf.webp\" class=\"attachment-large size-large wp-image-34676\" alt=\"Fahrer R\u00fcckruf\" srcset=\"https:\/\/vimcar.de\/boxenstopp\/wp-content\/uploads\/2022\/05\/Fahrer-Rueckruf.webp 780w, https:\/\/vimcar.de\/boxenstopp\/wp-content\/uploads\/2022\/05\/Fahrer-Rueckruf-300x175.webp 300w, https:\/\/vimcar.de\/boxenstopp\/wp-content\/uploads\/2022\/05\/Fahrer-Rueckruf-768x448.webp 768w\" sizes=\"(max-width: 780px) 100vw, 780px\" \/>\t\t\t\t\t\t\t\t\t\t\t\t\t<\/div>\n\t\t\t\t<\/div>\n\t\t\t\t\t<\/div>\n\t\t<\/div>\n\t\t\t\t\t<\/div>\n\t\t<\/section>\n\t\t\t\t\t<\/div>\n\t\t<\/div>\n\t\t\t\t\t<\/div>\n\t\t<\/section>\n\t\t\t\t<section class=\"elementor-section elementor-top-section elementor-element elementor-element-9c6da8b elementor-section-boxed elementor-section-height-default elementor-section-height-default\" data-id=\"9c6da8b\" data-element_type=\"section\">\n\t\t\t\t\t\t<div class=\"elementor-container elementor-column-gap-default\">\n\t\t\t\t\t<div class=\"elementor-column elementor-col-100 elementor-top-column elementor-element elementor-element-cc9fd4e\" data-id=\"cc9fd4e\" data-element_type=\"column\">\n\t\t\t<div class=\"elementor-widget-wrap elementor-element-populated\">\n\t\t\t\t\t\t<div class=\"elementor-element elementor-element-769a488 elementor-widget elementor-widget-heading\" data-id=\"769a488\" data-element_type=\"widget\" data-widget_type=\"heading.default\">\n\t\t\t\t<div class=\"elementor-widget-container\">\n\t\t\t<h2 class=\"elementor-heading-title elementor-size-default\">Mobilit\u00e4tsausfall kostet Geld<\/h2>\t\t<\/div>\n\t\t\t\t<\/div>\n\t\t\t\t\t<\/div>\n\t\t<\/div>\n\t\t\t\t\t<\/div>\n\t\t<\/section>\n\t\t\t\t<section class=\"elementor-section elementor-top-section elementor-element elementor-element-2a02358 elementor-section-boxed elementor-section-height-default elementor-section-height-default\" data-id=\"2a02358\" data-element_type=\"section\">\n\t\t\t\t\t\t<div class=\"elementor-container elementor-column-gap-default\">\n\t\t\t\t\t<div class=\"elementor-column elementor-col-100 elementor-top-column elementor-element elementor-element-36e01f7\" data-id=\"36e01f7\" data-element_type=\"column\">\n\t\t\t<div class=\"elementor-widget-wrap elementor-element-populated\">\n\t\t\t\t\t\t<div class=\"elementor-element elementor-element-44dcf63 elementor-widget elementor-widget-text-editor\" data-id=\"44dcf63\" data-element_type=\"widget\" data-widget_type=\"text-editor.default\">\n\t\t\t\t<div class=\"elementor-widget-container\">\n\t\t\t\t\t\t\t<p><span style=\"font-weight: 400;\">M\u00e4ngel an Fahrzeugen kosten stets Geld und Zeit. Expertinnen haben errechnet, dass je nach Fuhrparkgr\u00f6\u00dfe eine f\u00fcnfstellige Eurosumme zusammenkommt, wenn man nur eineinhalb Stunden Aufwand pro Fahrzeug mit Qualit\u00e4tsm\u00e4ngeln zu Grunde legt. Da das Fahrzeug zur Nachbesserung in die Werkstatt muss, entsteht auch noch ein Mobilit\u00e4tsausfall. Stellt der Hersteller oder die Leasingfirma kein Ersatzfahrzeug, muss man selbst daf\u00fcr sorgen. Dauert die Reparatur dann noch l\u00e4nger als kalkuliert, wird es im Fuhrpark wom\u00f6glich eng. Dass der Mitarbeiter seinen Gesch\u00e4ftswagen in die Werkstatt bringen sowie abholen muss und den Firmen dadurch Kosten entstehen, wird nicht finanziell honoriert. Immerhin: w\u00e4hrend der Gew\u00e4hrleistungsfrist gibt es Anspruch auf einen Ersatzwagen.<\/span><\/p>\t\t\t\t\t\t<\/div>\n\t\t\t\t<\/div>\n\t\t\t\t\t<\/div>\n\t\t<\/div>\n\t\t\t\t\t<\/div>\n\t\t<\/section>\n\t\t\t\t<section class=\"elementor-section elementor-top-section elementor-element elementor-element-9293aed elementor-section-boxed elementor-section-height-default elementor-section-height-default\" data-id=\"9293aed\" data-element_type=\"section\">\n\t\t\t\t\t\t<div class=\"elementor-container elementor-column-gap-default\">\n\t\t\t\t\t<div class=\"elementor-column elementor-col-100 elementor-top-column elementor-element elementor-element-6541b02\" data-id=\"6541b02\" data-element_type=\"column\">\n\t\t\t<div class=\"elementor-widget-wrap elementor-element-populated\">\n\t\t\t\t\t\t<div class=\"elementor-element elementor-element-d406109 elementor-widget elementor-widget-heading\" data-id=\"d406109\" data-element_type=\"widget\" data-widget_type=\"heading.default\">\n\t\t\t\t<div class=\"elementor-widget-container\">\n\t\t\t<h2 class=\"elementor-heading-title elementor-size-default\">Eine L\u00f6sung: Ersatzwagen bereithalten<\/h2>\t\t<\/div>\n\t\t\t\t<\/div>\n\t\t\t\t\t<\/div>\n\t\t<\/div>\n\t\t\t\t\t<\/div>\n\t\t<\/section>\n\t\t\t\t<section class=\"elementor-section elementor-top-section elementor-element elementor-element-bce34d0 elementor-section-boxed elementor-section-height-default elementor-section-height-default\" data-id=\"bce34d0\" data-element_type=\"section\">\n\t\t\t\t\t\t<div class=\"elementor-container elementor-column-gap-default\">\n\t\t\t\t\t<div class=\"elementor-column elementor-col-100 elementor-top-column elementor-element elementor-element-574fb05\" data-id=\"574fb05\" data-element_type=\"column\">\n\t\t\t<div class=\"elementor-widget-wrap elementor-element-populated\">\n\t\t\t\t\t\t\t<\/div>\n\t\t<\/div>\n\t\t\t\t\t<\/div>\n\t\t<\/section>\n\t\t\t\t<section class=\"elementor-section elementor-top-section elementor-element elementor-element-d3d546d elementor-section-boxed elementor-section-height-default elementor-section-height-default\" data-id=\"d3d546d\" data-element_type=\"section\">\n\t\t\t\t\t\t<div class=\"elementor-container elementor-column-gap-default\">\n\t\t\t\t\t<div class=\"elementor-column elementor-col-100 elementor-top-column elementor-element elementor-element-cb2d84a\" data-id=\"cb2d84a\" data-element_type=\"column\">\n\t\t\t<div class=\"elementor-widget-wrap elementor-element-populated\">\n\t\t\t\t\t\t<div class=\"elementor-element elementor-element-6cecbb5 elementor-widget elementor-widget-text-editor\" data-id=\"6cecbb5\" data-element_type=\"widget\" data-widget_type=\"text-editor.default\">\n\t\t\t\t<div class=\"elementor-widget-container\">\n\t\t\t\t\t\t\t<p><span style=\"font-weight: 400;\">Auf m\u00f6gliche Engp\u00e4sse, die l\u00e4nger anhalten, l\u00e4sst sich eventuell noch mit einem Auto Abo oder durch kurzzeitiges Leasing reagieren. Aber auch diese Form ist letztlich mit weiteren Kosten verbunden. Und mal ganz ehrlich: Durch die weitere Elektrifizierung drohen sehr wahrscheinlich R\u00fcckrufe in immer k\u00fcrzeren Abst\u00e4nden. Und da sind wir wieder bei aktuellen R\u00fcckrufaktionen. Allein im Februar 2022 hat Opel weltweit rund 570.000 Fahrzeuge des Opel Insignia A, die zwischen Dezember 2007 und Juli 2013 gefertigt wurden, wegen m\u00f6glicher Rostsch\u00e4den an Spurstangen zur\u00fcckgerufen. Nur in Deutschland sind 113.000 Opel Insignia betroffen. Manchmal ist es auch zu sp\u00e4t: Es sollen zehn F\u00e4lle bekannt sein, in denen die Spurstange sogar brach. Gott sei Dank wohl ohne Sach- oder Personensch\u00e4den. Die kostenlose \u00dcberpr\u00fcfung betroffener Opel Insignia A w\u00fcrde zehn Minuten in der Werkstatt in Anspruch nehmen \u2013 aber den Fuhrpark schm\u00e4lern.<\/span><\/p>\t\t\t\t\t\t<\/div>\n\t\t\t\t<\/div>\n\t\t\t\t<div class=\"elementor-element elementor-element-e55c0ca elementor-widget elementor-widget-heading\" data-id=\"e55c0ca\" data-element_type=\"widget\" data-widget_type=\"heading.default\">\n\t\t\t\t<div class=\"elementor-widget-container\">\n\t\t\t<h2 class=\"elementor-heading-title elementor-size-default\">Mehr Artikel zum Thema Kostenmanagement<\/h2>\t\t<\/div>\n\t\t\t\t<\/div>\n\t\t\t\t\t<\/div>\n\t\t<\/div>\n\t\t\t\t\t<\/div>\n\t\t<\/section>\n\t\t\t\t<section class=\"elementor-section elementor-top-section elementor-element elementor-element-f3ffdfd elementor-section-boxed elementor-section-height-default elementor-section-height-default\" data-id=\"f3ffdfd\" data-element_type=\"section\">\n\t\t\t\t\t\t<div class=\"elementor-container elementor-column-gap-default\">\n\t\t\t\t\t<div class=\"elementor-column elementor-col-100 elementor-top-column elementor-element elementor-element-9a90555\" data-id=\"9a90555\" data-element_type=\"column\">\n\t\t\t<div class=\"elementor-widget-wrap elementor-element-populated\">\n\t\t\t\t\t\t<section class=\"elementor-section elementor-inner-section elementor-element elementor-element-483e651 elementor-section-boxed elementor-section-height-default elementor-section-height-default\" data-id=\"483e651\" data-element_type=\"section\">\n\t\t\t\t\t\t<div class=\"elementor-container elementor-column-gap-default\">\n\t\t\t\t\t<div class=\"elementor-column elementor-col-50 elementor-inner-column elementor-element elementor-element-dfc2f9d\" data-id=\"dfc2f9d\" data-element_type=\"column\">\n\t\t\t<div class=\"elementor-widget-wrap elementor-element-populated\">\n\t\t\t\t\t\t<div class=\"elementor-element elementor-element-d48915a elementor-widget elementor-widget-text-editor\" data-id=\"d48915a\" data-element_type=\"widget\" data-widget_type=\"text-editor.default\">\n\t\t\t\t<div class=\"elementor-widget-container\">\n\t\t\t\t\t\t\t<ul><li><a href=\"https:\/\/vimcar.de\/boxenstopp\/ressourcenbereich\/total-cost-of-ownership-rechner\/\">Total Cost of Ownership &#8211; Rechner<\/a><\/li><li><a href=\"https:\/\/vimcar.de\/boxenstopp\/kostenverwaltung-fuhrpark\/\">Kostenverwaltung im Fuhrpark<\/a><\/li><li><a href=\"https:\/\/vimcar.de\/boxenstopp\/blog\/kleinlaster-besteuerung\/\">Kleinlaster Besteuerug<\/a><\/li><li><a href=\"https:\/\/vimcar.de\/boxenstopp\/lexikon\/betriebskosten\/\">Betriebskosten<\/a><\/li><li><a href=\"https:\/\/vimcar.de\/boxenstopp\/blog\/leasing-kostenfallen\/\">Leasing Kostenfallen erkennen<\/a><\/li><li><a href=\"https:\/\/vimcar.de\/boxenstopp\/ressourcenbereich\/kostenersparnisrechner\/\">Kostenersparnissrechner<\/a><\/li><li><a href=\"https:\/\/vimcar.de\/boxenstopp\/ressourcenbereich\/fuhrparkmanagement-software-vergleich\/\">Kostenmanagement mit Fuhrparksoftware<\/a><\/li><li><a href=\"https:\/\/vimcar.de\/boxenstopp\/blog\/kosten-senken-schadenmanagement\/\">Kosten senken durch Schadenmanagement<\/a><\/li><li><a href=\"https:\/\/vimcar.de\/boxenstopp\/blog\/kostenvergleich-elektroauto\/\">Kostenvergleich: Verbrennungsauto vs. <\/a><\/li><\/ul>\t\t\t\t\t\t<\/div>\n\t\t\t\t<\/div>\n\t\t\t\t\t<\/div>\n\t\t<\/div>\n\t\t\t\t<div class=\"elementor-column elementor-col-50 elementor-inner-column elementor-element elementor-element-e4b4e70\" data-id=\"e4b4e70\" data-element_type=\"column\">\n\t\t\t<div class=\"elementor-widget-wrap elementor-element-populated\">\n\t\t\t\t\t\t<div class=\"elementor-element elementor-element-e85948c elementor-widget elementor-widget-text-editor\" data-id=\"e85948c\" data-element_type=\"widget\" data-widget_type=\"text-editor.default\">\n\t\t\t\t<div class=\"elementor-widget-container\">\n\t\t\t\t\t\t\t<ul><li><a href=\"https:\/\/vimcar.de\/boxenstopp\/blog\/auslastung-fuhrpark\/\" target=\"_blank\" rel=\"noopener\"><span style=\"font-weight: 400;\">So optimieren Sie die Auslastung des Fuhrparks<\/span><\/a><\/li><li><a href=\"https:\/\/vimcar.de\/boxenstopp\/blog\/fahrzeugdisposition\/\" target=\"_blank\" rel=\"noopener\"><span style=\"font-weight: 400;\">Fahrzeugdisposition<\/span><\/a><\/li><li><span style=\"font-weight: 400;\"><a href=\"https:\/\/vimcar.de\/boxenstopp\/blog\/wie-effizient-ist-ihr-fuhrpark\/\" target=\"_blank\" rel=\"noopener\">Wie effizient ist Ihr Fuhrpark?<\/a><\/span><\/li><li><a href=\"https:\/\/vimcar.de\/boxenstopp\/blog\/dokumentenverwaltung-im-fuhrpark\/\" target=\"_blank\" rel=\"noopener\"><span style=\"font-weight: 400;\">Dokumentenverwaltung im Fuhrpark<\/span><\/a><\/li><li><a href=\"https:\/\/vimcar.de\/boxenstopp\/blog\/termine-im-fuhrpark\/\" target=\"_blank\" rel=\"noopener\"><span style=\"font-weight: 400;\">Termine im Fuhrpark<\/span><\/a><\/li><li><a href=\"https:\/\/vimcar.de\/boxenstopp\/blog\/fuhrparksicherheit-steigern-durch-analysen\/\" target=\"_blank\" rel=\"noopener\"><span style=\"font-weight: 400;\">Fuhrparksicherheit steigern durch Analysen<\/span><\/a><\/li><li><span style=\"font-weight: 400;\"><a href=\"https:\/\/vimcar.de\/boxenstopp\/blog\/fahrzeugverwaltung-mit-app\/\" target=\"_blank\" rel=\"noopener\">Fahrzeugverwaltung mit App<\/a><\/span><\/li><li><a href=\"https:\/\/vimcar.de\/boxenstopp\/blog\/kostenvergleich-elektroauto\/\">Elektroauto<\/a><\/li><li><a href=\"https:\/\/vimcar.de\/boxenstopp\/blog\/uvv-pruefung-kosten\/\">Kosten der UVV Pr\u00fcfungen im Fuhrpark<\/a><\/li><\/ul>\t\t\t\t\t\t<\/div>\n\t\t\t\t<\/div>\n\t\t\t\t\t<\/div>\n\t\t<\/div>\n\t\t\t\t\t<\/div>\n\t\t<\/section>\n\t\t\t\t<div class=\"elementor-element elementor-element-6846d7f elementor-author-box--avatar-yes elementor-author-box--name-yes elementor-author-box--biography-yes elementor-author-box--link-no elementor-widget elementor-widget-author-box\" data-id=\"6846d7f\" data-element_type=\"widget\" data-widget_type=\"author-box.default\">\n\t\t\t\t<div class=\"elementor-widget-container\">\n\t\t\t\t\t<div class=\"elementor-author-box\">\n\t\t\t\t\t\t\t<div  class=\"elementor-author-box__avatar\">\n\t\t\t\t\t<img decoding=\"async\" src=\"https:\/\/secure.gravatar.com\/avatar\/952860854fcbe6074255f751b460c68d?s=300&#038;d=mm&#038;r=g\" alt=\"Bild von Hoang Tam Pham\" loading=\"lazy\">\n\t\t\t\t<\/div>\n\t\t\t\n\t\t\t<div class=\"elementor-author-box__text\">\n\t\t\t\t\t\t\t\t\t<div >\n\t\t\t\t\t\t<h4 class=\"elementor-author-box__name\">\n\t\t\t\t\t\t\tHoang Tam Pham\t\t\t\t\t\t<\/h4>\n\t\t\t\t\t<\/div>\n\t\t\t\t\n\t\t\t\t\t\t\t\t\t<div class=\"elementor-author-box__bio\">\n\t\t\t\t\t\t\t\t\t\t\t<\/div>\n\t\t\t\t\n\t\t\t\t\t\t\t<\/div>\n\t\t<\/div>\n\t\t\t\t<\/div>\n\t\t\t\t<\/div>\n\t\t\t\t<div class=\"elementor-element elementor-element-972d495 elementor-share-buttons--view-icon elementor-share-buttons--skin-minimal elementor-share-buttons--color-custom elementor-share-buttons--shape-square elementor-grid-0 elementor-widget elementor-widget-global elementor-global-9354 elementor-widget-share-buttons\" data-id=\"972d495\" data-element_type=\"widget\" data-widget_type=\"share-buttons.default\">\n\t\t\t\t<div class=\"elementor-widget-container\">\n\t\t\t\t\t<div class=\"elementor-grid\">\n\t\t\t\t\t\t\t\t<div class=\"elementor-grid-item\">\n\t\t\t\t\t\t<div\n\t\t\t\t\t\t\tclass=\"elementor-share-btn elementor-share-btn_facebook\"\n\t\t\t\t\t\t\trole=\"button\"\n\t\t\t\t\t\t\ttabindex=\"0\"\n\t\t\t\t\t\t\taria-label=\"Teilen auf facebook\"\n\t\t\t\t\t\t>\n\t\t\t\t\t\t\t\t\t\t\t\t\t\t\t<span class=\"elementor-share-btn__icon\">\n\t\t\t\t\t\t\t\t<svg class=\"e-font-icon-svg e-fab-facebook\" viewBox=\"0 0 512 512\" xmlns=\"http:\/\/www.w3.org\/2000\/svg\"><path d=\"M504 256C504 119 393 8 256 8S8 119 8 256c0 123.78 90.69 226.38 209.25 245V327.69h-63V256h63v-54.64c0-62.15 37-96.48 93.67-96.48 27.14 0 55.52 4.84 55.52 4.84v61h-31.28c-30.8 0-40.41 19.12-40.41 38.73V256h68.78l-11 71.69h-57.78V501C413.31 482.38 504 379.78 504 256z\"><\/path><\/svg>\t\t\t\t\t\t\t<\/span>\n\t\t\t\t\t\t\t\t\t\t\t\t\t\t\t\t\t\t\t\t<\/div>\n\t\t\t\t\t<\/div>\n\t\t\t\t\t\t\t\t\t<div class=\"elementor-grid-item\">\n\t\t\t\t\t\t<div\n\t\t\t\t\t\t\tclass=\"elementor-share-btn elementor-share-btn_twitter\"\n\t\t\t\t\t\t\trole=\"button\"\n\t\t\t\t\t\t\ttabindex=\"0\"\n\t\t\t\t\t\t\taria-label=\"Teilen auf twitter\"\n\t\t\t\t\t\t>\n\t\t\t\t\t\t\t\t\t\t\t\t\t\t\t<span class=\"elementor-share-btn__icon\">\n\t\t\t\t\t\t\t\t<svg class=\"e-font-icon-svg e-fab-twitter\" viewBox=\"0 0 512 512\" xmlns=\"http:\/\/www.w3.org\/2000\/svg\"><path d=\"M459.37 151.716c.325 4.548.325 9.097.325 13.645 0 138.72-105.583 298.558-298.558 298.558-59.452 0-114.68-17.219-161.137-47.106 8.447.974 16.568 1.299 25.34 1.299 49.055 0 94.213-16.568 130.274-44.832-46.132-.975-84.792-31.188-98.112-72.772 6.498.974 12.995 1.624 19.818 1.624 9.421 0 18.843-1.3 27.614-3.573-48.081-9.747-84.143-51.98-84.143-102.985v-1.299c13.969 7.797 30.214 12.67 47.431 13.319-28.264-18.843-46.781-51.005-46.781-87.391 0-19.492 5.197-37.36 14.294-52.954 51.655 63.675 129.3 105.258 216.365 109.807-1.624-7.797-2.599-15.918-2.599-24.04 0-57.828 46.782-104.934 104.934-104.934 30.213 0 57.502 12.67 76.67 33.137 23.715-4.548 46.456-13.32 66.599-25.34-7.798 24.366-24.366 44.833-46.132 57.827 21.117-2.273 41.584-8.122 60.426-16.243-14.292 20.791-32.161 39.308-52.628 54.253z\"><\/path><\/svg>\t\t\t\t\t\t\t<\/span>\n\t\t\t\t\t\t\t\t\t\t\t\t\t\t\t\t\t\t\t\t<\/div>\n\t\t\t\t\t<\/div>\n\t\t\t\t\t\t\t\t\t<div class=\"elementor-grid-item\">\n\t\t\t\t\t\t<div\n\t\t\t\t\t\t\tclass=\"elementor-share-btn elementor-share-btn_linkedin\"\n\t\t\t\t\t\t\trole=\"button\"\n\t\t\t\t\t\t\ttabindex=\"0\"\n\t\t\t\t\t\t\taria-label=\"Teilen auf linkedin\"\n\t\t\t\t\t\t>\n\t\t\t\t\t\t\t\t\t\t\t\t\t\t\t<span class=\"elementor-share-btn__icon\">\n\t\t\t\t\t\t\t\t<svg class=\"e-font-icon-svg e-fab-linkedin\" viewBox=\"0 0 448 512\" xmlns=\"http:\/\/www.w3.org\/2000\/svg\"><path d=\"M416 32H31.9C14.3 32 0 46.5 0 64.3v383.4C0 465.5 14.3 480 31.9 480H416c17.6 0 32-14.5 32-32.3V64.3c0-17.8-14.4-32.3-32-32.3zM135.4 416H69V202.2h66.5V416zm-33.2-243c-21.3 0-38.5-17.3-38.5-38.5S80.9 96 102.2 96c21.2 0 38.5 17.3 38.5 38.5 0 21.3-17.2 38.5-38.5 38.5zm282.1 243h-66.4V312c0-24.8-.5-56.7-34.5-56.7-34.6 0-39.9 27-39.9 54.9V416h-66.4V202.2h63.7v29.2h.9c8.9-16.8 30.6-34.5 62.9-34.5 67.2 0 79.7 44.3 79.7 101.9V416z\"><\/path><\/svg>\t\t\t\t\t\t\t<\/span>\n\t\t\t\t\t\t\t\t\t\t\t\t\t\t\t\t\t\t\t\t<\/div>\n\t\t\t\t\t<\/div>\n\t\t\t\t\t\t\t\t\t<div class=\"elementor-grid-item\">\n\t\t\t\t\t\t<div\n\t\t\t\t\t\t\tclass=\"elementor-share-btn elementor-share-btn_pinterest\"\n\t\t\t\t\t\t\trole=\"button\"\n\t\t\t\t\t\t\ttabindex=\"0\"\n\t\t\t\t\t\t\taria-label=\"Teilen auf pinterest\"\n\t\t\t\t\t\t>\n\t\t\t\t\t\t\t\t\t\t\t\t\t\t\t<span class=\"elementor-share-btn__icon\">\n\t\t\t\t\t\t\t\t<svg class=\"e-font-icon-svg e-fab-pinterest\" viewBox=\"0 0 496 512\" xmlns=\"http:\/\/www.w3.org\/2000\/svg\"><path d=\"M496 256c0 137-111 248-248 248-25.6 0-50.2-3.9-73.4-11.1 10.1-16.5 25.2-43.5 30.8-65 3-11.6 15.4-59 15.4-59 8.1 15.4 31.7 28.5 56.8 28.5 74.8 0 128.7-68.8 128.7-154.3 0-81.9-66.9-143.2-152.9-143.2-107 0-163.9 71.8-163.9 150.1 0 36.4 19.4 81.7 50.3 96.1 4.7 2.2 7.2 1.2 8.3-3.3.8-3.4 5-20.3 6.9-28.1.6-2.5.3-4.7-1.7-7.1-10.1-12.5-18.3-35.3-18.3-56.6 0-54.7 41.4-107.6 112-107.6 60.9 0 103.6 41.5 103.6 100.9 0 67.1-33.9 113.6-78 113.6-24.3 0-42.6-20.1-36.7-44.8 7-29.5 20.5-61.3 20.5-82.6 0-19-10.2-34.9-31.4-34.9-24.9 0-44.9 25.7-44.9 60.2 0 22 7.4 36.8 7.4 36.8s-24.5 103.8-29 123.2c-5 21.4-3 51.6-.9 71.2C65.4 450.9 0 361.1 0 256 0 119 111 8 248 8s248 111 248 248z\"><\/path><\/svg>\t\t\t\t\t\t\t<\/span>\n\t\t\t\t\t\t\t\t\t\t\t\t\t\t\t\t\t\t\t\t<\/div>\n\t\t\t\t\t<\/div>\n\t\t\t\t\t\t<\/div>\n\t\t\t\t<\/div>\n\t\t\t\t<\/div>\n\t\t\t\t\t<\/div>\n\t\t<\/div>\n\t\t\t\t\t<\/div>\n\t\t<\/section>\n\t\t\t\t<\/div>\n\t\t","protected":false},"excerpt":{"rendered":"<p>R\u00fcckrufaktionen kommen immer wieder vor \u2013 und kosten Flottenbetreibenden viel Geld. Wie und ob man sich vor den Auswirkungen auf den Fuhrpark sch\u00fctzen kann, das lesen sie hier. R\u00fcckrufaktionen in der Automobilindustrie: Eine wachsende Herausforderung f\u00fcr Fuhrparkverantwortliche Wenn Millionen von Neufahrzeugen im Jahr auf die Stra\u00dfe rollen, k\u00f6nnen ein paar Montagsexemplare darunter sein. Fehler in [&hellip;]<\/p>\n","protected":false},"author":74,"featured_media":34665,"comment_status":"open","ping_status":"closed","sticky":false,"template":"","format":"standard","meta":{"footnotes":"","mc4wp_mailchimp_campaign":[],"_wp_rev_ctl_limit":""},"categories":[4444],"tags":[4453,4497],"yoast_head":"<!-- This site is optimized with the Yoast SEO Premium plugin v21.5 (Yoast SEO v21.5) - https:\/\/yoast.com\/wordpress\/plugins\/seo\/ -->\n<title>Fahrzeugr\u00fcckrufe: Fuhrpark absichern - Vimcar Boxenstopp<\/title>\n<meta name=\"description\" content=\"R\u00fcckrufaktionen kommen immer wieder vor. Wie und ob man sich vor den Auswirkungen auf den Fuhrpark sch\u00fctzen kann, das lesen sie hier.\" \/>\n<meta name=\"robots\" content=\"index, follow, max-snippet:-1, max-image-preview:large, max-video-preview:-1\" \/>\n<link rel=\"canonical\" href=\"https:\/\/vimcar.de\/boxenstopp\/blog\/fahrzeugrueckrufe\/\" \/>\n<meta property=\"og:locale\" content=\"de_DE\" \/>\n<meta property=\"og:type\" content=\"article\" \/>\n<meta property=\"og:title\" content=\"Fahrzeugr\u00fcckrufe: Fuhrpark absichern\" \/>\n<meta property=\"og:description\" content=\"R\u00fcckrufaktionen kommen immer wieder vor. Wie und ob man sich vor den Auswirkungen auf den Fuhrpark sch\u00fctzen kann, das lesen sie hier.\" \/>\n<meta property=\"og:url\" content=\"https:\/\/vimcar.de\/boxenstopp\/blog\/fahrzeugrueckrufe\/\" \/>\n<meta property=\"og:site_name\" content=\"Vimcar Boxenstopp\" \/>\n<meta property=\"article:publisher\" content=\"https:\/\/www.facebook.com\/vimcar\" \/>\n<meta property=\"article:published_time\" content=\"2022-05-05T11:43:35+00:00\" \/>\n<meta property=\"article:modified_time\" content=\"2024-01-08T15:31:22+00:00\" \/>\n<meta property=\"og:image\" content=\"https:\/\/vimcar.de\/boxenstopp\/wp-content\/uploads\/2022\/05\/Fahrzeugrueckrufe.webp\" \/>\n\t<meta property=\"og:image:width\" content=\"780\" \/>\n\t<meta property=\"og:image:height\" content=\"455\" \/>\n\t<meta property=\"og:image:type\" content=\"image\/webp\" \/>\n<meta name=\"author\" content=\"Hoang Tam Pham\" \/>\n<meta name=\"twitter:card\" content=\"summary_large_image\" \/>\n<meta name=\"twitter:creator\" content=\"@hoang.tam.pham@vimcar.com\" \/>\n<meta name=\"twitter:site\" content=\"@goVimcar\" \/>\n<meta name=\"twitter:label1\" content=\"Verfasst von\" \/>\n\t<meta name=\"twitter:data1\" content=\"Hoang Tam Pham\" \/>\n\t<meta name=\"twitter:label2\" content=\"Gesch\u00e4tzte Lesezeit\" \/>\n\t<meta name=\"twitter:data2\" content=\"6\u00a0Minuten\" \/>\n<!-- \/ Yoast SEO Premium plugin. -->","yoast_head_json":{"title":"Fahrzeugr\u00fcckrufe: Fuhrpark absichern - Vimcar Boxenstopp","description":"R\u00fcckrufaktionen kommen immer wieder vor. Wie und ob man sich vor den Auswirkungen auf den Fuhrpark sch\u00fctzen kann, das lesen sie hier.","robots":{"index":"index","follow":"follow","max-snippet":"max-snippet:-1","max-image-preview":"max-image-preview:large","max-video-preview":"max-video-preview:-1"},"canonical":"https:\/\/vimcar.de\/boxenstopp\/blog\/fahrzeugrueckrufe\/","og_locale":"de_DE","og_type":"article","og_title":"Fahrzeugr\u00fcckrufe: Fuhrpark absichern","og_description":"R\u00fcckrufaktionen kommen immer wieder vor. Wie und ob man sich vor den Auswirkungen auf den Fuhrpark sch\u00fctzen kann, das lesen sie hier.","og_url":"https:\/\/vimcar.de\/boxenstopp\/blog\/fahrzeugrueckrufe\/","og_site_name":"Vimcar Boxenstopp","article_publisher":"https:\/\/www.facebook.com\/vimcar","article_published_time":"2022-05-05T11:43:35+00:00","article_modified_time":"2024-01-08T15:31:22+00:00","og_image":[{"width":780,"height":455,"url":"https:\/\/vimcar.de\/boxenstopp\/wp-content\/uploads\/2022\/05\/Fahrzeugrueckrufe.webp","type":"image\/webp"}],"author":"Hoang Tam Pham","twitter_card":"summary_large_image","twitter_creator":"@hoang.tam.pham@vimcar.com","twitter_site":"@goVimcar","twitter_misc":{"Verfasst von":"Hoang Tam Pham","Gesch\u00e4tzte Lesezeit":"6\u00a0Minuten"},"schema":{"@context":"https:\/\/schema.org","@graph":[{"@type":"Article","@id":"https:\/\/vimcar.de\/boxenstopp\/blog\/fahrzeugrueckrufe\/#article","isPartOf":{"@id":"https:\/\/vimcar.de\/boxenstopp\/blog\/fahrzeugrueckrufe\/"},"author":{"name":"Hoang Tam Pham","@id":"https:\/\/vimcar.de\/boxenstopp\/#\/schema\/person\/fd4558e260e57a027c9338c8844b7e97"},"headline":"Fahrzeugr\u00fcckrufe: Fuhrpark absichern","datePublished":"2022-05-05T11:43:35+00:00","dateModified":"2024-01-08T15:31:22+00:00","mainEntityOfPage":{"@id":"https:\/\/vimcar.de\/boxenstopp\/blog\/fahrzeugrueckrufe\/"},"wordCount":1005,"commentCount":0,"publisher":{"@id":"https:\/\/vimcar.de\/boxenstopp\/#organization"},"keywords":["Beschaffung","Kostenmanagement"],"articleSection":["Blog"],"inLanguage":"de","potentialAction":[{"@type":"CommentAction","name":"Comment","target":["https:\/\/vimcar.de\/boxenstopp\/blog\/fahrzeugrueckrufe\/#respond"]}]},{"@type":"WebPage","@id":"https:\/\/vimcar.de\/boxenstopp\/blog\/fahrzeugrueckrufe\/","url":"https:\/\/vimcar.de\/boxenstopp\/blog\/fahrzeugrueckrufe\/","name":"Fahrzeugr\u00fcckrufe: Fuhrpark absichern - Vimcar Boxenstopp","isPartOf":{"@id":"https:\/\/vimcar.de\/boxenstopp\/#website"},"datePublished":"2022-05-05T11:43:35+00:00","dateModified":"2024-01-08T15:31:22+00:00","description":"R\u00fcckrufaktionen kommen immer wieder vor. Wie und ob man sich vor den Auswirkungen auf den Fuhrpark sch\u00fctzen kann, das lesen sie hier.","breadcrumb":{"@id":"https:\/\/vimcar.de\/boxenstopp\/blog\/fahrzeugrueckrufe\/#breadcrumb"},"inLanguage":"de","potentialAction":[{"@type":"ReadAction","target":["https:\/\/vimcar.de\/boxenstopp\/blog\/fahrzeugrueckrufe\/"]}]},{"@type":"BreadcrumbList","@id":"https:\/\/vimcar.de\/boxenstopp\/blog\/fahrzeugrueckrufe\/#breadcrumb","itemListElement":[{"@type":"ListItem","position":1,"name":"Startseite","item":"https:\/\/vimcar.de\/boxenstopp\/"},{"@type":"ListItem","position":2,"name":"Fahrzeugr\u00fcckrufe: Fuhrpark absichern"}]},{"@type":"WebSite","@id":"https:\/\/vimcar.de\/boxenstopp\/#website","url":"https:\/\/vimcar.de\/boxenstopp\/","name":"Vimcar Boxenstopp","description":"- Die Lernplattform f\u00fcr Fuhrparkleiter","publisher":{"@id":"https:\/\/vimcar.de\/boxenstopp\/#organization"},"potentialAction":[{"@type":"SearchAction","target":{"@type":"EntryPoint","urlTemplate":"https:\/\/vimcar.de\/boxenstopp\/?s={search_term_string}"},"query-input":"required name=search_term_string"}],"inLanguage":"de"},{"@type":"Organization","@id":"https:\/\/vimcar.de\/boxenstopp\/#organization","name":"Vimcar Boxenstopp - Fuhrparkwissen","url":"https:\/\/vimcar.de\/boxenstopp\/","logo":{"@type":"ImageObject","inLanguage":"de","@id":"https:\/\/vimcar.de\/boxenstopp\/#\/schema\/logo\/image\/","url":"https:\/\/vimcar.de\/boxenstopp\/wp-content\/uploads\/2020\/10\/logo-vimcar-boxenstopp.png","contentUrl":"https:\/\/vimcar.de\/boxenstopp\/wp-content\/uploads\/2020\/10\/logo-vimcar-boxenstopp.png","width":250,"height":50,"caption":"Vimcar Boxenstopp - Fuhrparkwissen"},"image":{"@id":"https:\/\/vimcar.de\/boxenstopp\/#\/schema\/logo\/image\/"},"sameAs":["https:\/\/www.facebook.com\/vimcar","https:\/\/twitter.com\/goVimcar","https:\/\/www.instagram.com\/vimcar_official\/","https:\/\/de.linkedin.com\/company\/vimcar","https:\/\/www.pinterest.de\/vimcar\/","https:\/\/www.youtube.com\/channel\/UCWRajoA7OnWsAw-ezAahZPg"]},{"@type":"Person","@id":"https:\/\/vimcar.de\/boxenstopp\/#\/schema\/person\/fd4558e260e57a027c9338c8844b7e97","name":"Hoang Tam Pham","sameAs":["https:\/\/www.linkedin.com\/in\/hoang-tam-pham\/","https:\/\/twitter.com\/hoang.tam.pham@vimcar.com"]}]}},"_links":{"self":[{"href":"https:\/\/vimcar.de\/boxenstopp\/wp-json\/wp\/v2\/posts\/34664"}],"collection":[{"href":"https:\/\/vimcar.de\/boxenstopp\/wp-json\/wp\/v2\/posts"}],"about":[{"href":"https:\/\/vimcar.de\/boxenstopp\/wp-json\/wp\/v2\/types\/post"}],"author":[{"embeddable":true,"href":"https:\/\/vimcar.de\/boxenstopp\/wp-json\/wp\/v2\/users\/74"}],"replies":[{"embeddable":true,"href":"https:\/\/vimcar.de\/boxenstopp\/wp-json\/wp\/v2\/comments?post=34664"}],"version-history":[{"count":3,"href":"https:\/\/vimcar.de\/boxenstopp\/wp-json\/wp\/v2\/posts\/34664\/revisions"}],"predecessor-version":[{"id":47833,"href":"https:\/\/vimcar.de\/boxenstopp\/wp-json\/wp\/v2\/posts\/34664\/revisions\/47833"}],"wp:featuredmedia":[{"embeddable":true,"href":"https:\/\/vimcar.de\/boxenstopp\/wp-json\/wp\/v2\/media\/34665"}],"wp:attachment":[{"href":"https:\/\/vimcar.de\/boxenstopp\/wp-json\/wp\/v2\/media?parent=34664"}],"wp:term":[{"taxonomy":"category","embeddable":true,"href":"https:\/\/vimcar.de\/boxenstopp\/wp-json\/wp\/v2\/categories?post=34664"},{"taxonomy":"post_tag","embeddable":true,"href":"https:\/\/vimcar.de\/boxenstopp\/wp-json\/wp\/v2\/tags?post=34664"}],"curies":[{"name":"wp","href":"https:\/\/api.w.org\/{rel}","templated":true}]}}