{"id":34683,"date":"2022-05-05T15:42:26","date_gmt":"2022-05-05T13:42:26","guid":{"rendered":"https:\/\/vimcar.de\/boxenstopp\/?p=34683"},"modified":"2023-08-31T16:44:48","modified_gmt":"2023-08-31T14:44:48","slug":"firmenwagen-privatwagen","status":"publish","type":"post","link":"https:\/\/vimcar.de\/boxenstopp\/blog\/firmenwagen-privatwagen\/","title":{"rendered":"Firmenwagen oder Privatfahrzeug:  Preiswert fahren"},"content":{"rendered":"\t\t<div data-elementor-type=\"wp-post\" data-elementor-id=\"34683\" class=\"elementor elementor-34683\" data-elementor-post-type=\"post\">\n\t\t\t\t\t\t<section class=\"elementor-section elementor-top-section elementor-element elementor-element-dec1d12 elementor-section-boxed elementor-section-height-default elementor-section-height-default\" data-id=\"dec1d12\" data-element_type=\"section\">\n\t\t\t\t\t\t<div class=\"elementor-container elementor-column-gap-default\">\n\t\t\t\t\t<div class=\"elementor-column elementor-col-100 elementor-top-column elementor-element elementor-element-8f6ba4b\" data-id=\"8f6ba4b\" data-element_type=\"column\">\n\t\t\t<div class=\"elementor-widget-wrap elementor-element-populated\">\n\t\t\t\t\t\t<div class=\"elementor-element elementor-element-2637efb elementor-widget elementor-widget-text-editor\" data-id=\"2637efb\" data-element_type=\"widget\" data-widget_type=\"text-editor.default\">\n\t\t\t\t<div class=\"elementor-widget-container\">\n\t\t\t\t\t\t\t<p><i><span style=\"font-weight: 400;\">Bevor man bei einem Firmenwagen zugreift, sollte man genau wissen, welche versteckten Kosten auf die FahrerInnen warten. Aber ab wann lohnt es sich, den Privatwagen aufzugeben, wann nicht? Wir kl\u00e4ren auf.<\/span><\/i><\/p>\t\t\t\t\t\t<\/div>\n\t\t\t\t<\/div>\n\t\t\t\t<div class=\"elementor-element elementor-element-0c3f542 elementor-widget elementor-widget-heading\" data-id=\"0c3f542\" data-element_type=\"widget\" data-widget_type=\"heading.default\">\n\t\t\t\t<div class=\"elementor-widget-container\">\n\t\t\t<h2 class=\"elementor-heading-title elementor-size-default\">Privatauto oder Firmenwagen<\/h2>\t\t<\/div>\n\t\t\t\t<\/div>\n\t\t\t\t\t<\/div>\n\t\t<\/div>\n\t\t\t\t\t<\/div>\n\t\t<\/section>\n\t\t\t\t<section class=\"elementor-section elementor-top-section elementor-element elementor-element-7166926 elementor-section-boxed elementor-section-height-default elementor-section-height-default\" data-id=\"7166926\" data-element_type=\"section\">\n\t\t\t\t\t\t<div class=\"elementor-container elementor-column-gap-default\">\n\t\t\t\t\t<div class=\"elementor-column elementor-col-100 elementor-top-column elementor-element elementor-element-218f123\" data-id=\"218f123\" data-element_type=\"column\">\n\t\t\t<div class=\"elementor-widget-wrap elementor-element-populated\">\n\t\t\t\t\t\t<div class=\"elementor-element elementor-element-81874fa elementor-widget elementor-widget-text-editor\" data-id=\"81874fa\" data-element_type=\"widget\" data-widget_type=\"text-editor.default\">\n\t\t\t\t<div class=\"elementor-widget-container\">\n\t\t\t\t\t\t\t<p><span style=\"font-weight: 400;\">Ob als Au\u00dfendienstlerInnen oder im Management \u2013 viele ArbeitnehmerInnen bekommen vom Unternehmen einen Firmenwagen gestellt. So entfielen 2020 demnach 63 Prozent der Neuzulassungen auf Firmen, wovon wiederum der gr\u00f6\u00dfte Teil auf klassische Flotten sowie AutoherstellerInnen und -h\u00e4ndlerInnen entf\u00e4llt. Dies geht aus einer Studie der Organisation \u201eTransport &amp; Environment\u201c (T&amp;E) hervor. Und MitarbeiterInnen stehen auf diesen vermeintlichen Luxus: Statt zus\u00e4tzlich ein Privatfahrzeug zu kaufen, nutzen sie den Firmenwagen sowohl f\u00fcr Arbeits- und private Wege. Hier vermischen sich viele Arten der Fahrten: Pendeln zur Arbeit, Dienstfahrten sowie die Nutzung mit der Familie. Doch bei der Erw\u00e4gung, ob der Firmenwagen oder das Privatfahrzeug g\u00fcnstiger sind, kommt es auf die Gewichtung zwischen dienstlicher und privater Nutzung an. Und die ist bei jedem unterschiedlich.<\/span><\/p>\t\t\t\t\t\t<\/div>\n\t\t\t\t<\/div>\n\t\t\t\t<div class=\"elementor-element elementor-element-bab38d4 elementor-widget elementor-widget-heading\" data-id=\"bab38d4\" data-element_type=\"widget\" data-widget_type=\"heading.default\">\n\t\t\t\t<div class=\"elementor-widget-container\">\n\t\t\t<h2 class=\"elementor-heading-title elementor-size-default\">Was zahlen ArbeitgeberInnen?<\/h2>\t\t<\/div>\n\t\t\t\t<\/div>\n\t\t\t\t\t<\/div>\n\t\t<\/div>\n\t\t\t\t\t<\/div>\n\t\t<\/section>\n\t\t\t\t<section class=\"elementor-section elementor-top-section elementor-element elementor-element-6eb0665 elementor-section-boxed elementor-section-height-default elementor-section-height-default\" data-id=\"6eb0665\" data-element_type=\"section\">\n\t\t\t\t\t\t<div class=\"elementor-container elementor-column-gap-default\">\n\t\t\t\t\t<div class=\"elementor-column elementor-col-100 elementor-top-column elementor-element elementor-element-d357acd\" data-id=\"d357acd\" data-element_type=\"column\">\n\t\t\t<div class=\"elementor-widget-wrap elementor-element-populated\">\n\t\t\t\t\t\t<div class=\"elementor-element elementor-element-c1dcdc6 elementor-widget elementor-widget-text-editor\" data-id=\"c1dcdc6\" data-element_type=\"widget\" data-widget_type=\"text-editor.default\">\n\t\t\t\t<div class=\"elementor-widget-container\">\n\t\t\t\t\t\t\t<p><span style=\"font-weight: 400;\">Es sieht auf den ersten Blick paradiesisch aus: \u00a0Arbeitgebende tragen die laufenden Kosten f\u00fcr einen Firmenwagen. Tanken? \u00dcbernehmen der ChefInnen. Auch Rechnungen der Werkstatt, Parkgeb\u00fchren, Garagenmiete, T\u00dcV und Kfz-Steuer zahlt die Firma. Was bei dieser pauschalen Berechnung gern \u00fcbersehen wird: Das Finanzamt rechnet die private Nutzung des Firmenwagens als geldwerten Vorteil an \u2013 und kassiert daf\u00fcr zum Teil saftige Einkommensteuer. Lohnt sich f\u00fcr mich trotz dieser H\u00fcrden ein Firmenwagen? Dazu sollte man die zwei Berechnungsgrundlagen f\u00fcr die Steuer kennen.<\/span><\/p>\t\t\t\t\t\t<\/div>\n\t\t\t\t<\/div>\n\t\t\t\t\t<\/div>\n\t\t<\/div>\n\t\t\t\t\t<\/div>\n\t\t<\/section>\n\t\t\t\t<section class=\"elementor-section elementor-top-section elementor-element elementor-element-28f0307 elementor-section-boxed elementor-section-height-default elementor-section-height-default\" data-id=\"28f0307\" data-element_type=\"section\">\n\t\t\t\t\t\t<div class=\"elementor-container elementor-column-gap-default\">\n\t\t\t\t\t<div class=\"elementor-column elementor-col-100 elementor-top-column elementor-element elementor-element-69a06e8\" data-id=\"69a06e8\" data-element_type=\"column\">\n\t\t\t<div class=\"elementor-widget-wrap elementor-element-populated\">\n\t\t\t\t\t\t<div class=\"elementor-element elementor-element-b4537ad elementor-widget elementor-widget-heading\" data-id=\"b4537ad\" data-element_type=\"widget\" data-widget_type=\"heading.default\">\n\t\t\t\t<div class=\"elementor-widget-container\">\n\t\t\t<h2 class=\"elementor-heading-title elementor-size-default\">Die Ein-Prozent-Methode \u2013 einfach, aber ung\u00fcnstig<\/h2>\t\t<\/div>\n\t\t\t\t<\/div>\n\t\t\t\t\t<\/div>\n\t\t<\/div>\n\t\t\t\t\t<\/div>\n\t\t<\/section>\n\t\t\t\t<section class=\"elementor-section elementor-top-section elementor-element elementor-element-4724977 elementor-section-boxed elementor-section-height-default elementor-section-height-default\" data-id=\"4724977\" data-element_type=\"section\">\n\t\t\t\t\t\t<div class=\"elementor-container elementor-column-gap-default\">\n\t\t\t\t\t<div class=\"elementor-column elementor-col-100 elementor-top-column elementor-element elementor-element-405377e\" data-id=\"405377e\" data-element_type=\"column\">\n\t\t\t<div class=\"elementor-widget-wrap elementor-element-populated\">\n\t\t\t\t\t\t<div class=\"elementor-element elementor-element-c1a9aa4 elementor-widget elementor-widget-text-editor\" data-id=\"c1a9aa4\" data-element_type=\"widget\" data-widget_type=\"text-editor.default\">\n\t\t\t\t<div class=\"elementor-widget-container\">\n\t\t\t\t\t\t\t<p><span style=\"font-weight: 400;\">Die Ein-Prozent-Methode ist eine immer noch popul\u00e4re Methode der Besteuerung von Firmenwagen. Bei dieser Variante setzt das Finanzamt monatlich ein Prozent des Fahrzeug-Listenpreises als geldwerten Vorteil an. Dieser muss dann von Fahrenden versteuert werden. Leider gilt der Listenpreis auch dann als Berechnungsgrundlage, wenn der Firmenwagen bei Kauf in Wirklichkeit g\u00fcnstiger war.<\/span><\/p>\t\t\t\t\t\t<\/div>\n\t\t\t\t<\/div>\n\t\t\t\t\t<\/div>\n\t\t<\/div>\n\t\t\t\t\t<\/div>\n\t\t<\/section>\n\t\t\t\t<section class=\"elementor-section elementor-top-section elementor-element elementor-element-d6077f2 elementor-section-boxed elementor-section-height-default elementor-section-height-default\" data-id=\"d6077f2\" data-element_type=\"section\">\n\t\t\t\t\t\t<div class=\"elementor-container elementor-column-gap-default\">\n\t\t\t\t\t<div class=\"elementor-column elementor-col-100 elementor-top-column elementor-element elementor-element-e8481af\" data-id=\"e8481af\" data-element_type=\"column\">\n\t\t\t<div class=\"elementor-widget-wrap elementor-element-populated\">\n\t\t\t\t\t\t<section class=\"elementor-section elementor-inner-section elementor-element elementor-element-9f77224 elementor-section-boxed elementor-section-height-default elementor-section-height-default\" data-id=\"9f77224\" data-element_type=\"section\">\n\t\t\t\t\t\t<div class=\"elementor-container elementor-column-gap-default\">\n\t\t\t\t\t<div class=\"elementor-column elementor-col-50 elementor-inner-column elementor-element elementor-element-38b3526\" data-id=\"38b3526\" data-element_type=\"column\">\n\t\t\t<div class=\"elementor-widget-wrap elementor-element-populated\">\n\t\t\t\t\t\t<div class=\"elementor-element elementor-element-bb58bff elementor-widget elementor-widget-image\" data-id=\"bb58bff\" data-element_type=\"widget\" data-widget_type=\"image.default\">\n\t\t\t\t<div class=\"elementor-widget-container\">\n\t\t\t\t\t\t\t\t\t\t\t\t\t<img fetchpriority=\"high\" decoding=\"async\" width=\"780\" height=\"455\" src=\"https:\/\/vimcar.de\/boxenstopp\/wp-content\/uploads\/2022\/05\/1-Methode.webp\" class=\"attachment-large size-large wp-image-34686\" alt=\"Ein Mann benutzt einen Taschenrechner\" srcset=\"https:\/\/vimcar.de\/boxenstopp\/wp-content\/uploads\/2022\/05\/1-Methode.webp 780w, https:\/\/vimcar.de\/boxenstopp\/wp-content\/uploads\/2022\/05\/1-Methode-300x175.webp 300w, https:\/\/vimcar.de\/boxenstopp\/wp-content\/uploads\/2022\/05\/1-Methode-768x448.webp 768w\" sizes=\"(max-width: 780px) 100vw, 780px\" \/>\t\t\t\t\t\t\t\t\t\t\t\t\t<\/div>\n\t\t\t\t<\/div>\n\t\t\t\t\t<\/div>\n\t\t<\/div>\n\t\t\t\t<div class=\"elementor-column elementor-col-50 elementor-inner-column elementor-element elementor-element-bb106c2\" data-id=\"bb106c2\" data-element_type=\"column\">\n\t\t\t<div class=\"elementor-widget-wrap elementor-element-populated\">\n\t\t\t\t\t\t<div class=\"elementor-element elementor-element-3124f7a elementor-widget elementor-widget-text-editor\" data-id=\"3124f7a\" data-element_type=\"widget\" data-widget_type=\"text-editor.default\">\n\t\t\t\t<div class=\"elementor-widget-container\">\n\t\t\t\t\t\t\t<p><span style=\"font-weight: 400;\">Wenn der Listenpreis also beispielsweise 40.000 Euro betr\u00e4gt, dann hat der Arbeitnehmer einen geldwerten Vorteil von 400 Euro im Monat. Das macht 4800 Euro pro Jahr, die versteuert werden m\u00fcssen. F\u00fcr die Strecke zwischen Wohnung und Arbeit kommen zus\u00e4tzlich noch weitere 0,03 Prozent des Listenpreises pro Kilometer hinzu. Das kann teuer werden:\u00a0<\/span><\/p><p><span style=\"font-weight: 400;\">Bei einer Entfernung von 20 Kilometern s\u00e4he die Berechnung so aus: 40.000 Euro x 0,03 Prozent x 20 (Anzahl der Kilometer) = 240 Euro. Der Privatanteil summiert sich in diesem Fall also schon auf 640 Euro pro Monat \u2013 von der allerdings noch die Entfernungspauschale abgezogen werden kann. Diese Methode ist popul\u00e4r, da sie weitaus weniger aufw\u00e4ndig ist als das analoge Fahrtenbuch.<\/span><\/p>\t\t\t\t\t\t<\/div>\n\t\t\t\t<\/div>\n\t\t\t\t\t<\/div>\n\t\t<\/div>\n\t\t\t\t\t<\/div>\n\t\t<\/section>\n\t\t\t\t\t<\/div>\n\t\t<\/div>\n\t\t\t\t\t<\/div>\n\t\t<\/section>\n\t\t\t\t<section class=\"elementor-section elementor-top-section elementor-element elementor-element-d0fd447 elementor-section-boxed elementor-section-height-default elementor-section-height-default\" data-id=\"d0fd447\" data-element_type=\"section\">\n\t\t\t\t\t\t<div class=\"elementor-container elementor-column-gap-default\">\n\t\t\t\t\t<div class=\"elementor-column elementor-col-100 elementor-top-column elementor-element elementor-element-860de4a\" data-id=\"860de4a\" data-element_type=\"column\">\n\t\t\t<div class=\"elementor-widget-wrap elementor-element-populated\">\n\t\t\t\t\t\t<div class=\"elementor-element elementor-element-ec6ff2f elementor-widget elementor-widget-heading\" data-id=\"ec6ff2f\" data-element_type=\"widget\" data-widget_type=\"heading.default\">\n\t\t\t\t<div class=\"elementor-widget-container\">\n\t\t\t<h2 class=\"elementor-heading-title elementor-size-default\">Das Fahrtenbuch- digital und kinderleicht<\/h2>\t\t<\/div>\n\t\t\t\t<\/div>\n\t\t\t\t\t<\/div>\n\t\t<\/div>\n\t\t\t\t\t<\/div>\n\t\t<\/section>\n\t\t\t\t<section class=\"elementor-section elementor-top-section elementor-element elementor-element-bb8024c elementor-section-boxed elementor-section-height-default elementor-section-height-default\" data-id=\"bb8024c\" data-element_type=\"section\">\n\t\t\t\t\t\t<div class=\"elementor-container elementor-column-gap-default\">\n\t\t\t\t\t<div class=\"elementor-column elementor-col-100 elementor-top-column elementor-element elementor-element-aaaf9a1\" data-id=\"aaaf9a1\" data-element_type=\"column\">\n\t\t\t<div class=\"elementor-widget-wrap elementor-element-populated\">\n\t\t\t\t\t\t<div class=\"elementor-element elementor-element-557b4a1 elementor-widget elementor-widget-text-editor\" data-id=\"557b4a1\" data-element_type=\"widget\" data-widget_type=\"text-editor.default\">\n\t\t\t\t<div class=\"elementor-widget-container\">\n\t\t\t\t\t\t\t<p><span style=\"font-weight: 400;\">Sie fahren einen Porsche oder Bentley als Firmenwagen? Und Sie nutzen die Fahrzeuge nur selten privat? Dann k\u00f6nnen Sie mit dem Fahrtenbuch viel Geld sparen. Dann ist jedoch Disziplin angesagt, denn man sollte sich zwingend an einige Formalien halten. Bei jeder Dienstfahrt m\u00fcssen verschiedene Angaben gemacht werden, wie etwa Kilometerstand, Ziel und Route. Bei privater Fahrt m\u00fcssen nur die Kilometer vermerkt werden. Im Falle dieser Variante rechnet sich unbedingt die Anschaffung eines elektronischen Fahrtenbuchs \u2013 wie etwa das vom mehrfachen Testsieger <\/span><a href=\"https:\/\/vimcar.de\/\"><span style=\"font-weight: 400;\">vimcar<\/span><\/a><span style=\"font-weight: 400;\">. Zwischen den beiden vorgestellten Varianten l\u00e4sst sich auch wechseln. Rat wei\u00df auf jeden Fall der Steuerberater. <\/span><\/p>\t\t\t\t\t\t<\/div>\n\t\t\t\t<\/div>\n\t\t\t\t<div class=\"elementor-element elementor-element-a647c2b elementor-widget elementor-widget-heading\" data-id=\"a647c2b\" data-element_type=\"widget\" data-widget_type=\"heading.default\">\n\t\t\t\t<div class=\"elementor-widget-container\">\n\t\t\t<h2 class=\"elementor-heading-title elementor-size-default\">Firmenwagen oder Privatauto?<\/h2>\t\t<\/div>\n\t\t\t\t<\/div>\n\t\t\t\t\t<\/div>\n\t\t<\/div>\n\t\t\t\t\t<\/div>\n\t\t<\/section>\n\t\t\t\t<section class=\"elementor-section elementor-top-section elementor-element elementor-element-4fa6095 elementor-section-boxed elementor-section-height-default elementor-section-height-default\" data-id=\"4fa6095\" data-element_type=\"section\">\n\t\t\t\t\t\t<div class=\"elementor-container elementor-column-gap-default\">\n\t\t\t\t\t<div class=\"elementor-column elementor-col-100 elementor-top-column elementor-element elementor-element-c549c4c\" data-id=\"c549c4c\" data-element_type=\"column\">\n\t\t\t<div class=\"elementor-widget-wrap elementor-element-populated\">\n\t\t\t\t\t\t<div class=\"elementor-element elementor-element-3b94370 elementor-widget elementor-widget-text-editor\" data-id=\"3b94370\" data-element_type=\"widget\" data-widget_type=\"text-editor.default\">\n\t\t\t\t<div class=\"elementor-widget-container\">\n\t\t\t\t\t\t\t<p><span style=\"font-weight: 400;\">Jetzt stellt sich die Frage, ob man das Angebot f\u00fcr einen Firmenwagen annehmen sollte \u2013 oder doch lieber auf den privaten Pkw setzt? Bei dieser Entscheidung gibt es weitere Kriterien zu beachten.<\/span><\/p>\t\t\t\t\t\t<\/div>\n\t\t\t\t<\/div>\n\t\t\t\t\t<\/div>\n\t\t<\/div>\n\t\t\t\t\t<\/div>\n\t\t<\/section>\n\t\t\t\t<section class=\"elementor-section elementor-top-section elementor-element elementor-element-2f2a152 elementor-section-boxed elementor-section-height-default elementor-section-height-default\" data-id=\"2f2a152\" data-element_type=\"section\">\n\t\t\t\t\t\t<div class=\"elementor-container elementor-column-gap-default\">\n\t\t\t\t\t<div class=\"elementor-column elementor-col-100 elementor-top-column elementor-element elementor-element-93d5a38\" data-id=\"93d5a38\" data-element_type=\"column\">\n\t\t\t<div class=\"elementor-widget-wrap elementor-element-populated\">\n\t\t\t\t\t\t<section class=\"elementor-section elementor-inner-section elementor-element elementor-element-8be67a0 elementor-section-boxed elementor-section-height-default elementor-section-height-default\" data-id=\"8be67a0\" data-element_type=\"section\">\n\t\t\t\t\t\t<div class=\"elementor-container elementor-column-gap-default\">\n\t\t\t\t\t<div class=\"elementor-column elementor-col-50 elementor-inner-column elementor-element elementor-element-e39cd52\" data-id=\"e39cd52\" data-element_type=\"column\">\n\t\t\t<div class=\"elementor-widget-wrap elementor-element-populated\">\n\t\t\t\t\t\t<div class=\"elementor-element elementor-element-ca0ea82 elementor-widget elementor-widget-text-editor\" data-id=\"ca0ea82\" data-element_type=\"widget\" data-widget_type=\"text-editor.default\">\n\t\t\t\t<div class=\"elementor-widget-container\">\n\t\t\t\t\t\t\t<ul><li><span style=\"font-weight: 400;\"> Entfernung zwischen Wohnung und Arbeitsst\u00e4tte\u00a0<\/span><\/li><li><span style=\"font-weight: 400;\"> Leistung der Renten- und Arbeitslosenversicherung\u00a0<\/span><\/li><li><span style=\"font-weight: 400;\"> Zinsen f\u00fcr einen Kredit des Autokaufs oder Leasingraten<\/span><\/li><li><span style=\"font-weight: 400;\"> Weitere Kosten wie Benzin-, Versicherungs- oder Werkstattkosten\u00a0<\/span><\/li><\/ul><p><span style=\"font-weight: 400;\">Erst nachdem alle Kosten genau entschl\u00fcsselt wurden, hat man Klarheit \u00fcber die wahren Kosten. Eines steht fest: Durch die private Nutzung des Dienstwagens, und die damit verbundenen Steuern, sinkt auch das Netto-Einkommen des Angestellten. Wer die Vorteile eines Dienstwagens genie\u00dft, sollten auf jeden Fall auch die Nachteile penibel abw\u00e4gen. Rechnen Sie genau nach, ob und inwiefern Sie von der privaten Nutzung Ihres Firmenwagens profitieren.<\/span><\/p>\t\t\t\t\t\t<\/div>\n\t\t\t\t<\/div>\n\t\t\t\t\t<\/div>\n\t\t<\/div>\n\t\t\t\t<div class=\"elementor-column elementor-col-50 elementor-inner-column elementor-element elementor-element-55d7102\" data-id=\"55d7102\" data-element_type=\"column\">\n\t\t\t<div class=\"elementor-widget-wrap elementor-element-populated\">\n\t\t\t\t\t\t<div class=\"elementor-element elementor-element-0df8d93 elementor-widget elementor-widget-image\" data-id=\"0df8d93\" data-element_type=\"widget\" data-widget_type=\"image.default\">\n\t\t\t\t<div class=\"elementor-widget-container\">\n\t\t\t\t\t\t\t\t\t\t\t\t\t<img decoding=\"async\" width=\"780\" height=\"455\" src=\"https:\/\/vimcar.de\/boxenstopp\/wp-content\/uploads\/2022\/05\/Firmenwagen-oder-Privatauto.webp\" class=\"attachment-large size-large wp-image-34685\" alt=\"Firmenwagen oder Privatauto\" srcset=\"https:\/\/vimcar.de\/boxenstopp\/wp-content\/uploads\/2022\/05\/Firmenwagen-oder-Privatauto.webp 780w, https:\/\/vimcar.de\/boxenstopp\/wp-content\/uploads\/2022\/05\/Firmenwagen-oder-Privatauto-300x175.webp 300w, https:\/\/vimcar.de\/boxenstopp\/wp-content\/uploads\/2022\/05\/Firmenwagen-oder-Privatauto-768x448.webp 768w\" sizes=\"(max-width: 780px) 100vw, 780px\" \/>\t\t\t\t\t\t\t\t\t\t\t\t\t<\/div>\n\t\t\t\t<\/div>\n\t\t\t\t\t<\/div>\n\t\t<\/div>\n\t\t\t\t\t<\/div>\n\t\t<\/section>\n\t\t\t\t\t<\/div>\n\t\t<\/div>\n\t\t\t\t\t<\/div>\n\t\t<\/section>\n\t\t\t\t<section class=\"elementor-section elementor-top-section elementor-element elementor-element-dbd623f elementor-section-boxed elementor-section-height-default elementor-section-height-default\" data-id=\"dbd623f\" data-element_type=\"section\">\n\t\t\t\t\t\t<div class=\"elementor-container elementor-column-gap-default\">\n\t\t\t\t\t<div class=\"elementor-column elementor-col-100 elementor-top-column elementor-element elementor-element-4a91910\" data-id=\"4a91910\" data-element_type=\"column\">\n\t\t\t<div class=\"elementor-widget-wrap elementor-element-populated\">\n\t\t\t\t\t\t<div class=\"elementor-element elementor-element-d19f0b5 elementor-widget elementor-widget-heading\" data-id=\"d19f0b5\" data-element_type=\"widget\" data-widget_type=\"heading.default\">\n\t\t\t\t<div class=\"elementor-widget-container\">\n\t\t\t<h2 class=\"elementor-heading-title elementor-size-default\">F\u00fcr UnternehmerInnen: Nutzung des privaten Pkw<\/h2>\t\t<\/div>\n\t\t\t\t<\/div>\n\t\t\t\t<div class=\"elementor-element elementor-element-3c7b1c9 elementor-widget elementor-widget-text-editor\" data-id=\"3c7b1c9\" data-element_type=\"widget\" data-widget_type=\"text-editor.default\">\n\t\t\t\t<div class=\"elementor-widget-container\">\n\t\t\t\t\t\t\t<p><span style=\"font-weight: 400;\">Liegt die Nutzung eines Privatfahrzeugs f\u00fcr dienstliche Zwecke bei unter zehn Prozent, stellt der Wagen kein Betriebsverm\u00f6gen dar, sondern bleibt Privatverm\u00f6gen. \u00c4hnlich sieht es bei dieser Variante aus: Bei gesch\u00e4ftlichen Fahrten zwischen zehn und 50 Prozent kann der PKW dem Betriebs- oder Privatverm\u00f6gen zugeordnet werden. Zum Betriebsverm\u00f6gen z\u00e4hlt der Wagen, wenn der Inhaber ihn zu \u00fcber 50 Prozent f\u00fcr Gesch\u00e4ftsfahrten nutzt.<\/span><\/p>\t\t\t\t\t\t<\/div>\n\t\t\t\t<\/div>\n\t\t\t\t\t<\/div>\n\t\t<\/div>\n\t\t\t\t\t<\/div>\n\t\t<\/section>\n\t\t\t\t<section class=\"elementor-section elementor-top-section elementor-element elementor-element-863727e elementor-section-boxed elementor-section-height-default elementor-section-height-default\" data-id=\"863727e\" data-element_type=\"section\">\n\t\t\t\t\t\t<div class=\"elementor-container elementor-column-gap-default\">\n\t\t\t\t\t<div class=\"elementor-column elementor-col-100 elementor-top-column elementor-element elementor-element-d6daaac\" data-id=\"d6daaac\" data-element_type=\"column\">\n\t\t\t<div class=\"elementor-widget-wrap elementor-element-populated\">\n\t\t\t\t\t\t<div class=\"elementor-element elementor-element-581c554 elementor-widget elementor-widget-heading\" data-id=\"581c554\" data-element_type=\"widget\" data-widget_type=\"heading.default\">\n\t\t\t\t<div class=\"elementor-widget-container\">\n\t\t\t<h2 class=\"elementor-heading-title elementor-size-default\">F\u00fcr ArbeitnehmerInnen: Nutzung des privaten Pkw<\/h2>\t\t<\/div>\n\t\t\t\t<\/div>\n\t\t\t\t\t<\/div>\n\t\t<\/div>\n\t\t\t\t\t<\/div>\n\t\t<\/section>\n\t\t\t\t<section class=\"elementor-section elementor-top-section elementor-element elementor-element-c1898e9 elementor-section-boxed elementor-section-height-default elementor-section-height-default\" data-id=\"c1898e9\" data-element_type=\"section\">\n\t\t\t\t\t\t<div class=\"elementor-container elementor-column-gap-default\">\n\t\t\t\t\t<div class=\"elementor-column elementor-col-100 elementor-top-column elementor-element elementor-element-ffb1884\" data-id=\"ffb1884\" data-element_type=\"column\">\n\t\t\t<div class=\"elementor-widget-wrap elementor-element-populated\">\n\t\t\t\t\t\t<div class=\"elementor-element elementor-element-86e2a85 elementor-widget elementor-widget-text-editor\" data-id=\"86e2a85\" data-element_type=\"widget\" data-widget_type=\"text-editor.default\">\n\t\t\t\t<div class=\"elementor-widget-container\">\n\t\t\t\t\t\t\t<p><span style=\"font-weight: 400;\">ArbeitnehmerInnen nutzen in der Regel ihr privates Fahrzeug, um damit den Weg von ihrer Wohnung zu ihrem Arbeitsplatz zur\u00fcckzulegen. In der Steuererkl\u00e4rung lassen sich diese Fahrten als Werbungskosten absetzen. Ihr ArbeitgeberInnen kann Ihnen f\u00fcr diese Fahrten Fahrtkostenzusch\u00fcsse gew\u00e4hren. Pro gefahrenem Kilometer sind das 0,30 Euro. Die Fahrtkostenzusch\u00fcsse muss der ArbeitgeberInnen pauschal mit 15 Prozent versteuern. Als Arbeitnehmer sind Sie dann dazu verpflichtet, Ihre Werbungskosten um die Zusch\u00fcsse zu reduzieren.<\/span><\/p>\t\t\t\t\t\t<\/div>\n\t\t\t\t<\/div>\n\t\t\t\t\t<\/div>\n\t\t<\/div>\n\t\t\t\t\t<\/div>\n\t\t<\/section>\n\t\t\t\t<section class=\"elementor-section elementor-top-section elementor-element elementor-element-5ff2bf3 elementor-section-boxed elementor-section-height-default elementor-section-height-default\" data-id=\"5ff2bf3\" data-element_type=\"section\">\n\t\t\t\t\t\t<div class=\"elementor-container elementor-column-gap-default\">\n\t\t\t\t\t<div class=\"elementor-column elementor-col-100 elementor-top-column elementor-element elementor-element-9dde724\" data-id=\"9dde724\" data-element_type=\"column\">\n\t\t\t<div class=\"elementor-widget-wrap elementor-element-populated\">\n\t\t\t\t\t\t<div class=\"elementor-element elementor-element-504c099 elementor-widget elementor-widget-heading\" data-id=\"504c099\" data-element_type=\"widget\" data-widget_type=\"heading.default\">\n\t\t\t\t<div class=\"elementor-widget-container\">\n\t\t\t<h2 class=\"elementor-heading-title elementor-size-default\">Fahrten mit dem Privatfahrzeug zu KundInnen<\/h2>\t\t<\/div>\n\t\t\t\t<\/div>\n\t\t\t\t\t<\/div>\n\t\t<\/div>\n\t\t\t\t\t<\/div>\n\t\t<\/section>\n\t\t\t\t<section class=\"elementor-section elementor-top-section elementor-element elementor-element-ea1c418 elementor-section-boxed elementor-section-height-default elementor-section-height-default\" data-id=\"ea1c418\" data-element_type=\"section\">\n\t\t\t\t\t\t<div class=\"elementor-container elementor-column-gap-default\">\n\t\t\t\t\t<div class=\"elementor-column elementor-col-100 elementor-top-column elementor-element elementor-element-10f8c2b\" data-id=\"10f8c2b\" data-element_type=\"column\">\n\t\t\t<div class=\"elementor-widget-wrap elementor-element-populated\">\n\t\t\t\t\t\t<section class=\"elementor-section elementor-inner-section elementor-element elementor-element-714d43b elementor-section-boxed elementor-section-height-default elementor-section-height-default\" data-id=\"714d43b\" data-element_type=\"section\">\n\t\t\t\t\t\t<div class=\"elementor-container elementor-column-gap-default\">\n\t\t\t\t\t<div class=\"elementor-column elementor-col-50 elementor-inner-column elementor-element elementor-element-e88e31e\" data-id=\"e88e31e\" data-element_type=\"column\">\n\t\t\t<div class=\"elementor-widget-wrap elementor-element-populated\">\n\t\t\t\t\t\t<div class=\"elementor-element elementor-element-e5d2bf3 elementor-widget elementor-widget-image\" data-id=\"e5d2bf3\" data-element_type=\"widget\" data-widget_type=\"image.default\">\n\t\t\t\t<div class=\"elementor-widget-container\">\n\t\t\t\t\t\t\t\t\t\t\t\t\t<img decoding=\"async\" width=\"780\" height=\"455\" src=\"https:\/\/vimcar.de\/boxenstopp\/wp-content\/uploads\/2022\/05\/Privatfahrt.webp\" class=\"attachment-large size-large wp-image-34687\" alt=\"Pkw auf der Autobahn\" srcset=\"https:\/\/vimcar.de\/boxenstopp\/wp-content\/uploads\/2022\/05\/Privatfahrt.webp 780w, https:\/\/vimcar.de\/boxenstopp\/wp-content\/uploads\/2022\/05\/Privatfahrt-300x175.webp 300w, https:\/\/vimcar.de\/boxenstopp\/wp-content\/uploads\/2022\/05\/Privatfahrt-768x448.webp 768w\" sizes=\"(max-width: 780px) 100vw, 780px\" \/>\t\t\t\t\t\t\t\t\t\t\t\t\t<\/div>\n\t\t\t\t<\/div>\n\t\t\t\t\t<\/div>\n\t\t<\/div>\n\t\t\t\t<div class=\"elementor-column elementor-col-50 elementor-inner-column elementor-element elementor-element-9c9c05f\" data-id=\"9c9c05f\" data-element_type=\"column\">\n\t\t\t<div class=\"elementor-widget-wrap elementor-element-populated\">\n\t\t\t\t\t\t<div class=\"elementor-element elementor-element-aed0b76 elementor-widget elementor-widget-text-editor\" data-id=\"aed0b76\" data-element_type=\"widget\" data-widget_type=\"text-editor.default\">\n\t\t\t\t<div class=\"elementor-widget-container\">\n\t\t\t\t\t\t\t<p><span style=\"font-weight: 400;\">Wer als Arbeitnehmende mit dem Privatfahrzeug unterwegs ist, darf Abrechnungen f\u00fcr Reisekosten erstellen. F\u00fcr die die Kostenerstattung fallen dann weder Steuern noch Sozialversicherungsbeitr\u00e4ge f\u00fcr den Angestellten an. Allerdings kann es sein, dass ArbeitgeberInnen die Kosten nicht tragen. In diesem Fall k\u00f6nnen Mitarbeitende diese in der Steuererkl\u00e4rung als Werbungskosten angeben: Die Pauschale pro gefahrenem Kilometer liegt bei 0,30 Euro. Ab einer Abwesenheitsdauer von acht Stunden auf Reisen k\u00f6nnen zw\u00f6lf Euro Verpflegungsmehraufwand veranschlagt werden. Ab einer Abwesenheit von 24 Stunden erh\u00f6ht sich dieser Satz sogar auf 24 Euro.<\/span><\/p>\t\t\t\t\t\t<\/div>\n\t\t\t\t<\/div>\n\t\t\t\t\t<\/div>\n\t\t<\/div>\n\t\t\t\t\t<\/div>\n\t\t<\/section>\n\t\t\t\t\t<\/div>\n\t\t<\/div>\n\t\t\t\t\t<\/div>\n\t\t<\/section>\n\t\t\t\t<section class=\"elementor-section elementor-top-section elementor-element elementor-element-df76ed7 elementor-section-boxed elementor-section-height-default elementor-section-height-default\" data-id=\"df76ed7\" data-element_type=\"section\">\n\t\t\t\t\t\t<div class=\"elementor-container elementor-column-gap-default\">\n\t\t\t\t\t<div class=\"elementor-column elementor-col-100 elementor-top-column elementor-element elementor-element-8db06eb\" data-id=\"8db06eb\" data-element_type=\"column\">\n\t\t\t<div class=\"elementor-widget-wrap elementor-element-populated\">\n\t\t\t\t\t\t<div class=\"elementor-element elementor-element-f679674 elementor-widget elementor-widget-text-editor\" data-id=\"f679674\" data-element_type=\"widget\" data-widget_type=\"text-editor.default\">\n\t\t\t\t<div class=\"elementor-widget-container\">\n\t\t\t\t\t\t\t<p><span style=\"font-weight: 400;\">Fazit: Welche Variante am meisten Vorteile bietet, l\u00e4sst sich pauschal nicht beantworten. Hier hilft nur die pers\u00f6nliche Analyse. Sie gibt Aufschluss dar\u00fcber, ob nun der Firmenwagen oder der private PKW am besten zur individuellen Situation passen.<\/span><\/p>\t\t\t\t\t\t<\/div>\n\t\t\t\t<\/div>\n\t\t\t\t<div class=\"elementor-element elementor-element-ad238cb elementor-widget elementor-widget-heading\" data-id=\"ad238cb\" data-element_type=\"widget\" data-widget_type=\"heading.default\">\n\t\t\t\t<div class=\"elementor-widget-container\">\n\t\t\t<h2 class=\"elementor-heading-title elementor-size-default\"> Fahrtenbuch geht auch digital!<\/h2>\t\t<\/div>\n\t\t\t\t<\/div>\n\t\t\t\t<div class=\"elementor-element elementor-element-fd19561 elementor-widget elementor-widget-text-editor\" data-id=\"fd19561\" data-element_type=\"widget\" data-widget_type=\"text-editor.default\">\n\t\t\t\t<div class=\"elementor-widget-container\">\n\t\t\t\t\t\t\t<p>Ein manuelles Fahrtenbuch zu f\u00fchren muss nicht sein. Das digitale Fahrtenbuch von VIMCAR erspart Ihnen das manuelle Erfassen der Daten. Weil es alle wichtigen Informationen Ihrer Fahrten automatisch aufzeichnet. Sie m\u00fcssen die Fahrten nur noch kategorisieren. VIMCAR Kunden sparen damit nicht nur viel Zeit, sondern auch \u00f8 2.758\u20ac Steuern pro Jahr. Jetzt umsteigen!<\/p>\t\t\t\t\t\t<\/div>\n\t\t\t\t<\/div>\n\t\t\t\t<div class=\"elementor-element elementor-element-96e4614 elementor-align-center elementor-widget elementor-widget-button\" data-id=\"96e4614\" data-element_type=\"widget\" data-widget_type=\"button.default\">\n\t\t\t\t<div class=\"elementor-widget-container\">\n\t\t\t\t\t<div class=\"elementor-button-wrapper\">\n\t\t\t<a class=\"elementor-button elementor-button-link elementor-size-lg\" href=\"https:\/\/vimcar.de\/fahrtenbuch\/preise?utm_medium=organic&#038;utm_source=organic&#038;utm_campaign=de_fb_organic_organic_sale_firmenwagen-privatwagen_\" target=\"_blank\">\n\t\t\t\t\t\t<span class=\"elementor-button-content-wrapper\">\n\t\t\t\t\t\t\t\t\t<span class=\"elementor-button-text\">Mehr erfahren<\/span>\n\t\t\t\t\t<\/span>\n\t\t\t\t\t<\/a>\n\t\t<\/div>\n\t\t\t\t<\/div>\n\t\t\t\t<\/div>\n\t\t\t\t<div class=\"elementor-element elementor-element-89ba5e5 elementor-widget elementor-widget-heading\" data-id=\"89ba5e5\" data-element_type=\"widget\" data-widget_type=\"heading.default\">\n\t\t\t\t<div class=\"elementor-widget-container\">\n\t\t\t<h2 class=\"elementor-heading-title elementor-size-default\">Weitere Artikel zum Thema Digitalisierung<\/h2>\t\t<\/div>\n\t\t\t\t<\/div>\n\t\t\t\t<section class=\"elementor-section elementor-inner-section elementor-element elementor-element-f48f423 elementor-section-boxed elementor-section-height-default elementor-section-height-default\" data-id=\"f48f423\" data-element_type=\"section\">\n\t\t\t\t\t\t<div class=\"elementor-container elementor-column-gap-default\">\n\t\t\t\t\t<div class=\"elementor-column elementor-col-50 elementor-inner-column elementor-element elementor-element-22fc538\" data-id=\"22fc538\" data-element_type=\"column\">\n\t\t\t<div class=\"elementor-widget-wrap elementor-element-populated\">\n\t\t\t\t\t\t<div class=\"elementor-element elementor-element-41ec6e9 elementor-widget elementor-widget-text-editor\" data-id=\"41ec6e9\" data-element_type=\"widget\" data-widget_type=\"text-editor.default\">\n\t\t\t\t<div class=\"elementor-widget-container\">\n\t\t\t\t\t\t\t<ul><li><a href=\"https:\/\/vimcar.de\/boxenstopp\/lexikon\/fuhrparkverwaltungssoftware\/\">Fuhrparkverwaltungssoftware<\/a><\/li><li><a href=\"https:\/\/vimcar.de\/boxenstopp\/lexikon\/fuhrparkverwaltungssoftware\/\">Digitalisierung im Fuhrpark<\/a><\/li><li><a href=\"https:\/\/vimcar.de\/boxenstopp\/lexikon\/telematiksystem\/\">Telematiksystem<\/a><\/li><li><a href=\"https:\/\/vimcar.de\/boxenstopp\/lexikon\/geo-tracking\/\">Geo-Tracking<\/a><\/li><li><a href=\"https:\/\/vimcar.de\/boxenstopp\/blog\/digitale-fahrtenbuchfuehrung\/\">digitale Fahrtenbuchf\u00fchrung<\/a><\/li><li><a href=\"https:\/\/vimcar.de\/boxenstopp\/blog\/firmenwagen-privatwagen\/\">Firmenwagen vs. Privatwagen<\/a><\/li><li><a href=\"https:\/\/vimcar.de\/boxenstopp\/blog\/firmenwagenueberlassung\/\">Firmenwagen\u00fcberlassung<\/a><\/li><li><a href=\"https:\/\/vimcar.de\/boxenstopp\/lexikon\/firmenwagen\/\">Firmenwagen<\/a><\/li><li><a href=\"https:\/\/vimcar.de\/boxenstopp\/online-kurs-firmenwagenversteuerung\/\">Online Kurs zur Firmenwagen\u00fcberlassung<\/a><\/li><li><a href=\"https:\/\/vimcar.de\/boxenstopp\/blog\/was-sie-wissen-sollten-ueber-schaeden-am-firmenwagen-durch-dritte\/\">Was sie wissen sollten \u00fcber Sch\u00e4den am Firmenwagen<\/a><\/li><li><a href=\"https:\/\/vimcar.de\/boxenstopp\/blog\/uvv-pruefung-firmenwagen\/\">UVV Pr\u00fcfung Firmenwagen<\/a><\/li><li><a href=\"https:\/\/vimcar.de\/boxenstopp\/blog\/fuhrpark-der-zukunft\/\">Fuhrpark der Zukunft<\/a><\/li><li><a href=\"https:\/\/vimcar.de\/boxenstopp\/fuhrparkmanagement\/\">Fuhrparkmanagement<\/a><\/li><\/ul>\t\t\t\t\t\t<\/div>\n\t\t\t\t<\/div>\n\t\t\t\t\t<\/div>\n\t\t<\/div>\n\t\t\t\t<div class=\"elementor-column elementor-col-50 elementor-inner-column elementor-element elementor-element-49387a9\" data-id=\"49387a9\" data-element_type=\"column\">\n\t\t\t<div class=\"elementor-widget-wrap elementor-element-populated\">\n\t\t\t\t\t\t<div class=\"elementor-element elementor-element-7ba9a0b elementor-widget elementor-widget-text-editor\" data-id=\"7ba9a0b\" data-element_type=\"widget\" data-widget_type=\"text-editor.default\">\n\t\t\t\t<div class=\"elementor-widget-container\">\n\t\t\t\t\t\t\t<ul><li><a href=\"https:\/\/vimcar.de\/boxenstopp\/lexikon\/tracking-software\/\">Tracking Software<\/a><\/li><li><a href=\"https:\/\/vimcar.de\/boxenstopp\/ressourcenbereich\/fuhrparkmanagement-software-vergleich\/\">Fuhrparkmanagement Software Vergleich<\/a><\/li><li><a href=\"https:\/\/vimcar.de\/boxenstopp\/digialisierung\/foerderungen-fuer-unternehmen\/\">F\u00f6rderungen f\u00fcr Unternehmen<\/a><\/li><li><a href=\"https:\/\/vimcar.de\/boxenstopp\/blog\/digitalisierung-dienstleistungsbranche\/\">Digitalisierung in der Dienstleistungsbranche<\/a><\/li><li><a href=\"https:\/\/vimcar.de\/boxenstopp\/ressourcenbereich\/antrag-sofortprogramm-pflege\/\">Antrag zur F\u00f6rderung der Digitalisierung der Pflege<\/a><\/li><li><a href=\"https:\/\/vimcar.de\/boxenstopp\/blog\/fuhrpark-der-zukunft\/\">Fuhrpark der Zukunft<\/a><\/li><li><a href=\"https:\/\/vimcar.de\/boxenstopp\/lexikon\/asset-tracking\/\">Asset Tracking<\/a><\/li><li><a href=\"https:\/\/vimcar.de\/boxenstopp\/gruender\/foerderungen-gruender\/\">F\u00f6rderungen zur Digitalisierung von Betrieben<\/a><\/li><li><a href=\"https:\/\/vimcar.de\/boxenstopp\/ressourcenbereich\/digitalbonus-bayern\/\">Digitalbonus Bayern<\/a><\/li><li><a href=\"https:\/\/vimcar.de\/boxenstopp\/blog\/telematik-anbieter\/\">Telematik Anbieter f\u00fcr mittelst\u00e4ndische Betriebe<\/a><\/li><\/ul>\t\t\t\t\t\t<\/div>\n\t\t\t\t<\/div>\n\t\t\t\t\t<\/div>\n\t\t<\/div>\n\t\t\t\t\t<\/div>\n\t\t<\/section>\n\t\t\t\t\t<\/div>\n\t\t<\/div>\n\t\t\t\t\t<\/div>\n\t\t<\/section>\n\t\t\t\t<section class=\"elementor-section elementor-top-section elementor-element elementor-element-9c5caf8 elementor-section-boxed elementor-section-height-default elementor-section-height-default\" data-id=\"9c5caf8\" data-element_type=\"section\">\n\t\t\t\t\t\t<div class=\"elementor-container elementor-column-gap-default\">\n\t\t\t\t\t<div class=\"elementor-column elementor-col-100 elementor-top-column elementor-element elementor-element-d5b152a\" data-id=\"d5b152a\" data-element_type=\"column\">\n\t\t\t<div class=\"elementor-widget-wrap elementor-element-populated\">\n\t\t\t\t\t\t<div class=\"elementor-element elementor-element-e5bc9dc elementor-author-box--avatar-yes elementor-author-box--name-yes elementor-author-box--biography-yes elementor-author-box--link-no elementor-widget elementor-widget-author-box\" data-id=\"e5bc9dc\" data-element_type=\"widget\" data-widget_type=\"author-box.default\">\n\t\t\t\t<div class=\"elementor-widget-container\">\n\t\t\t\t\t<div class=\"elementor-author-box\">\n\t\t\t\t\t\t\t<div  class=\"elementor-author-box__avatar\">\n\t\t\t\t\t<img decoding=\"async\" src=\"https:\/\/secure.gravatar.com\/avatar\/952860854fcbe6074255f751b460c68d?s=300&#038;d=mm&#038;r=g\" alt=\"Bild von Hoang Tam Pham\" loading=\"lazy\">\n\t\t\t\t<\/div>\n\t\t\t\n\t\t\t<div class=\"elementor-author-box__text\">\n\t\t\t\t\t\t\t\t\t<div >\n\t\t\t\t\t\t<h4 class=\"elementor-author-box__name\">\n\t\t\t\t\t\t\tHoang Tam Pham\t\t\t\t\t\t<\/h4>\n\t\t\t\t\t<\/div>\n\t\t\t\t\n\t\t\t\t\t\t\t\t\t<div class=\"elementor-author-box__bio\">\n\t\t\t\t\t\t\t\t\t\t\t<\/div>\n\t\t\t\t\n\t\t\t\t\t\t\t<\/div>\n\t\t<\/div>\n\t\t\t\t<\/div>\n\t\t\t\t<\/div>\n\t\t\t\t<div class=\"elementor-element elementor-element-103e435 elementor-share-buttons--view-icon elementor-share-buttons--skin-minimal elementor-share-buttons--color-custom elementor-share-buttons--shape-square elementor-grid-0 elementor-widget elementor-widget-global elementor-global-9354 elementor-widget-share-buttons\" data-id=\"103e435\" data-element_type=\"widget\" data-widget_type=\"share-buttons.default\">\n\t\t\t\t<div class=\"elementor-widget-container\">\n\t\t\t\t\t<div class=\"elementor-grid\">\n\t\t\t\t\t\t\t\t<div class=\"elementor-grid-item\">\n\t\t\t\t\t\t<div\n\t\t\t\t\t\t\tclass=\"elementor-share-btn elementor-share-btn_facebook\"\n\t\t\t\t\t\t\trole=\"button\"\n\t\t\t\t\t\t\ttabindex=\"0\"\n\t\t\t\t\t\t\taria-label=\"Teilen auf facebook\"\n\t\t\t\t\t\t>\n\t\t\t\t\t\t\t\t\t\t\t\t\t\t\t<span class=\"elementor-share-btn__icon\">\n\t\t\t\t\t\t\t\t<svg class=\"e-font-icon-svg e-fab-facebook\" viewBox=\"0 0 512 512\" xmlns=\"http:\/\/www.w3.org\/2000\/svg\"><path d=\"M504 256C504 119 393 8 256 8S8 119 8 256c0 123.78 90.69 226.38 209.25 245V327.69h-63V256h63v-54.64c0-62.15 37-96.48 93.67-96.48 27.14 0 55.52 4.84 55.52 4.84v61h-31.28c-30.8 0-40.41 19.12-40.41 38.73V256h68.78l-11 71.69h-57.78V501C413.31 482.38 504 379.78 504 256z\"><\/path><\/svg>\t\t\t\t\t\t\t<\/span>\n\t\t\t\t\t\t\t\t\t\t\t\t\t\t\t\t\t\t\t\t<\/div>\n\t\t\t\t\t<\/div>\n\t\t\t\t\t\t\t\t\t<div class=\"elementor-grid-item\">\n\t\t\t\t\t\t<div\n\t\t\t\t\t\t\tclass=\"elementor-share-btn elementor-share-btn_twitter\"\n\t\t\t\t\t\t\trole=\"button\"\n\t\t\t\t\t\t\ttabindex=\"0\"\n\t\t\t\t\t\t\taria-label=\"Teilen auf twitter\"\n\t\t\t\t\t\t>\n\t\t\t\t\t\t\t\t\t\t\t\t\t\t\t<span class=\"elementor-share-btn__icon\">\n\t\t\t\t\t\t\t\t<svg class=\"e-font-icon-svg e-fab-twitter\" viewBox=\"0 0 512 512\" xmlns=\"http:\/\/www.w3.org\/2000\/svg\"><path d=\"M459.37 151.716c.325 4.548.325 9.097.325 13.645 0 138.72-105.583 298.558-298.558 298.558-59.452 0-114.68-17.219-161.137-47.106 8.447.974 16.568 1.299 25.34 1.299 49.055 0 94.213-16.568 130.274-44.832-46.132-.975-84.792-31.188-98.112-72.772 6.498.974 12.995 1.624 19.818 1.624 9.421 0 18.843-1.3 27.614-3.573-48.081-9.747-84.143-51.98-84.143-102.985v-1.299c13.969 7.797 30.214 12.67 47.431 13.319-28.264-18.843-46.781-51.005-46.781-87.391 0-19.492 5.197-37.36 14.294-52.954 51.655 63.675 129.3 105.258 216.365 109.807-1.624-7.797-2.599-15.918-2.599-24.04 0-57.828 46.782-104.934 104.934-104.934 30.213 0 57.502 12.67 76.67 33.137 23.715-4.548 46.456-13.32 66.599-25.34-7.798 24.366-24.366 44.833-46.132 57.827 21.117-2.273 41.584-8.122 60.426-16.243-14.292 20.791-32.161 39.308-52.628 54.253z\"><\/path><\/svg>\t\t\t\t\t\t\t<\/span>\n\t\t\t\t\t\t\t\t\t\t\t\t\t\t\t\t\t\t\t\t<\/div>\n\t\t\t\t\t<\/div>\n\t\t\t\t\t\t\t\t\t<div class=\"elementor-grid-item\">\n\t\t\t\t\t\t<div\n\t\t\t\t\t\t\tclass=\"elementor-share-btn elementor-share-btn_linkedin\"\n\t\t\t\t\t\t\trole=\"button\"\n\t\t\t\t\t\t\ttabindex=\"0\"\n\t\t\t\t\t\t\taria-label=\"Teilen auf linkedin\"\n\t\t\t\t\t\t>\n\t\t\t\t\t\t\t\t\t\t\t\t\t\t\t<span class=\"elementor-share-btn__icon\">\n\t\t\t\t\t\t\t\t<svg class=\"e-font-icon-svg e-fab-linkedin\" viewBox=\"0 0 448 512\" xmlns=\"http:\/\/www.w3.org\/2000\/svg\"><path d=\"M416 32H31.9C14.3 32 0 46.5 0 64.3v383.4C0 465.5 14.3 480 31.9 480H416c17.6 0 32-14.5 32-32.3V64.3c0-17.8-14.4-32.3-32-32.3zM135.4 416H69V202.2h66.5V416zm-33.2-243c-21.3 0-38.5-17.3-38.5-38.5S80.9 96 102.2 96c21.2 0 38.5 17.3 38.5 38.5 0 21.3-17.2 38.5-38.5 38.5zm282.1 243h-66.4V312c0-24.8-.5-56.7-34.5-56.7-34.6 0-39.9 27-39.9 54.9V416h-66.4V202.2h63.7v29.2h.9c8.9-16.8 30.6-34.5 62.9-34.5 67.2 0 79.7 44.3 79.7 101.9V416z\"><\/path><\/svg>\t\t\t\t\t\t\t<\/span>\n\t\t\t\t\t\t\t\t\t\t\t\t\t\t\t\t\t\t\t\t<\/div>\n\t\t\t\t\t<\/div>\n\t\t\t\t\t\t\t\t\t<div class=\"elementor-grid-item\">\n\t\t\t\t\t\t<div\n\t\t\t\t\t\t\tclass=\"elementor-share-btn elementor-share-btn_pinterest\"\n\t\t\t\t\t\t\trole=\"button\"\n\t\t\t\t\t\t\ttabindex=\"0\"\n\t\t\t\t\t\t\taria-label=\"Teilen auf pinterest\"\n\t\t\t\t\t\t>\n\t\t\t\t\t\t\t\t\t\t\t\t\t\t\t<span class=\"elementor-share-btn__icon\">\n\t\t\t\t\t\t\t\t<svg class=\"e-font-icon-svg e-fab-pinterest\" viewBox=\"0 0 496 512\" xmlns=\"http:\/\/www.w3.org\/2000\/svg\"><path d=\"M496 256c0 137-111 248-248 248-25.6 0-50.2-3.9-73.4-11.1 10.1-16.5 25.2-43.5 30.8-65 3-11.6 15.4-59 15.4-59 8.1 15.4 31.7 28.5 56.8 28.5 74.8 0 128.7-68.8 128.7-154.3 0-81.9-66.9-143.2-152.9-143.2-107 0-163.9 71.8-163.9 150.1 0 36.4 19.4 81.7 50.3 96.1 4.7 2.2 7.2 1.2 8.3-3.3.8-3.4 5-20.3 6.9-28.1.6-2.5.3-4.7-1.7-7.1-10.1-12.5-18.3-35.3-18.3-56.6 0-54.7 41.4-107.6 112-107.6 60.9 0 103.6 41.5 103.6 100.9 0 67.1-33.9 113.6-78 113.6-24.3 0-42.6-20.1-36.7-44.8 7-29.5 20.5-61.3 20.5-82.6 0-19-10.2-34.9-31.4-34.9-24.9 0-44.9 25.7-44.9 60.2 0 22 7.4 36.8 7.4 36.8s-24.5 103.8-29 123.2c-5 21.4-3 51.6-.9 71.2C65.4 450.9 0 361.1 0 256 0 119 111 8 248 8s248 111 248 248z\"><\/path><\/svg>\t\t\t\t\t\t\t<\/span>\n\t\t\t\t\t\t\t\t\t\t\t\t\t\t\t\t\t\t\t\t<\/div>\n\t\t\t\t\t<\/div>\n\t\t\t\t\t\t<\/div>\n\t\t\t\t<\/div>\n\t\t\t\t<\/div>\n\t\t\t\t\t<\/div>\n\t\t<\/div>\n\t\t\t\t\t<\/div>\n\t\t<\/section>\n\t\t\t\t<\/div>\n\t\t","protected":false},"excerpt":{"rendered":"<p>Bevor man bei einem Firmenwagen zugreift, sollte man genau wissen, welche versteckten Kosten auf die FahrerInnen warten. Aber ab wann lohnt es sich, den Privatwagen aufzugeben, wann nicht? Wir kl\u00e4ren auf. Privatauto oder Firmenwagen Ob als Au\u00dfendienstlerInnen oder im Management \u2013 viele ArbeitnehmerInnen bekommen vom Unternehmen einen Firmenwagen gestellt. So entfielen 2020 demnach 63 Prozent [&hellip;]<\/p>\n","protected":false},"author":74,"featured_media":34691,"comment_status":"open","ping_status":"closed","sticky":false,"template":"","format":"standard","meta":{"footnotes":"","mc4wp_mailchimp_campaign":[],"_wp_rev_ctl_limit":""},"categories":[4444],"tags":[5879],"yoast_head":"<!-- This site is optimized with the Yoast SEO Premium plugin v21.5 (Yoast SEO v21.5) - https:\/\/yoast.com\/wordpress\/plugins\/seo\/ -->\n<title>Firmenwagen oder Privatfahrzeug: Preiswert fahren<\/title>\n<meta name=\"description\" content=\"Wann lohnt es sich einen Firmenwagen oder Privatauto f\u00fcr dienstliche Zwecke zu nutzen? Finden Sie hier alle preiswerten Optionen.\" \/>\n<meta name=\"robots\" content=\"index, follow, max-snippet:-1, max-image-preview:large, max-video-preview:-1\" \/>\n<link rel=\"canonical\" href=\"https:\/\/vimcar.de\/boxenstopp\/blog\/firmenwagen-privatwagen\/\" \/>\n<meta property=\"og:locale\" content=\"de_DE\" \/>\n<meta property=\"og:type\" content=\"article\" \/>\n<meta property=\"og:title\" content=\"Firmenwagen oder Privatfahrzeug: Preiswert fahren\" \/>\n<meta property=\"og:description\" content=\"Wann lohnt es sich einen Firmenwagen oder Privatauto f\u00fcr dienstliche Zwecke zu nutzen? Finden Sie hier alle preiswerten Optionen.\" \/>\n<meta property=\"og:url\" content=\"https:\/\/vimcar.de\/boxenstopp\/blog\/firmenwagen-privatwagen\/\" \/>\n<meta property=\"og:site_name\" content=\"Vimcar Boxenstopp\" \/>\n<meta property=\"article:publisher\" content=\"https:\/\/www.facebook.com\/vimcar\" \/>\n<meta property=\"article:published_time\" content=\"2022-05-05T13:42:26+00:00\" \/>\n<meta property=\"article:modified_time\" content=\"2023-08-31T14:44:48+00:00\" \/>\n<meta property=\"og:image\" content=\"https:\/\/vimcar.de\/boxenstopp\/wp-content\/uploads\/2022\/05\/Privat-oder-Firmenwagenfahrt.webp\" \/>\n\t<meta property=\"og:image:width\" content=\"780\" \/>\n\t<meta property=\"og:image:height\" content=\"455\" \/>\n\t<meta property=\"og:image:type\" content=\"image\/webp\" \/>\n<meta name=\"author\" content=\"Hoang Tam Pham\" \/>\n<meta name=\"twitter:card\" content=\"summary_large_image\" \/>\n<meta name=\"twitter:creator\" content=\"@hoang.tam.pham@vimcar.com\" \/>\n<meta name=\"twitter:site\" content=\"@goVimcar\" \/>\n<meta name=\"twitter:label1\" content=\"Verfasst von\" \/>\n\t<meta name=\"twitter:data1\" content=\"Hoang Tam Pham\" \/>\n\t<meta name=\"twitter:label2\" content=\"Gesch\u00e4tzte Lesezeit\" \/>\n\t<meta name=\"twitter:data2\" content=\"7\u00a0Minuten\" \/>\n<!-- \/ Yoast SEO Premium plugin. -->","yoast_head_json":{"title":"Firmenwagen oder Privatfahrzeug: Preiswert fahren","description":"Wann lohnt es sich einen Firmenwagen oder Privatauto f\u00fcr dienstliche Zwecke zu nutzen? Finden Sie hier alle preiswerten Optionen.","robots":{"index":"index","follow":"follow","max-snippet":"max-snippet:-1","max-image-preview":"max-image-preview:large","max-video-preview":"max-video-preview:-1"},"canonical":"https:\/\/vimcar.de\/boxenstopp\/blog\/firmenwagen-privatwagen\/","og_locale":"de_DE","og_type":"article","og_title":"Firmenwagen oder Privatfahrzeug: Preiswert fahren","og_description":"Wann lohnt es sich einen Firmenwagen oder Privatauto f\u00fcr dienstliche Zwecke zu nutzen? Finden Sie hier alle preiswerten Optionen.","og_url":"https:\/\/vimcar.de\/boxenstopp\/blog\/firmenwagen-privatwagen\/","og_site_name":"Vimcar Boxenstopp","article_publisher":"https:\/\/www.facebook.com\/vimcar","article_published_time":"2022-05-05T13:42:26+00:00","article_modified_time":"2023-08-31T14:44:48+00:00","og_image":[{"width":780,"height":455,"url":"https:\/\/vimcar.de\/boxenstopp\/wp-content\/uploads\/2022\/05\/Privat-oder-Firmenwagenfahrt.webp","type":"image\/webp"}],"author":"Hoang Tam Pham","twitter_card":"summary_large_image","twitter_creator":"@hoang.tam.pham@vimcar.com","twitter_site":"@goVimcar","twitter_misc":{"Verfasst von":"Hoang Tam Pham","Gesch\u00e4tzte Lesezeit":"7\u00a0Minuten"},"schema":{"@context":"https:\/\/schema.org","@graph":[{"@type":"Article","@id":"https:\/\/vimcar.de\/boxenstopp\/blog\/firmenwagen-privatwagen\/#article","isPartOf":{"@id":"https:\/\/vimcar.de\/boxenstopp\/blog\/firmenwagen-privatwagen\/"},"author":{"name":"Hoang Tam Pham","@id":"https:\/\/vimcar.de\/boxenstopp\/#\/schema\/person\/fd4558e260e57a027c9338c8844b7e97"},"headline":"Firmenwagen oder Privatfahrzeug: Preiswert fahren","datePublished":"2022-05-05T13:42:26+00:00","dateModified":"2023-08-31T14:44:48+00:00","mainEntityOfPage":{"@id":"https:\/\/vimcar.de\/boxenstopp\/blog\/firmenwagen-privatwagen\/"},"wordCount":1093,"commentCount":0,"publisher":{"@id":"https:\/\/vimcar.de\/boxenstopp\/#organization"},"keywords":["Versteuerung"],"articleSection":["Blog"],"inLanguage":"de","potentialAction":[{"@type":"CommentAction","name":"Comment","target":["https:\/\/vimcar.de\/boxenstopp\/blog\/firmenwagen-privatwagen\/#respond"]}]},{"@type":"WebPage","@id":"https:\/\/vimcar.de\/boxenstopp\/blog\/firmenwagen-privatwagen\/","url":"https:\/\/vimcar.de\/boxenstopp\/blog\/firmenwagen-privatwagen\/","name":"Firmenwagen oder Privatfahrzeug: Preiswert fahren","isPartOf":{"@id":"https:\/\/vimcar.de\/boxenstopp\/#website"},"datePublished":"2022-05-05T13:42:26+00:00","dateModified":"2023-08-31T14:44:48+00:00","description":"Wann lohnt es sich einen Firmenwagen oder Privatauto f\u00fcr dienstliche Zwecke zu nutzen? Finden Sie hier alle preiswerten Optionen.","breadcrumb":{"@id":"https:\/\/vimcar.de\/boxenstopp\/blog\/firmenwagen-privatwagen\/#breadcrumb"},"inLanguage":"de","potentialAction":[{"@type":"ReadAction","target":["https:\/\/vimcar.de\/boxenstopp\/blog\/firmenwagen-privatwagen\/"]}]},{"@type":"BreadcrumbList","@id":"https:\/\/vimcar.de\/boxenstopp\/blog\/firmenwagen-privatwagen\/#breadcrumb","itemListElement":[{"@type":"ListItem","position":1,"name":"Startseite","item":"https:\/\/vimcar.de\/boxenstopp\/"},{"@type":"ListItem","position":2,"name":"Firmenwagen oder Privatfahrzeug: Preiswert fahren"}]},{"@type":"WebSite","@id":"https:\/\/vimcar.de\/boxenstopp\/#website","url":"https:\/\/vimcar.de\/boxenstopp\/","name":"Vimcar Boxenstopp","description":"- Die Lernplattform f\u00fcr Fuhrparkleiter","publisher":{"@id":"https:\/\/vimcar.de\/boxenstopp\/#organization"},"potentialAction":[{"@type":"SearchAction","target":{"@type":"EntryPoint","urlTemplate":"https:\/\/vimcar.de\/boxenstopp\/?s={search_term_string}"},"query-input":"required name=search_term_string"}],"inLanguage":"de"},{"@type":"Organization","@id":"https:\/\/vimcar.de\/boxenstopp\/#organization","name":"Vimcar Boxenstopp - Fuhrparkwissen","url":"https:\/\/vimcar.de\/boxenstopp\/","logo":{"@type":"ImageObject","inLanguage":"de","@id":"https:\/\/vimcar.de\/boxenstopp\/#\/schema\/logo\/image\/","url":"https:\/\/vimcar.de\/boxenstopp\/wp-content\/uploads\/2020\/10\/logo-vimcar-boxenstopp.png","contentUrl":"https:\/\/vimcar.de\/boxenstopp\/wp-content\/uploads\/2020\/10\/logo-vimcar-boxenstopp.png","width":250,"height":50,"caption":"Vimcar Boxenstopp - Fuhrparkwissen"},"image":{"@id":"https:\/\/vimcar.de\/boxenstopp\/#\/schema\/logo\/image\/"},"sameAs":["https:\/\/www.facebook.com\/vimcar","https:\/\/twitter.com\/goVimcar","https:\/\/www.instagram.com\/vimcar_official\/","https:\/\/de.linkedin.com\/company\/vimcar","https:\/\/www.pinterest.de\/vimcar\/","https:\/\/www.youtube.com\/channel\/UCWRajoA7OnWsAw-ezAahZPg"]},{"@type":"Person","@id":"https:\/\/vimcar.de\/boxenstopp\/#\/schema\/person\/fd4558e260e57a027c9338c8844b7e97","name":"Hoang Tam Pham","sameAs":["https:\/\/www.linkedin.com\/in\/hoang-tam-pham\/","https:\/\/twitter.com\/hoang.tam.pham@vimcar.com"]}]}},"_links":{"self":[{"href":"https:\/\/vimcar.de\/boxenstopp\/wp-json\/wp\/v2\/posts\/34683"}],"collection":[{"href":"https:\/\/vimcar.de\/boxenstopp\/wp-json\/wp\/v2\/posts"}],"about":[{"href":"https:\/\/vimcar.de\/boxenstopp\/wp-json\/wp\/v2\/types\/post"}],"author":[{"embeddable":true,"href":"https:\/\/vimcar.de\/boxenstopp\/wp-json\/wp\/v2\/users\/74"}],"replies":[{"embeddable":true,"href":"https:\/\/vimcar.de\/boxenstopp\/wp-json\/wp\/v2\/comments?post=34683"}],"version-history":[{"count":0,"href":"https:\/\/vimcar.de\/boxenstopp\/wp-json\/wp\/v2\/posts\/34683\/revisions"}],"wp:featuredmedia":[{"embeddable":true,"href":"https:\/\/vimcar.de\/boxenstopp\/wp-json\/wp\/v2\/media\/34691"}],"wp:attachment":[{"href":"https:\/\/vimcar.de\/boxenstopp\/wp-json\/wp\/v2\/media?parent=34683"}],"wp:term":[{"taxonomy":"category","embeddable":true,"href":"https:\/\/vimcar.de\/boxenstopp\/wp-json\/wp\/v2\/categories?post=34683"},{"taxonomy":"post_tag","embeddable":true,"href":"https:\/\/vimcar.de\/boxenstopp\/wp-json\/wp\/v2\/tags?post=34683"}],"curies":[{"name":"wp","href":"https:\/\/api.w.org\/{rel}","templated":true}]}}